{"id":8837,"date":"1100-07-17T11:39:29","date_gmt":"1100-07-17T11:39:29","guid":{"rendered":"https:\/\/www.childrenfirst.ch\/?p=8837"},"modified":"2026-07-17T11:39:45","modified_gmt":"2026-07-17T11:39:45","slug":"reggio-emilia-ansatz-children-first-zuerich","status":"publish","type":"post","link":"https:\/\/www.childrenfirst.ch\/de\/reggio-emilia-ansatz-children-first-zuerich\/","title":{"rendered":"Catherine, Princess of Wales, und die Inspiration aus Reggio Emilia"},"content":{"rendered":"<p class=\"PDq2pG_selectionAnchorContainer\" data-start=\"894\" data-end=\"1310\">Der j\u00fcngste Besuch von Catherine, Princess of Wales, in Reggio Emilia hat meine Aufmerksamkeit geweckt. Da wir beide eine Schule besucht haben, in der Kreativit\u00e4t und die K\u00fcnste einen hohen Stellenwert hatten, habe ich mich besonders \u00fcber ihre Gedanken zur wegweisenden Arbeit des Malaguzzi-Zentrums gefreut. Dort schaffen Bildungsr\u00e4ume ein Umfeld, das Kreativit\u00e4t, Beziehungen und das menschliche Potenzial f\u00f6rdert.<\/p>\n<blockquote data-start=\"1312\" data-end=\"1630\">\n<p data-start=\"1314\" data-end=\"1630\"><em data-start=\"1314\" data-end=\"1595\">\u201eIch habe selbst erlebt, wie Natur und Kreativit\u00e4t Beziehungen in den Mittelpunkt der Welt der Kinder stellen k\u00f6nnen [&#8230;]. Unsere Aufgabe in der fr\u00fchen Kindheit besteht darin, jene Verbindungen zu sch\u00fctzen und zu f\u00f6rdern, die die Grundlage f\u00fcr lebenslanges Wohlbefinden bilden.\u201c<\/em>\u2014 Catherine, Princess of Wales<\/p>\n<\/blockquote>\n<h2 data-section-id=\"1oyq9r0\" data-start=\"1632\" data-end=\"1667\">Mein Besuch im Malaguzzi-Zentrum<\/h2>\n<p data-start=\"1669\" data-end=\"2145\">Vor sechs Jahren hatte ich selbst die Gelegenheit, Reggio Emilia zu besuchen. Ich begegnete dort einer Bildungsphilosophie, die eng mit einer gelebten Kultur des Lernens verbunden ist. Besonders beeindruckt hat mich der gro\u00dfe Respekt gegen\u00fcber Kindern, der sich in jeder Entscheidung widerspiegelte \u2013 von sorgf\u00e4ltig ausgew\u00e4hlten Kunstmaterialien \u00fcber inspirierende Lernumgebungen bis hin zu K\u00fcnstlerinnen und K\u00fcnstlern, die gemeinsam mit P\u00e4dagoginnen und P\u00e4dagogen arbeiteten.<\/p>\n<h2 data-section-id=\"1vsqkzu\" data-start=\"2147\" data-end=\"2197\">Warum der Reggio-Emilia-Ansatz so besonders ist<\/h2>\n<p data-start=\"2199\" data-end=\"2497\">Der Reggio-Emilia-Ansatz hat sich in den vergangenen Jahrzehnten kontinuierlich weiterentwickelt und einen bedeutenden Beitrag zum Verst\u00e4ndnis der fr\u00fchkindlichen Entwicklung geleistet. Im Mittelpunkt steht die \u00dcberzeugung, dass Kinder kompetente, kreative und ausdrucksstarke Pers\u00f6nlichkeiten sind.<\/p>\n<p data-start=\"2499\" data-end=\"2813\">Die Lernumgebung wird dabei zum \u201edritten P\u00e4dagogen\u201c. Licht, R\u00e4ume und Materialien f\u00f6rdern Entdeckungsfreude und eigenst\u00e4ndiges Denken. Ebenso wichtig sind Gespr\u00e4che, Beziehungen und gemeinsames Lernen. Kinder werden nicht als passive Lernende betrachtet, sondern als aktive Mitgestalter ihres eigenen Bildungswegs.<\/p>\n<p data-start=\"2815\" data-end=\"3326\">Besonders eindrucksvoll war f\u00fcr mich zu sehen, wie bewusst Lernr\u00e4ume geschaffen wurden, in denen Kinder Fragen stellen, gemeinsam L\u00f6sungen entwickeln und sich auf vielf\u00e4ltige Weise ausdr\u00fccken konnten. Lernen wurde nicht beschleunigt, sondern durfte sich in seinem eigenen Tempo entfalten. Kindheit wurde mit gro\u00dfer Wertsch\u00e4tzung und Ernsthaftigkeit begleitet \u2013 nicht als starres Modell zum Kopieren, sondern als Inspiration daf\u00fcr, wie wichtig emotionale Sicherheit und Beziehungen f\u00fcr erfolgreiches Lernen sind.<\/p>\n<h2 data-section-id=\"1dfxqow\" data-start=\"3328\" data-end=\"3381\">Der Reggio-Emilia-Ansatz bei Children First Z\u00fcrich<\/h2>\n<p data-start=\"3383\" data-end=\"3680\">Bei Children First Z\u00fcrich integrieren wir die besten internationalen Bildungsans\u00e4tze durch Besuche innovativer Schulen sowie kontinuierliche Fortbildung unseres Teams. Bew\u00e4hrte p\u00e4dagogische Konzepte und aktuelle wissenschaftliche Erkenntnisse flie\u00dfen in unsere t\u00e4gliche Arbeit mit den Kindern ein.<\/p>\n<p data-start=\"3682\" data-end=\"4095\">Seit 2024 ist der Reggio-Emilia-Ansatz ein fester Bestandteil unseres p\u00e4dagogischen Konzepts. Unsere w\u00f6chentlichen Kunstateliers unter der Leitung von Bianca Gasparro von KidsAtelier f\u00f6rdern Kreativit\u00e4t, Neugier und selbstst\u00e4ndiges Denken. Wir freuen uns darauf, diese Arbeit in unserem neuen, nach den Prinzipien von Reggio Emilia gestalteten Bildungszentrum an der Bellerivestrasse 203 in Z\u00fcrich weiterzuf\u00fchren.<\/p>\n<h2 data-section-id=\"1cp5u20\" data-start=\"4097\" data-end=\"4120\">Blick in die Zukunft<\/h2>\n<p data-start=\"4122\" data-end=\"4473\">Der Reggio-Emilia-Ansatz erinnert uns daran, dass Bildung mit menschlicher Verbundenheit beginnt. Die ersten Lebensjahre legen den Grundstein f\u00fcr Selbstvertrauen, Kreativit\u00e4t und lebenslange Freude am Lernen. Als P\u00e4dagoginnen und P\u00e4dagogen erleben wir t\u00e4glich, wie entscheidend diese fr\u00fchen Erfahrungen f\u00fcr die Entwicklung des kindlichen Gehirns sind.<\/p>\n<p data-start=\"4475\" data-end=\"4706\">W\u00e4hrend Children First Z\u00fcrich ein neues Kapitel beginnt, werden diese Werte auch weiterhin unser Handeln pr\u00e4gen. Unser Ziel ist es, Lernumgebungen zu schaffen, in denen Kinder sich akademisch, sozial und emotional entfalten k\u00f6nnen.<\/p>\n<p data-start=\"4708\" data-end=\"4770\"><strong data-start=\"4708\" data-end=\"4730\">Monica Shah Zeeman<\/strong><br data-start=\"4730\" data-end=\"4733\" \/><em data-start=\"4733\" data-end=\"4770\">Gr\u00fcnderin von Children First Z\u00fcrich<\/em><\/p>\n","protected":false},"excerpt":{"rendered":"<p>Der Reggio-Emilia-Ansatz inspiriert Children First Z\u00fcrich, Kreativit\u00e4t, Beziehungen und kindzentriertes Lernen in den Mittelpunkt der fr\u00fchkindlichen Bildung zu stellen. Monica Shah Zeeman berichtet von ihrem Besuch im Malaguzzi-Zentrum und zeigt, wie diese Philosophie die p\u00e4dagogische Arbeit bis heute pr\u00e4gt.<\/p>\n","protected":false},"author":5,"featured_media":8835,"comment_status":"closed","ping_status":"closed","sticky":false,"template":"","format":"standard","meta":{"_acf_changed":false,"footnotes":""},"categories":[25,15,4],"tags":[],"class_list":["post-8837","post","type-post","status-publish","format-standard","has-post-thumbnail","hentry","category-homepage-de","category-konzept","category-unkategorisiert"],"acf":[],"yoast_head":"<!-- This site is optimized with the Yoast SEO plugin v28.2 - https:\/\/yoast.com\/product\/yoast-seo-wordpress\/ -->\n<title>Der Reggio-Emilia-Ansatz: Kreativit\u00e4t, Verbindung &amp; fr\u00fche Bildung<\/title>\n<meta name=\"description\" content=\"Wie der Reggio-Emilia-Ansatz Children First Z\u00fcrich inspiriert: Kreativit\u00e4t, Beziehungen und kindzentriertes Lernen f\u00fcr eine starke fr\u00fchkindliche Entwicklung.\" \/>\n<meta name=\"robots\" content=\"index, follow, max-snippet:-1, max-image-preview:large, max-video-preview:-1\" \/>\n<link rel=\"canonical\" href=\"https:\/\/www.childrenfirst.ch\/de\/reggio-emilia-ansatz-children-first-zuerich\/\" \/>\n<meta property=\"og:locale\" content=\"de_DE\" \/>\n<meta property=\"og:type\" content=\"article\" \/>\n<meta property=\"og:title\" content=\"Der Reggio-Emilia-Ansatz: Kreativit\u00e4t, Verbindung &amp; fr\u00fche Bildung\" \/>\n<meta property=\"og:description\" content=\"Wie der Reggio-Emilia-Ansatz Children First Z\u00fcrich inspiriert: Kreativit\u00e4t, Beziehungen und kindzentriertes Lernen f\u00fcr eine starke fr\u00fchkindliche Entwicklung.\" \/>\n<meta property=\"og:url\" content=\"https:\/\/www.childrenfirst.ch\/de\/reggio-emilia-ansatz-children-first-zuerich\/\" \/>\n<meta property=\"og:site_name\" content=\"Children First\" \/>\n<meta property=\"article:published_time\" content=\"1100-07-17T11:39:29+00:00\" \/>\n<meta property=\"article:modified_time\" content=\"2026-07-17T11:39:45+00:00\" \/>\n<meta property=\"og:image\" content=\"https:\/\/www.childrenfirst.ch\/wp-content\/uploads\/2026\/07\/IMG_1920.jpeg\" \/>\n\t<meta property=\"og:image:width\" content=\"686\" \/>\n\t<meta property=\"og:image:height\" content=\"266\" \/>\n\t<meta property=\"og:image:type\" content=\"image\/jpeg\" \/>\n<meta name=\"author\" content=\"Alissa Buff\" \/>\n<meta name=\"twitter:card\" content=\"summary_large_image\" \/>\n<meta name=\"twitter:label1\" content=\"Verfasst von\" \/>\n\t<meta name=\"twitter:data1\" content=\"Alissa Buff\" \/>\n\t<meta name=\"twitter:label2\" content=\"Gesch\u00e4tzte Lesezeit\" \/>\n\t<meta name=\"twitter:data2\" content=\"3\u00a0Minuten\" \/>\n<script type=\"application\/ld+json\" class=\"yoast-schema-graph\">{\"@context\":\"https:\\\/\\\/schema.org\",\"@graph\":[{\"@type\":\"Article\",\"@id\":\"https:\\\/\\\/www.childrenfirst.ch\\\/de\\\/reggio-emilia-ansatz-children-first-zuerich\\\/#article\",\"isPartOf\":{\"@id\":\"https:\\\/\\\/www.childrenfirst.ch\\\/de\\\/reggio-emilia-ansatz-children-first-zuerich\\\/\"},\"author\":{\"name\":\"Alissa Buff\",\"@id\":\"https:\\\/\\\/www.childrenfirst.ch\\\/de\\\/#\\\/schema\\\/person\\\/68668a5470b3a0ee210fb900f0f60f13\"},\"headline\":\"Catherine, Princess of Wales, und die Inspiration aus Reggio Emilia\",\"datePublished\":\"1100-07-17T11:39:29+00:00\",\"dateModified\":\"2026-07-17T11:39:45+00:00\",\"mainEntityOfPage\":{\"@id\":\"https:\\\/\\\/www.childrenfirst.ch\\\/de\\\/reggio-emilia-ansatz-children-first-zuerich\\\/\"},\"wordCount\":566,\"publisher\":{\"@id\":\"https:\\\/\\\/www.childrenfirst.ch\\\/de\\\/#organization\"},\"image\":{\"@id\":\"https:\\\/\\\/www.childrenfirst.ch\\\/de\\\/reggio-emilia-ansatz-children-first-zuerich\\\/#primaryimage\"},\"thumbnailUrl\":\"https:\\\/\\\/www.childrenfirst.ch\\\/wp-content\\\/uploads\\\/2026\\\/07\\\/IMG_1920.jpeg\",\"articleSection\":[\"Homepage\",\"Konzept\",\"Unkategorisiert\"],\"inLanguage\":\"de\"},{\"@type\":\"WebPage\",\"@id\":\"https:\\\/\\\/www.childrenfirst.ch\\\/de\\\/reggio-emilia-ansatz-children-first-zuerich\\\/\",\"url\":\"https:\\\/\\\/www.childrenfirst.ch\\\/de\\\/reggio-emilia-ansatz-children-first-zuerich\\\/\",\"name\":\"Der Reggio-Emilia-Ansatz: Kreativit\u00e4t, Verbindung & fr\u00fche Bildung\",\"isPartOf\":{\"@id\":\"https:\\\/\\\/www.childrenfirst.ch\\\/de\\\/#website\"},\"primaryImageOfPage\":{\"@id\":\"https:\\\/\\\/www.childrenfirst.ch\\\/de\\\/reggio-emilia-ansatz-children-first-zuerich\\\/#primaryimage\"},\"image\":{\"@id\":\"https:\\\/\\\/www.childrenfirst.ch\\\/de\\\/reggio-emilia-ansatz-children-first-zuerich\\\/#primaryimage\"},\"thumbnailUrl\":\"https:\\\/\\\/www.childrenfirst.ch\\\/wp-content\\\/uploads\\\/2026\\\/07\\\/IMG_1920.jpeg\",\"datePublished\":\"1100-07-17T11:39:29+00:00\",\"dateModified\":\"2026-07-17T11:39:45+00:00\",\"description\":\"Wie der Reggio-Emilia-Ansatz Children First Z\u00fcrich inspiriert: Kreativit\u00e4t, Beziehungen und kindzentriertes Lernen f\u00fcr eine starke fr\u00fchkindliche Entwicklung.\",\"breadcrumb\":{\"@id\":\"https:\\\/\\\/www.childrenfirst.ch\\\/de\\\/reggio-emilia-ansatz-children-first-zuerich\\\/#breadcrumb\"},\"inLanguage\":\"de\",\"potentialAction\":[{\"@type\":\"ReadAction\",\"target\":[\"https:\\\/\\\/www.childrenfirst.ch\\\/de\\\/reggio-emilia-ansatz-children-first-zuerich\\\/\"]}]},{\"@type\":\"ImageObject\",\"inLanguage\":\"de\",\"@id\":\"https:\\\/\\\/www.childrenfirst.ch\\\/de\\\/reggio-emilia-ansatz-children-first-zuerich\\\/#primaryimage\",\"url\":\"https:\\\/\\\/www.childrenfirst.ch\\\/wp-content\\\/uploads\\\/2026\\\/07\\\/IMG_1920.jpeg\",\"contentUrl\":\"https:\\\/\\\/www.childrenfirst.ch\\\/wp-content\\\/uploads\\\/2026\\\/07\\\/IMG_1920.jpeg\",\"width\":686,\"height\":266,\"caption\":\"Screenshot\"},{\"@type\":\"BreadcrumbList\",\"@id\":\"https:\\\/\\\/www.childrenfirst.ch\\\/de\\\/reggio-emilia-ansatz-children-first-zuerich\\\/#breadcrumb\",\"itemListElement\":[{\"@type\":\"ListItem\",\"position\":1,\"name\":\"Home\",\"item\":\"https:\\\/\\\/www.childrenfirst.ch\\\/de\\\/\"},{\"@type\":\"ListItem\",\"position\":2,\"name\":\"Catherine, Princess of Wales, und die Inspiration aus Reggio Emilia\"}]},{\"@type\":\"WebSite\",\"@id\":\"https:\\\/\\\/www.childrenfirst.ch\\\/de\\\/#website\",\"url\":\"https:\\\/\\\/www.childrenfirst.ch\\\/de\\\/\",\"name\":\"Children First\",\"description\":\"International daycare, preschool and kindergarten\",\"publisher\":{\"@id\":\"https:\\\/\\\/www.childrenfirst.ch\\\/de\\\/#organization\"},\"potentialAction\":[{\"@type\":\"SearchAction\",\"target\":{\"@type\":\"EntryPoint\",\"urlTemplate\":\"https:\\\/\\\/www.childrenfirst.ch\\\/de\\\/?s={search_term_string}\"},\"query-input\":{\"@type\":\"PropertyValueSpecification\",\"valueRequired\":true,\"valueName\":\"search_term_string\"}}],\"inLanguage\":\"de\"},{\"@type\":\"Organization\",\"@id\":\"https:\\\/\\\/www.childrenfirst.ch\\\/de\\\/#organization\",\"name\":\"Children First\",\"url\":\"https:\\\/\\\/www.childrenfirst.ch\\\/de\\\/\",\"logo\":{\"@type\":\"ImageObject\",\"inLanguage\":\"de\",\"@id\":\"https:\\\/\\\/www.childrenfirst.ch\\\/de\\\/#\\\/schema\\\/logo\\\/image\\\/\",\"url\":\"https:\\\/\\\/www.childrenfirst.ch\\\/wp-content\\\/uploads\\\/2024\\\/12\\\/logo-1.png\",\"contentUrl\":\"https:\\\/\\\/www.childrenfirst.ch\\\/wp-content\\\/uploads\\\/2024\\\/12\\\/logo-1.png\",\"width\":305,\"height\":82,\"caption\":\"Children First\"},\"image\":{\"@id\":\"https:\\\/\\\/www.childrenfirst.ch\\\/de\\\/#\\\/schema\\\/logo\\\/image\\\/\"}},{\"@type\":\"Person\",\"@id\":\"https:\\\/\\\/www.childrenfirst.ch\\\/de\\\/#\\\/schema\\\/person\\\/68668a5470b3a0ee210fb900f0f60f13\",\"name\":\"Alissa Buff\",\"image\":{\"@type\":\"ImageObject\",\"inLanguage\":\"de\",\"@id\":\"https:\\\/\\\/secure.gravatar.com\\\/avatar\\\/26cda8f5294594e54dc4e13c4f5ef36406440e9e2ef1bcddea876f01a373d7bd?s=96&d=mm&r=g\",\"url\":\"https:\\\/\\\/secure.gravatar.com\\\/avatar\\\/26cda8f5294594e54dc4e13c4f5ef36406440e9e2ef1bcddea876f01a373d7bd?s=96&d=mm&r=g\",\"contentUrl\":\"https:\\\/\\\/secure.gravatar.com\\\/avatar\\\/26cda8f5294594e54dc4e13c4f5ef36406440e9e2ef1bcddea876f01a373d7bd?s=96&d=mm&r=g\",\"caption\":\"Alissa Buff\"},\"sameAs\":[\"http:\\\/\\\/www.childrenfirst.ch\"],\"url\":\"https:\\\/\\\/www.childrenfirst.ch\\\/de\\\/author\\\/alissa\\\/\"}]}<\/script>\n<!-- \/ Yoast SEO plugin. -->","yoast_head_json":{"title":"Der Reggio-Emilia-Ansatz: Kreativit\u00e4t, Verbindung & fr\u00fche Bildung","description":"Wie der Reggio-Emilia-Ansatz Children First Z\u00fcrich inspiriert: Kreativit\u00e4t, Beziehungen und kindzentriertes Lernen f\u00fcr eine starke fr\u00fchkindliche Entwicklung.","robots":{"index":"index","follow":"follow","max-snippet":"max-snippet:-1","max-image-preview":"max-image-preview:large","max-video-preview":"max-video-preview:-1"},"canonical":"https:\/\/www.childrenfirst.ch\/de\/reggio-emilia-ansatz-children-first-zuerich\/","og_locale":"de_DE","og_type":"article","og_title":"Der Reggio-Emilia-Ansatz: Kreativit\u00e4t, Verbindung & fr\u00fche Bildung","og_description":"Wie der Reggio-Emilia-Ansatz Children First Z\u00fcrich inspiriert: Kreativit\u00e4t, Beziehungen und kindzentriertes Lernen f\u00fcr eine starke fr\u00fchkindliche Entwicklung.","og_url":"https:\/\/www.childrenfirst.ch\/de\/reggio-emilia-ansatz-children-first-zuerich\/","og_site_name":"Children First","article_published_time":"1100-07-17T11:39:29+00:00","article_modified_time":"2026-07-17T11:39:45+00:00","og_image":[{"width":686,"height":266,"url":"https:\/\/www.childrenfirst.ch\/wp-content\/uploads\/2026\/07\/IMG_1920.jpeg","type":"image\/jpeg"}],"author":"Alissa Buff","twitter_card":"summary_large_image","twitter_misc":{"Verfasst von":"Alissa Buff","Gesch\u00e4tzte Lesezeit":"3\u00a0Minuten"},"schema":{"@context":"https:\/\/schema.org","@graph":[{"@type":"Article","@id":"https:\/\/www.childrenfirst.ch\/de\/reggio-emilia-ansatz-children-first-zuerich\/#article","isPartOf":{"@id":"https:\/\/www.childrenfirst.ch\/de\/reggio-emilia-ansatz-children-first-zuerich\/"},"author":{"name":"Alissa Buff","@id":"https:\/\/www.childrenfirst.ch\/de\/#\/schema\/person\/68668a5470b3a0ee210fb900f0f60f13"},"headline":"Catherine, Princess of Wales, und die Inspiration aus Reggio Emilia","datePublished":"1100-07-17T11:39:29+00:00","dateModified":"2026-07-17T11:39:45+00:00","mainEntityOfPage":{"@id":"https:\/\/www.childrenfirst.ch\/de\/reggio-emilia-ansatz-children-first-zuerich\/"},"wordCount":566,"publisher":{"@id":"https:\/\/www.childrenfirst.ch\/de\/#organization"},"image":{"@id":"https:\/\/www.childrenfirst.ch\/de\/reggio-emilia-ansatz-children-first-zuerich\/#primaryimage"},"thumbnailUrl":"https:\/\/www.childrenfirst.ch\/wp-content\/uploads\/2026\/07\/IMG_1920.jpeg","articleSection":["Homepage","Konzept","Unkategorisiert"],"inLanguage":"de"},{"@type":"WebPage","@id":"https:\/\/www.childrenfirst.ch\/de\/reggio-emilia-ansatz-children-first-zuerich\/","url":"https:\/\/www.childrenfirst.ch\/de\/reggio-emilia-ansatz-children-first-zuerich\/","name":"Der Reggio-Emilia-Ansatz: Kreativit\u00e4t, Verbindung & fr\u00fche Bildung","isPartOf":{"@id":"https:\/\/www.childrenfirst.ch\/de\/#website"},"primaryImageOfPage":{"@id":"https:\/\/www.childrenfirst.ch\/de\/reggio-emilia-ansatz-children-first-zuerich\/#primaryimage"},"image":{"@id":"https:\/\/www.childrenfirst.ch\/de\/reggio-emilia-ansatz-children-first-zuerich\/#primaryimage"},"thumbnailUrl":"https:\/\/www.childrenfirst.ch\/wp-content\/uploads\/2026\/07\/IMG_1920.jpeg","datePublished":"1100-07-17T11:39:29+00:00","dateModified":"2026-07-17T11:39:45+00:00","description":"Wie der Reggio-Emilia-Ansatz Children First Z\u00fcrich inspiriert: Kreativit\u00e4t, Beziehungen und kindzentriertes Lernen f\u00fcr eine starke fr\u00fchkindliche Entwicklung.","breadcrumb":{"@id":"https:\/\/www.childrenfirst.ch\/de\/reggio-emilia-ansatz-children-first-zuerich\/#breadcrumb"},"inLanguage":"de","potentialAction":[{"@type":"ReadAction","target":["https:\/\/www.childrenfirst.ch\/de\/reggio-emilia-ansatz-children-first-zuerich\/"]}]},{"@type":"ImageObject","inLanguage":"de","@id":"https:\/\/www.childrenfirst.ch\/de\/reggio-emilia-ansatz-children-first-zuerich\/#primaryimage","url":"https:\/\/www.childrenfirst.ch\/wp-content\/uploads\/2026\/07\/IMG_1920.jpeg","contentUrl":"https:\/\/www.childrenfirst.ch\/wp-content\/uploads\/2026\/07\/IMG_1920.jpeg","width":686,"height":266,"caption":"Screenshot"},{"@type":"BreadcrumbList","@id":"https:\/\/www.childrenfirst.ch\/de\/reggio-emilia-ansatz-children-first-zuerich\/#breadcrumb","itemListElement":[{"@type":"ListItem","position":1,"name":"Home","item":"https:\/\/www.childrenfirst.ch\/de\/"},{"@type":"ListItem","position":2,"name":"Catherine, Princess of Wales, und die Inspiration aus Reggio Emilia"}]},{"@type":"WebSite","@id":"https:\/\/www.childrenfirst.ch\/de\/#website","url":"https:\/\/www.childrenfirst.ch\/de\/","name":"Children First","description":"International daycare, preschool and kindergarten","publisher":{"@id":"https:\/\/www.childrenfirst.ch\/de\/#organization"},"potentialAction":[{"@type":"SearchAction","target":{"@type":"EntryPoint","urlTemplate":"https:\/\/www.childrenfirst.ch\/de\/?s={search_term_string}"},"query-input":{"@type":"PropertyValueSpecification","valueRequired":true,"valueName":"search_term_string"}}],"inLanguage":"de"},{"@type":"Organization","@id":"https:\/\/www.childrenfirst.ch\/de\/#organization","name":"Children First","url":"https:\/\/www.childrenfirst.ch\/de\/","logo":{"@type":"ImageObject","inLanguage":"de","@id":"https:\/\/www.childrenfirst.ch\/de\/#\/schema\/logo\/image\/","url":"https:\/\/www.childrenfirst.ch\/wp-content\/uploads\/2024\/12\/logo-1.png","contentUrl":"https:\/\/www.childrenfirst.ch\/wp-content\/uploads\/2024\/12\/logo-1.png","width":305,"height":82,"caption":"Children First"},"image":{"@id":"https:\/\/www.childrenfirst.ch\/de\/#\/schema\/logo\/image\/"}},{"@type":"Person","@id":"https:\/\/www.childrenfirst.ch\/de\/#\/schema\/person\/68668a5470b3a0ee210fb900f0f60f13","name":"Alissa Buff","image":{"@type":"ImageObject","inLanguage":"de","@id":"https:\/\/secure.gravatar.com\/avatar\/26cda8f5294594e54dc4e13c4f5ef36406440e9e2ef1bcddea876f01a373d7bd?s=96&d=mm&r=g","url":"https:\/\/secure.gravatar.com\/avatar\/26cda8f5294594e54dc4e13c4f5ef36406440e9e2ef1bcddea876f01a373d7bd?s=96&d=mm&r=g","contentUrl":"https:\/\/secure.gravatar.com\/avatar\/26cda8f5294594e54dc4e13c4f5ef36406440e9e2ef1bcddea876f01a373d7bd?s=96&d=mm&r=g","caption":"Alissa Buff"},"sameAs":["http:\/\/www.childrenfirst.ch"],"url":"https:\/\/www.childrenfirst.ch\/de\/author\/alissa\/"}]}},"_links":{"self":[{"href":"https:\/\/www.childrenfirst.ch\/de\/wp-json\/wp\/v2\/posts\/8837","targetHints":{"allow":["GET"]}}],"collection":[{"href":"https:\/\/www.childrenfirst.ch\/de\/wp-json\/wp\/v2\/posts"}],"about":[{"href":"https:\/\/www.childrenfirst.ch\/de\/wp-json\/wp\/v2\/types\/post"}],"author":[{"embeddable":true,"href":"https:\/\/www.childrenfirst.ch\/de\/wp-json\/wp\/v2\/users\/5"}],"replies":[{"embeddable":true,"href":"https:\/\/www.childrenfirst.ch\/de\/wp-json\/wp\/v2\/comments?post=8837"}],"version-history":[{"count":1,"href":"https:\/\/www.childrenfirst.ch\/de\/wp-json\/wp\/v2\/posts\/8837\/revisions"}],"predecessor-version":[{"id":8838,"href":"https:\/\/www.childrenfirst.ch\/de\/wp-json\/wp\/v2\/posts\/8837\/revisions\/8838"}],"wp:featuredmedia":[{"embeddable":true,"href":"https:\/\/www.childrenfirst.ch\/de\/wp-json\/wp\/v2\/media\/8835"}],"wp:attachment":[{"href":"https:\/\/www.childrenfirst.ch\/de\/wp-json\/wp\/v2\/media?parent=8837"}],"wp:term":[{"taxonomy":"category","embeddable":true,"href":"https:\/\/www.childrenfirst.ch\/de\/wp-json\/wp\/v2\/categories?post=8837"},{"taxonomy":"post_tag","embeddable":true,"href":"https:\/\/www.childrenfirst.ch\/de\/wp-json\/wp\/v2\/tags?post=8837"}],"curies":[{"name":"wp","href":"https:\/\/api.w.org\/{rel}","templated":true}]}}