{"id":8775,"date":"2026-03-15T07:59:39","date_gmt":"2026-03-15T07:59:39","guid":{"rendered":"https:\/\/www.childrenfirst.ch\/batik-malworkshop-fuer-kinder-und-familien\/"},"modified":"2026-06-23T07:11:28","modified_gmt":"2026-06-23T07:11:28","slug":"batik-malworkshop-fuer-kinder-und-familien","status":"publish","type":"post","link":"https:\/\/www.childrenfirst.ch\/de\/batik-malworkshop-fuer-kinder-und-familien\/","title":{"rendered":"Vergangene Veranstaltung: Batik-Malworkshop f\u00fcr Kinder und Familien"},"content":{"rendered":"\t\t<div data-elementor-type=\"wp-post\" data-elementor-id=\"8775\" class=\"elementor elementor-8775 elementor-8758\" data-elementor-post-type=\"post\">\n\t\t\t\t<div class=\"elementor-element elementor-element-22903a8 relative-section e-flex e-con-boxed e-con e-parent\" data-id=\"22903a8\" data-element_type=\"container\" data-e-type=\"container\">\n\t\t\t\t\t<div class=\"e-con-inner\">\n\t\t<div class=\"elementor-element elementor-element-85d8e74 e-con-full e-flex e-con e-child\" data-id=\"85d8e74\" data-element_type=\"container\" data-e-type=\"container\" data-settings=\"{&quot;background_background&quot;:&quot;classic&quot;}\">\n\t\t<div class=\"elementor-element elementor-element-277a72b e-con-full e-flex e-con e-child\" data-id=\"277a72b\" data-element_type=\"container\" data-e-type=\"container\" data-settings=\"{&quot;background_background&quot;:&quot;classic&quot;}\">\n\t\t<div class=\"elementor-element elementor-element-1ae2d73 e-con-full e-flex e-con e-child\" data-id=\"1ae2d73\" data-element_type=\"container\" data-e-type=\"container\" data-settings=\"{&quot;background_background&quot;:&quot;classic&quot;}\">\n\t\t\t\t<div class=\"elementor-element elementor-element-0410a81 elementor-widget__width-initial circle-box right-left elementor-widget elementor-widget-heading\" data-id=\"0410a81\" data-element_type=\"widget\" data-e-type=\"widget\" data-widget_type=\"heading.default\">\n\t\t\t\t<div class=\"elementor-widget-container\">\n\t\t\t\t\t<h2 class=\"elementor-heading-title elementor-size-default\">Vortr\u00e4ge &amp; Veranstaltungen<\/h2>\t\t\t\t<\/div>\n\t\t\t\t<\/div>\n\t\t\t\t<\/div>\n\t\t\t\t<\/div>\n\t\t\t\t<\/div>\n\t\t<div class=\"elementor-element elementor-element-60444a1 e-con-full e-flex e-con e-child\" data-id=\"60444a1\" data-element_type=\"container\" data-e-type=\"container\" data-settings=\"{&quot;background_background&quot;:&quot;classic&quot;}\">\n\t\t<div class=\"elementor-element elementor-element-8059101 e-con-full e-flex e-con e-child\" data-id=\"8059101\" data-element_type=\"container\" data-e-type=\"container\" data-settings=\"{&quot;background_background&quot;:&quot;classic&quot;}\">\n\t\t\t\t<div class=\"elementor-element elementor-element-dded760 elementor-widget elementor-widget-image\" data-id=\"dded760\" data-element_type=\"widget\" data-e-type=\"widget\" data-widget_type=\"image.default\">\n\t\t\t\t<div class=\"elementor-widget-container\">\n\t\t\t\t\t\t\t\t\t\t\t\t\t\t\t\t<a href=\"https:\/\/eventfrog.ch\/family-batik-workshop-children-first\">\n\t\t\t\t\t\t\t<img fetchpriority=\"high\" decoding=\"async\" width=\"768\" height=\"1086\" src=\"https:\/\/www.childrenfirst.ch\/wp-content\/uploads\/2026\/06\/batik-kinder-workshop-children-first-poster-768x1086.png\" class=\"attachment-medium_large size-medium_large wp-image-8757\" alt=\"\" srcset=\"https:\/\/www.childrenfirst.ch\/wp-content\/uploads\/2026\/06\/batik-kinder-workshop-children-first-poster-768x1086.png 768w, https:\/\/www.childrenfirst.ch\/wp-content\/uploads\/2026\/06\/batik-kinder-workshop-children-first-poster-212x300.png 212w, https:\/\/www.childrenfirst.ch\/wp-content\/uploads\/2026\/06\/batik-kinder-workshop-children-first-poster-724x1024.png 724w, https:\/\/www.childrenfirst.ch\/wp-content\/uploads\/2026\/06\/batik-kinder-workshop-children-first-poster-1086x1536.png 1086w, https:\/\/www.childrenfirst.ch\/wp-content\/uploads\/2026\/06\/batik-kinder-workshop-children-first-poster.png 1414w\" sizes=\"(max-width: 768px) 100vw, 768px\" \/>\t\t\t\t\t\t\t\t<\/a>\n\t\t\t\t\t\t\t\t\t\t\t\t\t\t\t<\/div>\n\t\t\t\t<\/div>\n\t\t\t\t<div class=\"elementor-element elementor-element-1a98f8f elementor-widget-divider--view-line elementor-widget elementor-widget-divider\" data-id=\"1a98f8f\" data-element_type=\"widget\" data-e-type=\"widget\" data-widget_type=\"divider.default\">\n\t\t\t\t<div class=\"elementor-widget-container\">\n\t\t\t\t\t\t\t<div class=\"elementor-divider\">\n\t\t\t<span class=\"elementor-divider-separator\">\n\t\t\t\t\t\t<\/span>\n\t\t<\/div>\n\t\t\t\t\t\t<\/div>\n\t\t\t\t<\/div>\n\t\t<div class=\"elementor-element elementor-element-4b02618 e-con-full e-flex e-con e-child\" data-id=\"4b02618\" data-element_type=\"container\" data-e-type=\"container\">\n\t\t\t\t<\/div>\n\t\t\t\t<div class=\"elementor-element elementor-element-74015cb elementor-widget elementor-widget-text-editor\" data-id=\"74015cb\" data-element_type=\"widget\" data-e-type=\"widget\" data-widget_type=\"text-editor.default\">\n\t\t\t\t<div class=\"elementor-widget-container\">\n\t\t\t\t\t\t\t\t\t<h1 class=\"small\">Batik-Malworkshop f\u00fcr Kinder und Familien<\/h1><p>Entdecken Sie die farbenfrohe Kunst des Batik in diesem praktischen Kreativ-Workshop f\u00fcr Kinder ab 3 Jahren und ihre Familien.<\/p><p>Batik ist eine jahrhundertealte Textilkunstform, bei der mit Wachs und leuchtenden Farben wundersch\u00f6ne Muster auf Stoff gebracht werden. In diesem Workshop entdecken die Kinder Naturmotive wie Bl\u00e4tter, Blumen, Tiere und einfache Formen, w\u00e4hrend sie auf vorgewachstem Stoff ihr eigenes, einzigartiges Batik-Kunstwerk gestalten. <\/p><p>Kinder sind herzlich eingeladen, allein teilzunehmen, oder Familien k\u00f6nnen sich f\u00fcr ein besonderes Batik-Erlebnis f\u00fcr Eltern und Kinder entscheiden. Mitmachende Eltern gestalten gemeinsam mit ihrem Kind ein eigenes Batikwerk und lernen dabei in einer entspannten und einladenden Atmosph\u00e4re mehr \u00fcber diese traditionelle Kunstform. <\/p><p>Der Workshop wird von Hazura Isily geleitet, einer Batikk\u00fcnstlerin, die bei Meisterhandwerkern in Malaysia und Indonesien ausgebildet wurde. Hazura lebt in Z\u00fcrich und vermittelt das reiche kulturelle Erbe des Batiks durch Workshops, Bildungsprogramme und kreative Erlebnisse f\u00fcr Kinder und Erwachsene. Ihr Ansatz f\u00f6rdert Kreativit\u00e4t, sensorische Wahrnehmung, die Entwicklung der Feinmotorik und das kulturelle Verst\u00e4ndnis durch praktisches Gestalten.  <\/p><p>Ganz gleich, ob Sie Batik zum ersten Mal entdecken oder einfach nach einer sinnvollen kreativen Besch\u00e4ftigung suchen, die Sie gemeinsam geniessen k\u00f6nnen \u2013 dieser Workshop bietet eine wunderbare Gelegenheit, sich mit Farben, Mustern und k\u00fcnstlerischem Ausdruck auseinanderzusetzen.<\/p><p>Um mehr \u00fcber Hazura und die Kunst des Batik zu erfahren, besuchen Sie:<br\/><a href=\"https:\/\/www.hazurastudio.com\/\" target=\"_blank\" rel=\"nofollow noopener\">https:\/\/www.hazurastudio.com\/<\/a><\/p><p>Die Pl\u00e4tze sind begrenzt. Wir freuen uns darauf, Sie zu einem Vormittag voller Kreativit\u00e4t, Farben und kultureller Entdeckungen begr\u00fcssen zu d\u00fcrfen. <\/p>\t\t\t\t\t\t\t\t<\/div>\n\t\t\t\t<\/div>\n\t\t\t\t<div class=\"elementor-element elementor-element-70b0443 elementor-widget-divider--view-line elementor-widget elementor-widget-divider\" data-id=\"70b0443\" data-element_type=\"widget\" data-e-type=\"widget\" data-widget_type=\"divider.default\">\n\t\t\t\t<div class=\"elementor-widget-container\">\n\t\t\t\t\t\t\t<div class=\"elementor-divider\">\n\t\t\t<span class=\"elementor-divider-separator\">\n\t\t\t\t\t\t<\/span>\n\t\t<\/div>\n\t\t\t\t\t\t<\/div>\n\t\t\t\t<\/div>\n\t\t\t\t<div class=\"elementor-element elementor-element-eb9f5e9 elementor-widget elementor-widget-text-editor\" data-id=\"eb9f5e9\" data-element_type=\"widget\" data-e-type=\"widget\" data-widget_type=\"text-editor.default\">\n\t\t\t\t<div class=\"elementor-widget-container\">\n\t\t\t\t\t\t\t\t\t<p><strong>Samstag, 20. Juni 2026,<\/strong><\/p><p><strong>10:00\u201312:00 Uhr (MESZ)<\/strong><\/p><p><strong>Freiestrasse 175, 8032 Z\u00fcrich | Eintritt 30\u201345 CHF  <\/strong><\/p>\t\t\t\t\t\t\t\t<\/div>\n\t\t\t\t<\/div>\n\t\t\t\t<div class=\"elementor-element elementor-element-ccf246e elementor-widget-divider--view-line elementor-widget elementor-widget-divider\" data-id=\"ccf246e\" data-element_type=\"widget\" data-e-type=\"widget\" data-widget_type=\"divider.default\">\n\t\t\t\t<div class=\"elementor-widget-container\">\n\t\t\t\t\t\t\t<div class=\"elementor-divider\">\n\t\t\t<span class=\"elementor-divider-separator\">\n\t\t\t\t\t\t<\/span>\n\t\t<\/div>\n\t\t\t\t\t\t<\/div>\n\t\t\t\t<\/div>\n\t\t\t\t<div class=\"elementor-element elementor-element-2c6fdea elementor-widget elementor-widget-button\" data-id=\"2c6fdea\" data-element_type=\"widget\" data-e-type=\"widget\" data-widget_type=\"button.default\">\n\t\t\t\t<div class=\"elementor-widget-container\">\n\t\t\t\t\t\t\t\t\t<div class=\"elementor-button-wrapper\">\n\t\t\t\t\t<a class=\"elementor-button elementor-button-link elementor-size-sm\" href=\"https:\/\/eventfrog.ch\/family-batik-workshop-children-first\">\n\t\t\t\t\t\t<span class=\"elementor-button-content-wrapper\">\n\t\t\t\t\t\t\t\t\t<span class=\"elementor-button-text\">Klicken Sie hier, um sich \u00fcber Eventfrog zu registrieren<\/span>\n\t\t\t\t\t<\/span>\n\t\t\t\t\t<\/a>\n\t\t\t\t<\/div>\n\t\t\t\t\t\t\t\t<\/div>\n\t\t\t\t<\/div>\n\t\t\t\t<\/div>\n\t\t\t\t<\/div>\n\t\t\t\t\t<\/div>\n\t\t\t\t<\/div>\n\t\t<div class=\"elementor-element elementor-element-a087806 e-flex e-con-boxed e-con e-parent\" data-id=\"a087806\" data-element_type=\"container\" data-e-type=\"container\">\n\t\t\t\t\t<div class=\"e-con-inner\">\n\t\t\t\t<div class=\"elementor-element elementor-element-d121d90 elementor-widget elementor-widget-button\" data-id=\"d121d90\" data-element_type=\"widget\" data-e-type=\"widget\" data-widget_type=\"button.default\">\n\t\t\t\t<div class=\"elementor-widget-container\">\n\t\t\t\t\t\t\t\t\t<div class=\"elementor-button-wrapper\">\n\t\t\t\t\t<a class=\"elementor-button elementor-button-link elementor-size-sm\" href=\"https:\/\/www.childrenfirst.ch\/de\/\">\n\t\t\t\t\t\t<span class=\"elementor-button-content-wrapper\">\n\t\t\t\t\t\t\t\t\t<span class=\"elementor-button-text\">Zur\u00fcck zur Startseite<\/span>\n\t\t\t\t\t<\/span>\n\t\t\t\t\t<\/a>\n\t\t\t\t<\/div>\n\t\t\t\t\t\t\t\t<\/div>\n\t\t\t\t<\/div>\n\t\t\t\t\t<\/div>\n\t\t\t\t<\/div>\n\t\t\t\t<\/div>\n\t\t","protected":false},"excerpt":{"rendered":"<p>Entdecken Sie die farbenfrohe Kunst des Batik in einem kreativen Workshop f\u00fcr Kinder und Familien. Gestalten Sie unter Anleitung einer erfahrenen Batikk\u00fcnstlerin Ihr eigenes Stoffkunstwerk, das von der Natur inspiriert ist. <\/p>\n","protected":false},"author":7,"featured_media":8767,"comment_status":"closed","ping_status":"closed","sticky":false,"template":"","format":"standard","meta":{"_acf_changed":false,"footnotes":""},"categories":[25],"tags":[],"class_list":["post-8775","post","type-post","status-publish","format-standard","has-post-thumbnail","hentry","category-homepage-de"],"acf":[],"yoast_head":"<!-- This site is optimized with the Yoast SEO plugin v28.2 - https:\/\/yoast.com\/product\/yoast-seo-wordpress\/ -->\n<title>Vergangene Veranstaltung: Batik-Malworkshop f\u00fcr Kinder und Familien - Children First<\/title>\n<meta name=\"description\" content=\"Entdecken Sie die farbenfrohe Kunst des Batik in einem kreativen Workshop f\u00fcr Kinder und Familien. Gestalten Sie unter Anleitung eines erfahrenen Batikk\u00fcnstlers Ihr eigenes Stoffkunstwerk, das von der Natur inspiriert ist\" \/>\n<meta name=\"robots\" content=\"index, follow, max-snippet:-1, max-image-preview:large, max-video-preview:-1\" \/>\n<link rel=\"canonical\" href=\"https:\/\/www.childrenfirst.ch\/de\/batik-malworkshop-fuer-kinder-und-familien\/\" \/>\n<meta property=\"og:locale\" content=\"de_DE\" \/>\n<meta property=\"og:type\" content=\"article\" \/>\n<meta property=\"og:title\" content=\"Vergangene Veranstaltung: Batik-Malworkshop f\u00fcr Kinder und Familien - Children First\" \/>\n<meta property=\"og:description\" content=\"Entdecken Sie die farbenfrohe Kunst des Batik in einem kreativen Workshop f\u00fcr Kinder und Familien. Gestalten Sie unter Anleitung eines erfahrenen Batikk\u00fcnstlers Ihr eigenes Stoffkunstwerk, das von der Natur inspiriert ist\" \/>\n<meta property=\"og:url\" content=\"https:\/\/www.childrenfirst.ch\/de\/batik-malworkshop-fuer-kinder-und-familien\/\" \/>\n<meta property=\"og:site_name\" content=\"Children First\" \/>\n<meta property=\"article:published_time\" content=\"2026-03-15T07:59:39+00:00\" \/>\n<meta property=\"article:modified_time\" content=\"2026-06-23T07:11:28+00:00\" \/>\n<meta property=\"og:image\" content=\"https:\/\/www.childrenfirst.ch\/wp-content\/uploads\/2026\/06\/batik-kinder-workshop.jpg\" \/>\n\t<meta property=\"og:image:width\" content=\"529\" \/>\n\t<meta property=\"og:image:height\" content=\"792\" \/>\n\t<meta property=\"og:image:type\" content=\"image\/jpeg\" \/>\n<meta name=\"author\" content=\"Zoe Myint-Maung\" \/>\n<meta name=\"twitter:card\" content=\"summary_large_image\" \/>\n<meta name=\"twitter:label1\" content=\"Verfasst von\" \/>\n\t<meta name=\"twitter:data1\" content=\"Zoe Myint-Maung\" \/>\n\t<meta name=\"twitter:label2\" content=\"Gesch\u00e4tzte Lesezeit\" \/>\n\t<meta name=\"twitter:data2\" content=\"2\u00a0Minuten\" \/>\n<script type=\"application\/ld+json\" class=\"yoast-schema-graph\">{\"@context\":\"https:\\\/\\\/schema.org\",\"@graph\":[{\"@type\":\"Article\",\"@id\":\"https:\\\/\\\/www.childrenfirst.ch\\\/de\\\/batik-malworkshop-fuer-kinder-und-familien\\\/#article\",\"isPartOf\":{\"@id\":\"https:\\\/\\\/www.childrenfirst.ch\\\/de\\\/batik-malworkshop-fuer-kinder-und-familien\\\/\"},\"author\":{\"name\":\"Zoe Myint-Maung\",\"@id\":\"https:\\\/\\\/www.childrenfirst.ch\\\/de\\\/#\\\/schema\\\/person\\\/fcf416a0ca65a387b0021de7fab2e09e\"},\"headline\":\"Vergangene Veranstaltung: Batik-Malworkshop f\u00fcr Kinder und Familien\",\"datePublished\":\"2026-03-15T07:59:39+00:00\",\"dateModified\":\"2026-06-23T07:11:28+00:00\",\"mainEntityOfPage\":{\"@id\":\"https:\\\/\\\/www.childrenfirst.ch\\\/de\\\/batik-malworkshop-fuer-kinder-und-familien\\\/\"},\"wordCount\":295,\"publisher\":{\"@id\":\"https:\\\/\\\/www.childrenfirst.ch\\\/de\\\/#organization\"},\"image\":{\"@id\":\"https:\\\/\\\/www.childrenfirst.ch\\\/de\\\/batik-malworkshop-fuer-kinder-und-familien\\\/#primaryimage\"},\"thumbnailUrl\":\"https:\\\/\\\/www.childrenfirst.ch\\\/wp-content\\\/uploads\\\/2026\\\/06\\\/batik-kinder-workshop.jpg\",\"articleSection\":[\"Homepage\"],\"inLanguage\":\"de\"},{\"@type\":\"WebPage\",\"@id\":\"https:\\\/\\\/www.childrenfirst.ch\\\/de\\\/batik-malworkshop-fuer-kinder-und-familien\\\/\",\"url\":\"https:\\\/\\\/www.childrenfirst.ch\\\/de\\\/batik-malworkshop-fuer-kinder-und-familien\\\/\",\"name\":\"Vergangene Veranstaltung: Batik-Malworkshop f\u00fcr Kinder und Familien - Children First\",\"isPartOf\":{\"@id\":\"https:\\\/\\\/www.childrenfirst.ch\\\/de\\\/#website\"},\"primaryImageOfPage\":{\"@id\":\"https:\\\/\\\/www.childrenfirst.ch\\\/de\\\/batik-malworkshop-fuer-kinder-und-familien\\\/#primaryimage\"},\"image\":{\"@id\":\"https:\\\/\\\/www.childrenfirst.ch\\\/de\\\/batik-malworkshop-fuer-kinder-und-familien\\\/#primaryimage\"},\"thumbnailUrl\":\"https:\\\/\\\/www.childrenfirst.ch\\\/wp-content\\\/uploads\\\/2026\\\/06\\\/batik-kinder-workshop.jpg\",\"datePublished\":\"2026-03-15T07:59:39+00:00\",\"dateModified\":\"2026-06-23T07:11:28+00:00\",\"description\":\"Entdecken Sie die farbenfrohe Kunst des Batik in einem kreativen Workshop f\u00fcr Kinder und Familien. Gestalten Sie unter Anleitung eines erfahrenen Batikk\u00fcnstlers Ihr eigenes Stoffkunstwerk, das von der Natur inspiriert ist\",\"breadcrumb\":{\"@id\":\"https:\\\/\\\/www.childrenfirst.ch\\\/de\\\/batik-malworkshop-fuer-kinder-und-familien\\\/#breadcrumb\"},\"inLanguage\":\"de\",\"potentialAction\":[{\"@type\":\"ReadAction\",\"target\":[\"https:\\\/\\\/www.childrenfirst.ch\\\/de\\\/batik-malworkshop-fuer-kinder-und-familien\\\/\"]}]},{\"@type\":\"ImageObject\",\"inLanguage\":\"de\",\"@id\":\"https:\\\/\\\/www.childrenfirst.ch\\\/de\\\/batik-malworkshop-fuer-kinder-und-familien\\\/#primaryimage\",\"url\":\"https:\\\/\\\/www.childrenfirst.ch\\\/wp-content\\\/uploads\\\/2026\\\/06\\\/batik-kinder-workshop.jpg\",\"contentUrl\":\"https:\\\/\\\/www.childrenfirst.ch\\\/wp-content\\\/uploads\\\/2026\\\/06\\\/batik-kinder-workshop.jpg\",\"width\":529,\"height\":792},{\"@type\":\"BreadcrumbList\",\"@id\":\"https:\\\/\\\/www.childrenfirst.ch\\\/de\\\/batik-malworkshop-fuer-kinder-und-familien\\\/#breadcrumb\",\"itemListElement\":[{\"@type\":\"ListItem\",\"position\":1,\"name\":\"Home\",\"item\":\"https:\\\/\\\/www.childrenfirst.ch\\\/de\\\/\"},{\"@type\":\"ListItem\",\"position\":2,\"name\":\"Vergangene Veranstaltung: Batik-Malworkshop f\u00fcr Kinder und Familien\"}]},{\"@type\":\"WebSite\",\"@id\":\"https:\\\/\\\/www.childrenfirst.ch\\\/de\\\/#website\",\"url\":\"https:\\\/\\\/www.childrenfirst.ch\\\/de\\\/\",\"name\":\"Children First\",\"description\":\"International daycare, preschool and kindergarten\",\"publisher\":{\"@id\":\"https:\\\/\\\/www.childrenfirst.ch\\\/de\\\/#organization\"},\"potentialAction\":[{\"@type\":\"SearchAction\",\"target\":{\"@type\":\"EntryPoint\",\"urlTemplate\":\"https:\\\/\\\/www.childrenfirst.ch\\\/de\\\/?s={search_term_string}\"},\"query-input\":{\"@type\":\"PropertyValueSpecification\",\"valueRequired\":true,\"valueName\":\"search_term_string\"}}],\"inLanguage\":\"de\"},{\"@type\":\"Organization\",\"@id\":\"https:\\\/\\\/www.childrenfirst.ch\\\/de\\\/#organization\",\"name\":\"Children First\",\"url\":\"https:\\\/\\\/www.childrenfirst.ch\\\/de\\\/\",\"logo\":{\"@type\":\"ImageObject\",\"inLanguage\":\"de\",\"@id\":\"https:\\\/\\\/www.childrenfirst.ch\\\/de\\\/#\\\/schema\\\/logo\\\/image\\\/\",\"url\":\"https:\\\/\\\/www.childrenfirst.ch\\\/wp-content\\\/uploads\\\/2024\\\/12\\\/logo-1.png\",\"contentUrl\":\"https:\\\/\\\/www.childrenfirst.ch\\\/wp-content\\\/uploads\\\/2024\\\/12\\\/logo-1.png\",\"width\":305,\"height\":82,\"caption\":\"Children First\"},\"image\":{\"@id\":\"https:\\\/\\\/www.childrenfirst.ch\\\/de\\\/#\\\/schema\\\/logo\\\/image\\\/\"}},{\"@type\":\"Person\",\"@id\":\"https:\\\/\\\/www.childrenfirst.ch\\\/de\\\/#\\\/schema\\\/person\\\/fcf416a0ca65a387b0021de7fab2e09e\",\"name\":\"Zoe Myint-Maung\",\"image\":{\"@type\":\"ImageObject\",\"inLanguage\":\"de\",\"@id\":\"https:\\\/\\\/secure.gravatar.com\\\/avatar\\\/88d3681b5c586fb95391ea64772e1faf2b23df09a1c256498ff694cb4b71482e?s=96&d=mm&r=g\",\"url\":\"https:\\\/\\\/secure.gravatar.com\\\/avatar\\\/88d3681b5c586fb95391ea64772e1faf2b23df09a1c256498ff694cb4b71482e?s=96&d=mm&r=g\",\"contentUrl\":\"https:\\\/\\\/secure.gravatar.com\\\/avatar\\\/88d3681b5c586fb95391ea64772e1faf2b23df09a1c256498ff694cb4b71482e?s=96&d=mm&r=g\",\"caption\":\"Zoe Myint-Maung\"},\"url\":\"https:\\\/\\\/www.childrenfirst.ch\\\/de\\\/author\\\/zoe\\\/\"}]}<\/script>\n<!-- \/ Yoast SEO plugin. -->","yoast_head_json":{"title":"Vergangene Veranstaltung: Batik-Malworkshop f\u00fcr Kinder und Familien - Children First","description":"Entdecken Sie die farbenfrohe Kunst des Batik in einem kreativen Workshop f\u00fcr Kinder und Familien. Gestalten Sie unter Anleitung eines erfahrenen Batikk\u00fcnstlers Ihr eigenes Stoffkunstwerk, das von der Natur inspiriert ist","robots":{"index":"index","follow":"follow","max-snippet":"max-snippet:-1","max-image-preview":"max-image-preview:large","max-video-preview":"max-video-preview:-1"},"canonical":"https:\/\/www.childrenfirst.ch\/de\/batik-malworkshop-fuer-kinder-und-familien\/","og_locale":"de_DE","og_type":"article","og_title":"Vergangene Veranstaltung: Batik-Malworkshop f\u00fcr Kinder und Familien - Children First","og_description":"Entdecken Sie die farbenfrohe Kunst des Batik in einem kreativen Workshop f\u00fcr Kinder und Familien. Gestalten Sie unter Anleitung eines erfahrenen Batikk\u00fcnstlers Ihr eigenes Stoffkunstwerk, das von der Natur inspiriert ist","og_url":"https:\/\/www.childrenfirst.ch\/de\/batik-malworkshop-fuer-kinder-und-familien\/","og_site_name":"Children First","article_published_time":"2026-03-15T07:59:39+00:00","article_modified_time":"2026-06-23T07:11:28+00:00","og_image":[{"width":529,"height":792,"url":"https:\/\/www.childrenfirst.ch\/wp-content\/uploads\/2026\/06\/batik-kinder-workshop.jpg","type":"image\/jpeg"}],"author":"Zoe Myint-Maung","twitter_card":"summary_large_image","twitter_misc":{"Verfasst von":"Zoe Myint-Maung","Gesch\u00e4tzte Lesezeit":"2\u00a0Minuten"},"schema":{"@context":"https:\/\/schema.org","@graph":[{"@type":"Article","@id":"https:\/\/www.childrenfirst.ch\/de\/batik-malworkshop-fuer-kinder-und-familien\/#article","isPartOf":{"@id":"https:\/\/www.childrenfirst.ch\/de\/batik-malworkshop-fuer-kinder-und-familien\/"},"author":{"name":"Zoe Myint-Maung","@id":"https:\/\/www.childrenfirst.ch\/de\/#\/schema\/person\/fcf416a0ca65a387b0021de7fab2e09e"},"headline":"Vergangene Veranstaltung: Batik-Malworkshop f\u00fcr Kinder und Familien","datePublished":"2026-03-15T07:59:39+00:00","dateModified":"2026-06-23T07:11:28+00:00","mainEntityOfPage":{"@id":"https:\/\/www.childrenfirst.ch\/de\/batik-malworkshop-fuer-kinder-und-familien\/"},"wordCount":295,"publisher":{"@id":"https:\/\/www.childrenfirst.ch\/de\/#organization"},"image":{"@id":"https:\/\/www.childrenfirst.ch\/de\/batik-malworkshop-fuer-kinder-und-familien\/#primaryimage"},"thumbnailUrl":"https:\/\/www.childrenfirst.ch\/wp-content\/uploads\/2026\/06\/batik-kinder-workshop.jpg","articleSection":["Homepage"],"inLanguage":"de"},{"@type":"WebPage","@id":"https:\/\/www.childrenfirst.ch\/de\/batik-malworkshop-fuer-kinder-und-familien\/","url":"https:\/\/www.childrenfirst.ch\/de\/batik-malworkshop-fuer-kinder-und-familien\/","name":"Vergangene Veranstaltung: Batik-Malworkshop f\u00fcr Kinder und Familien - Children First","isPartOf":{"@id":"https:\/\/www.childrenfirst.ch\/de\/#website"},"primaryImageOfPage":{"@id":"https:\/\/www.childrenfirst.ch\/de\/batik-malworkshop-fuer-kinder-und-familien\/#primaryimage"},"image":{"@id":"https:\/\/www.childrenfirst.ch\/de\/batik-malworkshop-fuer-kinder-und-familien\/#primaryimage"},"thumbnailUrl":"https:\/\/www.childrenfirst.ch\/wp-content\/uploads\/2026\/06\/batik-kinder-workshop.jpg","datePublished":"2026-03-15T07:59:39+00:00","dateModified":"2026-06-23T07:11:28+00:00","description":"Entdecken Sie die farbenfrohe Kunst des Batik in einem kreativen Workshop f\u00fcr Kinder und Familien. Gestalten Sie unter Anleitung eines erfahrenen Batikk\u00fcnstlers Ihr eigenes Stoffkunstwerk, das von der Natur inspiriert ist","breadcrumb":{"@id":"https:\/\/www.childrenfirst.ch\/de\/batik-malworkshop-fuer-kinder-und-familien\/#breadcrumb"},"inLanguage":"de","potentialAction":[{"@type":"ReadAction","target":["https:\/\/www.childrenfirst.ch\/de\/batik-malworkshop-fuer-kinder-und-familien\/"]}]},{"@type":"ImageObject","inLanguage":"de","@id":"https:\/\/www.childrenfirst.ch\/de\/batik-malworkshop-fuer-kinder-und-familien\/#primaryimage","url":"https:\/\/www.childrenfirst.ch\/wp-content\/uploads\/2026\/06\/batik-kinder-workshop.jpg","contentUrl":"https:\/\/www.childrenfirst.ch\/wp-content\/uploads\/2026\/06\/batik-kinder-workshop.jpg","width":529,"height":792},{"@type":"BreadcrumbList","@id":"https:\/\/www.childrenfirst.ch\/de\/batik-malworkshop-fuer-kinder-und-familien\/#breadcrumb","itemListElement":[{"@type":"ListItem","position":1,"name":"Home","item":"https:\/\/www.childrenfirst.ch\/de\/"},{"@type":"ListItem","position":2,"name":"Vergangene Veranstaltung: Batik-Malworkshop f\u00fcr Kinder und Familien"}]},{"@type":"WebSite","@id":"https:\/\/www.childrenfirst.ch\/de\/#website","url":"https:\/\/www.childrenfirst.ch\/de\/","name":"Children First","description":"International daycare, preschool and kindergarten","publisher":{"@id":"https:\/\/www.childrenfirst.ch\/de\/#organization"},"potentialAction":[{"@type":"SearchAction","target":{"@type":"EntryPoint","urlTemplate":"https:\/\/www.childrenfirst.ch\/de\/?s={search_term_string}"},"query-input":{"@type":"PropertyValueSpecification","valueRequired":true,"valueName":"search_term_string"}}],"inLanguage":"de"},{"@type":"Organization","@id":"https:\/\/www.childrenfirst.ch\/de\/#organization","name":"Children First","url":"https:\/\/www.childrenfirst.ch\/de\/","logo":{"@type":"ImageObject","inLanguage":"de","@id":"https:\/\/www.childrenfirst.ch\/de\/#\/schema\/logo\/image\/","url":"https:\/\/www.childrenfirst.ch\/wp-content\/uploads\/2024\/12\/logo-1.png","contentUrl":"https:\/\/www.childrenfirst.ch\/wp-content\/uploads\/2024\/12\/logo-1.png","width":305,"height":82,"caption":"Children First"},"image":{"@id":"https:\/\/www.childrenfirst.ch\/de\/#\/schema\/logo\/image\/"}},{"@type":"Person","@id":"https:\/\/www.childrenfirst.ch\/de\/#\/schema\/person\/fcf416a0ca65a387b0021de7fab2e09e","name":"Zoe Myint-Maung","image":{"@type":"ImageObject","inLanguage":"de","@id":"https:\/\/secure.gravatar.com\/avatar\/88d3681b5c586fb95391ea64772e1faf2b23df09a1c256498ff694cb4b71482e?s=96&d=mm&r=g","url":"https:\/\/secure.gravatar.com\/avatar\/88d3681b5c586fb95391ea64772e1faf2b23df09a1c256498ff694cb4b71482e?s=96&d=mm&r=g","contentUrl":"https:\/\/secure.gravatar.com\/avatar\/88d3681b5c586fb95391ea64772e1faf2b23df09a1c256498ff694cb4b71482e?s=96&d=mm&r=g","caption":"Zoe Myint-Maung"},"url":"https:\/\/www.childrenfirst.ch\/de\/author\/zoe\/"}]}},"_links":{"self":[{"href":"https:\/\/www.childrenfirst.ch\/de\/wp-json\/wp\/v2\/posts\/8775","targetHints":{"allow":["GET"]}}],"collection":[{"href":"https:\/\/www.childrenfirst.ch\/de\/wp-json\/wp\/v2\/posts"}],"about":[{"href":"https:\/\/www.childrenfirst.ch\/de\/wp-json\/wp\/v2\/types\/post"}],"author":[{"embeddable":true,"href":"https:\/\/www.childrenfirst.ch\/de\/wp-json\/wp\/v2\/users\/7"}],"replies":[{"embeddable":true,"href":"https:\/\/www.childrenfirst.ch\/de\/wp-json\/wp\/v2\/comments?post=8775"}],"version-history":[{"count":5,"href":"https:\/\/www.childrenfirst.ch\/de\/wp-json\/wp\/v2\/posts\/8775\/revisions"}],"predecessor-version":[{"id":8792,"href":"https:\/\/www.childrenfirst.ch\/de\/wp-json\/wp\/v2\/posts\/8775\/revisions\/8792"}],"wp:featuredmedia":[{"embeddable":true,"href":"https:\/\/www.childrenfirst.ch\/de\/wp-json\/wp\/v2\/media\/8767"}],"wp:attachment":[{"href":"https:\/\/www.childrenfirst.ch\/de\/wp-json\/wp\/v2\/media?parent=8775"}],"wp:term":[{"taxonomy":"category","embeddable":true,"href":"https:\/\/www.childrenfirst.ch\/de\/wp-json\/wp\/v2\/categories?post=8775"},{"taxonomy":"post_tag","embeddable":true,"href":"https:\/\/www.childrenfirst.ch\/de\/wp-json\/wp\/v2\/tags?post=8775"}],"curies":[{"name":"wp","href":"https:\/\/api.w.org\/{rel}","templated":true}]}}