{"id":8624,"date":"1001-05-13T08:18:48","date_gmt":"1001-05-13T08:18:48","guid":{"rendered":"https:\/\/www.childrenfirst.ch\/besserer-schlaf-fuer-eltern-und-kinder-online-gespraech\/"},"modified":"2026-06-23T07:19:17","modified_gmt":"2026-06-23T07:19:17","slug":"besserer-schlaf-fuer-eltern-und-kinder-online-gespraech","status":"publish","type":"post","link":"https:\/\/www.childrenfirst.ch\/de\/besserer-schlaf-fuer-eltern-und-kinder-online-gespraech\/","title":{"rendered":"Vergangene Veranstaltung: Besserer Schlaf f\u00fcr Eltern und Kinder Online-Gespr\u00e4ch"},"content":{"rendered":"\t\t<div data-elementor-type=\"wp-post\" data-elementor-id=\"8624\" class=\"elementor elementor-8624 elementor-8413\" data-elementor-post-type=\"post\">\n\t\t\t\t<div class=\"elementor-element elementor-element-22903a8 relative-section e-flex e-con-boxed e-con e-parent\" data-id=\"22903a8\" data-element_type=\"container\" data-e-type=\"container\">\n\t\t\t\t\t<div class=\"e-con-inner\">\n\t\t<div class=\"elementor-element elementor-element-85d8e74 e-con-full e-flex e-con e-child\" data-id=\"85d8e74\" data-element_type=\"container\" data-e-type=\"container\" data-settings=\"{&quot;background_background&quot;:&quot;classic&quot;}\">\n\t\t<div class=\"elementor-element elementor-element-277a72b e-con-full e-flex e-con e-child\" data-id=\"277a72b\" data-element_type=\"container\" data-e-type=\"container\" data-settings=\"{&quot;background_background&quot;:&quot;classic&quot;}\">\n\t\t<div class=\"elementor-element elementor-element-1ae2d73 e-con-full e-flex e-con e-child\" data-id=\"1ae2d73\" data-element_type=\"container\" data-e-type=\"container\" data-settings=\"{&quot;background_background&quot;:&quot;classic&quot;}\">\n\t\t\t\t<div class=\"elementor-element elementor-element-0410a81 elementor-widget__width-initial circle-box right-left elementor-widget elementor-widget-heading\" data-id=\"0410a81\" data-element_type=\"widget\" data-e-type=\"widget\" data-widget_type=\"heading.default\">\n\t\t\t\t<div class=\"elementor-widget-container\">\n\t\t\t\t\t<h2 class=\"elementor-heading-title elementor-size-default\">Vortr\u00e4ge &amp; Veranstaltungen<\/h2>\t\t\t\t<\/div>\n\t\t\t\t<\/div>\n\t\t\t\t<\/div>\n\t\t\t\t<\/div>\n\t\t\t\t<\/div>\n\t\t<div class=\"elementor-element elementor-element-60444a1 e-con-full e-flex e-con e-child\" data-id=\"60444a1\" data-element_type=\"container\" data-e-type=\"container\" data-settings=\"{&quot;background_background&quot;:&quot;classic&quot;}\">\n\t\t<div class=\"elementor-element elementor-element-8059101 e-con-full e-flex e-con e-child\" data-id=\"8059101\" data-element_type=\"container\" data-e-type=\"container\" data-settings=\"{&quot;background_background&quot;:&quot;classic&quot;}\">\n\t\t\t\t<div class=\"elementor-element elementor-element-dded760 elementor-widget elementor-widget-image\" data-id=\"dded760\" data-element_type=\"widget\" data-e-type=\"widget\" data-widget_type=\"image.default\">\n\t\t\t\t<div class=\"elementor-widget-container\">\n\t\t\t\t\t\t\t\t\t\t\t\t\t\t\t\t<a href=\"https:\/\/eventfrog.ch\/en\/p\/courses-seminars\/general-education\/better-sleep-for-parents-children-7454523640677179209.html\">\n\t\t\t\t\t\t\t<img fetchpriority=\"high\" decoding=\"async\" width=\"768\" height=\"1086\" src=\"https:\/\/www.childrenfirst.ch\/wp-content\/uploads\/2026\/06\/sleep-talk-poster-july-768x1086.png\" class=\"attachment-medium_large size-medium_large wp-image-8797\" alt=\"alt= &quot;&quot;\" srcset=\"https:\/\/www.childrenfirst.ch\/wp-content\/uploads\/2026\/06\/sleep-talk-poster-july-768x1086.png 768w, https:\/\/www.childrenfirst.ch\/wp-content\/uploads\/2026\/06\/sleep-talk-poster-july-212x300.png 212w, https:\/\/www.childrenfirst.ch\/wp-content\/uploads\/2026\/06\/sleep-talk-poster-july-724x1024.png 724w, https:\/\/www.childrenfirst.ch\/wp-content\/uploads\/2026\/06\/sleep-talk-poster-july-1086x1536.png 1086w, https:\/\/www.childrenfirst.ch\/wp-content\/uploads\/2026\/06\/sleep-talk-poster-july.png 1414w\" sizes=\"(max-width: 768px) 100vw, 768px\" \/>\t\t\t\t\t\t\t\t<\/a>\n\t\t\t\t\t\t\t\t\t\t\t\t\t\t\t<\/div>\n\t\t\t\t<\/div>\n\t\t\t\t<div class=\"elementor-element elementor-element-1a98f8f elementor-widget-divider--view-line elementor-widget elementor-widget-divider\" data-id=\"1a98f8f\" data-element_type=\"widget\" data-e-type=\"widget\" data-widget_type=\"divider.default\">\n\t\t\t\t<div class=\"elementor-widget-container\">\n\t\t\t\t\t\t\t<div class=\"elementor-divider\">\n\t\t\t<span class=\"elementor-divider-separator\">\n\t\t\t\t\t\t<\/span>\n\t\t<\/div>\n\t\t\t\t\t\t<\/div>\n\t\t\t\t<\/div>\n\t\t<div class=\"elementor-element elementor-element-4b02618 e-con-full e-flex e-con e-child\" data-id=\"4b02618\" data-element_type=\"container\" data-e-type=\"container\">\n\t\t\t\t<\/div>\n\t\t\t\t<div class=\"elementor-element elementor-element-74015cb elementor-widget elementor-widget-text-editor\" data-id=\"74015cb\" data-element_type=\"widget\" data-e-type=\"widget\" data-widget_type=\"text-editor.default\">\n\t\t\t\t<div class=\"elementor-widget-container\">\n\t\t\t\t\t\t\t\t\t<h1>Besserer Schlaf f\u00fcr Kinder und Familien<\/h1><p>Besuchen Sie Monica Shah Zeeman, Gr\u00fcnderin von Children First und zertifizierte Schlafberaterin, f\u00fcr einen informativen Online-Vortrag \u00fcber den Schlaf von Eltern und Kindern und den Beitrag zu einer besseren Erholung f\u00fcr die ganze Familie. Monica wird erforschen, wie sich die Schlafbed\u00fcrfnisse im Laufe der Kindheit entwickeln, von Montessori inspirierte Ans\u00e4tze f\u00fcr den Aufbau gesunder Routinen vorstellen und praktische Strategien zur Unterst\u00fctzung erholsamer N\u00e4chte f\u00fcr die ganze Familie anbieten.<br\/>Diese Sitzung ist ideal f\u00fcr Eltern, die Klarheit, Ausgewogenheit und umsetzbare Anleitungen zur Verbesserung des Schlafs zu Hause suchen. <\/p>\t\t\t\t\t\t\t\t<\/div>\n\t\t\t\t<\/div>\n\t\t\t\t<div class=\"elementor-element elementor-element-70b0443 elementor-widget-divider--view-line elementor-widget elementor-widget-divider\" data-id=\"70b0443\" data-element_type=\"widget\" data-e-type=\"widget\" data-widget_type=\"divider.default\">\n\t\t\t\t<div class=\"elementor-widget-container\">\n\t\t\t\t\t\t\t<div class=\"elementor-divider\">\n\t\t\t<span class=\"elementor-divider-separator\">\n\t\t\t\t\t\t<\/span>\n\t\t<\/div>\n\t\t\t\t\t\t<\/div>\n\t\t\t\t<\/div>\n\t\t\t\t<div class=\"elementor-element elementor-element-eb9f5e9 elementor-widget elementor-widget-text-editor\" data-id=\"eb9f5e9\" data-element_type=\"widget\" data-e-type=\"widget\" data-widget_type=\"text-editor.default\">\n\t\t\t\t<div class=\"elementor-widget-container\">\n\t\t\t\t\t\t\t\t\t<p><strong>Donnerstagd, 2. Juli 2026,<\/strong><\/p><p><strong>12:00-13:00 (CEST)<\/strong><\/p><p><strong>Online | Englisch | 15 CHF<\/strong><\/p>\t\t\t\t\t\t\t\t<\/div>\n\t\t\t\t<\/div>\n\t\t\t\t<div class=\"elementor-element elementor-element-ccf246e elementor-widget-divider--view-line elementor-widget elementor-widget-divider\" data-id=\"ccf246e\" data-element_type=\"widget\" data-e-type=\"widget\" data-widget_type=\"divider.default\">\n\t\t\t\t<div class=\"elementor-widget-container\">\n\t\t\t\t\t\t\t<div class=\"elementor-divider\">\n\t\t\t<span class=\"elementor-divider-separator\">\n\t\t\t\t\t\t<\/span>\n\t\t<\/div>\n\t\t\t\t\t\t<\/div>\n\t\t\t\t<\/div>\n\t\t\t\t<div class=\"elementor-element elementor-element-2c6fdea elementor-widget elementor-widget-button\" data-id=\"2c6fdea\" data-element_type=\"widget\" data-e-type=\"widget\" data-widget_type=\"button.default\">\n\t\t\t\t<div class=\"elementor-widget-container\">\n\t\t\t\t\t\t\t\t\t<div class=\"elementor-button-wrapper\">\n\t\t\t\t\t<a class=\"elementor-button elementor-button-link elementor-size-sm\" href=\"https:\/\/eventfrog.ch\/en\/p\/courses-seminars\/general-education\/better-sleep-for-parents-children-7454523640677179209.html\">\n\t\t\t\t\t\t<span class=\"elementor-button-content-wrapper\">\n\t\t\t\t\t\t\t\t\t<span class=\"elementor-button-text\">Klicken Sie hier, um sich \u00fcber Eventfrog zu registrieren<\/span>\n\t\t\t\t\t<\/span>\n\t\t\t\t\t<\/a>\n\t\t\t\t<\/div>\n\t\t\t\t\t\t\t\t<\/div>\n\t\t\t\t<\/div>\n\t\t\t\t<\/div>\n\t\t\t\t<\/div>\n\t\t\t\t\t<\/div>\n\t\t\t\t<\/div>\n\t\t<div class=\"elementor-element elementor-element-a087806 e-flex e-con-boxed e-con e-parent\" data-id=\"a087806\" data-element_type=\"container\" data-e-type=\"container\">\n\t\t\t\t\t<div class=\"e-con-inner\">\n\t\t\t\t<div class=\"elementor-element elementor-element-d121d90 elementor-widget elementor-widget-button\" data-id=\"d121d90\" data-element_type=\"widget\" data-e-type=\"widget\" data-widget_type=\"button.default\">\n\t\t\t\t<div class=\"elementor-widget-container\">\n\t\t\t\t\t\t\t\t\t<div class=\"elementor-button-wrapper\">\n\t\t\t\t\t<a class=\"elementor-button elementor-button-link elementor-size-sm\" href=\"https:\/\/www.childrenfirst.ch\/de\/\">\n\t\t\t\t\t\t<span class=\"elementor-button-content-wrapper\">\n\t\t\t\t\t\t\t\t\t<span class=\"elementor-button-text\">Zur\u00fcck zur Startseite<\/span>\n\t\t\t\t\t<\/span>\n\t\t\t\t\t<\/a>\n\t\t\t\t<\/div>\n\t\t\t\t\t\t\t\t<\/div>\n\t\t\t\t<\/div>\n\t\t\t\t\t<\/div>\n\t\t\t\t<\/div>\n\t\t\t\t<\/div>\n\t\t","protected":false},"excerpt":{"rendered":"<p>Besuchen Sie Monica Shah Zeeman, die Gr\u00fcnderin von Children First, am 2. Juli um 12:00-13:00 Uhr (MESZ), um praktische Ratschl\u00e4ge und Erkenntnisse zu erhalten, die Eltern und Kindern zu erholsameren N\u00e4chten verhelfen.  <\/p>\n","protected":false},"author":7,"featured_media":8415,"comment_status":"closed","ping_status":"closed","sticky":false,"template":"","format":"standard","meta":{"_acf_changed":false,"footnotes":""},"categories":[25],"tags":[],"class_list":["post-8624","post","type-post","status-publish","format-standard","has-post-thumbnail","hentry","category-homepage-de"],"acf":[],"yoast_head":"<!-- This site is optimized with the Yoast SEO plugin v28.2 - https:\/\/yoast.com\/product\/yoast-seo-wordpress\/ -->\n<title>Vergangene Veranstaltung: Besserer Schlaf f\u00fcr Eltern und Kinder Online-Gespr\u00e4ch - Children First<\/title>\n<meta name=\"description\" content=\"An dieser online Veranstaltung teilt Monica Shah Zeeman praktische Ratschl\u00e4ge und Erkenntnisse, die Eltern und Kindern zu erholsameren N\u00e4chten verhelfen.\" \/>\n<meta name=\"robots\" content=\"index, follow, max-snippet:-1, max-image-preview:large, max-video-preview:-1\" \/>\n<link rel=\"canonical\" href=\"https:\/\/www.childrenfirst.ch\/de\/besserer-schlaf-fuer-eltern-und-kinder-online-gespraech\/\" \/>\n<meta property=\"og:locale\" content=\"de_DE\" \/>\n<meta property=\"og:type\" content=\"article\" \/>\n<meta property=\"og:title\" content=\"Vergangene Veranstaltung: Besserer Schlaf f\u00fcr Eltern und Kinder Online-Gespr\u00e4ch - Children First\" \/>\n<meta property=\"og:description\" content=\"An dieser online Veranstaltung teilt Monica Shah Zeeman praktische Ratschl\u00e4ge und Erkenntnisse, die Eltern und Kindern zu erholsameren N\u00e4chten verhelfen.\" \/>\n<meta property=\"og:url\" content=\"https:\/\/www.childrenfirst.ch\/de\/besserer-schlaf-fuer-eltern-und-kinder-online-gespraech\/\" \/>\n<meta property=\"og:site_name\" content=\"Children First\" \/>\n<meta property=\"article:published_time\" content=\"1001-05-13T08:18:48+00:00\" \/>\n<meta property=\"article:modified_time\" content=\"2026-06-23T07:19:17+00:00\" \/>\n<meta property=\"og:image\" content=\"https:\/\/www.childrenfirst.ch\/wp-content\/uploads\/2026\/05\/family-happy-in-bed-scaled.jpg\" \/>\n\t<meta property=\"og:image:width\" content=\"2560\" \/>\n\t<meta property=\"og:image:height\" content=\"2048\" \/>\n\t<meta property=\"og:image:type\" content=\"image\/jpeg\" \/>\n<meta name=\"author\" content=\"Zoe Myint-Maung\" \/>\n<meta name=\"twitter:card\" content=\"summary_large_image\" \/>\n<meta name=\"twitter:label1\" content=\"Verfasst von\" \/>\n\t<meta name=\"twitter:data1\" content=\"Zoe Myint-Maung\" \/>\n\t<meta name=\"twitter:label2\" content=\"Gesch\u00e4tzte Lesezeit\" \/>\n\t<meta name=\"twitter:data2\" content=\"1\u00a0Minute\" \/>\n<script type=\"application\/ld+json\" class=\"yoast-schema-graph\">{\"@context\":\"https:\\\/\\\/schema.org\",\"@graph\":[{\"@type\":\"Article\",\"@id\":\"https:\\\/\\\/www.childrenfirst.ch\\\/de\\\/besserer-schlaf-fuer-eltern-und-kinder-online-gespraech\\\/#article\",\"isPartOf\":{\"@id\":\"https:\\\/\\\/www.childrenfirst.ch\\\/de\\\/besserer-schlaf-fuer-eltern-und-kinder-online-gespraech\\\/\"},\"author\":{\"name\":\"Zoe Myint-Maung\",\"@id\":\"https:\\\/\\\/www.childrenfirst.ch\\\/de\\\/#\\\/schema\\\/person\\\/fcf416a0ca65a387b0021de7fab2e09e\"},\"headline\":\"Vergangene Veranstaltung: Besserer Schlaf f\u00fcr Eltern und Kinder Online-Gespr\u00e4ch\",\"datePublished\":\"1001-05-13T08:18:48+00:00\",\"dateModified\":\"2026-06-23T07:19:17+00:00\",\"mainEntityOfPage\":{\"@id\":\"https:\\\/\\\/www.childrenfirst.ch\\\/de\\\/besserer-schlaf-fuer-eltern-und-kinder-online-gespraech\\\/\"},\"wordCount\":139,\"publisher\":{\"@id\":\"https:\\\/\\\/www.childrenfirst.ch\\\/de\\\/#organization\"},\"image\":{\"@id\":\"https:\\\/\\\/www.childrenfirst.ch\\\/de\\\/besserer-schlaf-fuer-eltern-und-kinder-online-gespraech\\\/#primaryimage\"},\"thumbnailUrl\":\"https:\\\/\\\/www.childrenfirst.ch\\\/wp-content\\\/uploads\\\/2026\\\/05\\\/family-happy-in-bed-scaled.jpg\",\"articleSection\":[\"Homepage\"],\"inLanguage\":\"de\"},{\"@type\":\"WebPage\",\"@id\":\"https:\\\/\\\/www.childrenfirst.ch\\\/de\\\/besserer-schlaf-fuer-eltern-und-kinder-online-gespraech\\\/\",\"url\":\"https:\\\/\\\/www.childrenfirst.ch\\\/de\\\/besserer-schlaf-fuer-eltern-und-kinder-online-gespraech\\\/\",\"name\":\"Vergangene Veranstaltung: Besserer Schlaf f\u00fcr Eltern und Kinder Online-Gespr\u00e4ch - Children First\",\"isPartOf\":{\"@id\":\"https:\\\/\\\/www.childrenfirst.ch\\\/de\\\/#website\"},\"primaryImageOfPage\":{\"@id\":\"https:\\\/\\\/www.childrenfirst.ch\\\/de\\\/besserer-schlaf-fuer-eltern-und-kinder-online-gespraech\\\/#primaryimage\"},\"image\":{\"@id\":\"https:\\\/\\\/www.childrenfirst.ch\\\/de\\\/besserer-schlaf-fuer-eltern-und-kinder-online-gespraech\\\/#primaryimage\"},\"thumbnailUrl\":\"https:\\\/\\\/www.childrenfirst.ch\\\/wp-content\\\/uploads\\\/2026\\\/05\\\/family-happy-in-bed-scaled.jpg\",\"datePublished\":\"1001-05-13T08:18:48+00:00\",\"dateModified\":\"2026-06-23T07:19:17+00:00\",\"description\":\"An dieser online Veranstaltung teilt Monica Shah Zeeman praktische Ratschl\u00e4ge und Erkenntnisse, die Eltern und Kindern zu erholsameren N\u00e4chten verhelfen.\",\"breadcrumb\":{\"@id\":\"https:\\\/\\\/www.childrenfirst.ch\\\/de\\\/besserer-schlaf-fuer-eltern-und-kinder-online-gespraech\\\/#breadcrumb\"},\"inLanguage\":\"de\",\"potentialAction\":[{\"@type\":\"ReadAction\",\"target\":[\"https:\\\/\\\/www.childrenfirst.ch\\\/de\\\/besserer-schlaf-fuer-eltern-und-kinder-online-gespraech\\\/\"]}]},{\"@type\":\"ImageObject\",\"inLanguage\":\"de\",\"@id\":\"https:\\\/\\\/www.childrenfirst.ch\\\/de\\\/besserer-schlaf-fuer-eltern-und-kinder-online-gespraech\\\/#primaryimage\",\"url\":\"https:\\\/\\\/www.childrenfirst.ch\\\/wp-content\\\/uploads\\\/2026\\\/05\\\/family-happy-in-bed-scaled.jpg\",\"contentUrl\":\"https:\\\/\\\/www.childrenfirst.ch\\\/wp-content\\\/uploads\\\/2026\\\/05\\\/family-happy-in-bed-scaled.jpg\",\"width\":2560,\"height\":2048},{\"@type\":\"BreadcrumbList\",\"@id\":\"https:\\\/\\\/www.childrenfirst.ch\\\/de\\\/besserer-schlaf-fuer-eltern-und-kinder-online-gespraech\\\/#breadcrumb\",\"itemListElement\":[{\"@type\":\"ListItem\",\"position\":1,\"name\":\"Home\",\"item\":\"https:\\\/\\\/www.childrenfirst.ch\\\/de\\\/\"},{\"@type\":\"ListItem\",\"position\":2,\"name\":\"Vergangene Veranstaltung: Besserer Schlaf f\u00fcr Eltern und Kinder Online-Gespr\u00e4ch\"}]},{\"@type\":\"WebSite\",\"@id\":\"https:\\\/\\\/www.childrenfirst.ch\\\/de\\\/#website\",\"url\":\"https:\\\/\\\/www.childrenfirst.ch\\\/de\\\/\",\"name\":\"Children First\",\"description\":\"International daycare, preschool and kindergarten\",\"publisher\":{\"@id\":\"https:\\\/\\\/www.childrenfirst.ch\\\/de\\\/#organization\"},\"potentialAction\":[{\"@type\":\"SearchAction\",\"target\":{\"@type\":\"EntryPoint\",\"urlTemplate\":\"https:\\\/\\\/www.childrenfirst.ch\\\/de\\\/?s={search_term_string}\"},\"query-input\":{\"@type\":\"PropertyValueSpecification\",\"valueRequired\":true,\"valueName\":\"search_term_string\"}}],\"inLanguage\":\"de\"},{\"@type\":\"Organization\",\"@id\":\"https:\\\/\\\/www.childrenfirst.ch\\\/de\\\/#organization\",\"name\":\"Children First\",\"url\":\"https:\\\/\\\/www.childrenfirst.ch\\\/de\\\/\",\"logo\":{\"@type\":\"ImageObject\",\"inLanguage\":\"de\",\"@id\":\"https:\\\/\\\/www.childrenfirst.ch\\\/de\\\/#\\\/schema\\\/logo\\\/image\\\/\",\"url\":\"https:\\\/\\\/www.childrenfirst.ch\\\/wp-content\\\/uploads\\\/2024\\\/12\\\/logo-1.png\",\"contentUrl\":\"https:\\\/\\\/www.childrenfirst.ch\\\/wp-content\\\/uploads\\\/2024\\\/12\\\/logo-1.png\",\"width\":305,\"height\":82,\"caption\":\"Children First\"},\"image\":{\"@id\":\"https:\\\/\\\/www.childrenfirst.ch\\\/de\\\/#\\\/schema\\\/logo\\\/image\\\/\"}},{\"@type\":\"Person\",\"@id\":\"https:\\\/\\\/www.childrenfirst.ch\\\/de\\\/#\\\/schema\\\/person\\\/fcf416a0ca65a387b0021de7fab2e09e\",\"name\":\"Zoe Myint-Maung\",\"image\":{\"@type\":\"ImageObject\",\"inLanguage\":\"de\",\"@id\":\"https:\\\/\\\/secure.gravatar.com\\\/avatar\\\/88d3681b5c586fb95391ea64772e1faf2b23df09a1c256498ff694cb4b71482e?s=96&d=mm&r=g\",\"url\":\"https:\\\/\\\/secure.gravatar.com\\\/avatar\\\/88d3681b5c586fb95391ea64772e1faf2b23df09a1c256498ff694cb4b71482e?s=96&d=mm&r=g\",\"contentUrl\":\"https:\\\/\\\/secure.gravatar.com\\\/avatar\\\/88d3681b5c586fb95391ea64772e1faf2b23df09a1c256498ff694cb4b71482e?s=96&d=mm&r=g\",\"caption\":\"Zoe Myint-Maung\"},\"url\":\"https:\\\/\\\/www.childrenfirst.ch\\\/de\\\/author\\\/zoe\\\/\"}]}<\/script>\n<!-- \/ Yoast SEO plugin. -->","yoast_head_json":{"title":"Vergangene Veranstaltung: Besserer Schlaf f\u00fcr Eltern und Kinder Online-Gespr\u00e4ch - Children First","description":"An dieser online Veranstaltung teilt Monica Shah Zeeman praktische Ratschl\u00e4ge und Erkenntnisse, die Eltern und Kindern zu erholsameren N\u00e4chten verhelfen.","robots":{"index":"index","follow":"follow","max-snippet":"max-snippet:-1","max-image-preview":"max-image-preview:large","max-video-preview":"max-video-preview:-1"},"canonical":"https:\/\/www.childrenfirst.ch\/de\/besserer-schlaf-fuer-eltern-und-kinder-online-gespraech\/","og_locale":"de_DE","og_type":"article","og_title":"Vergangene Veranstaltung: Besserer Schlaf f\u00fcr Eltern und Kinder Online-Gespr\u00e4ch - Children First","og_description":"An dieser online Veranstaltung teilt Monica Shah Zeeman praktische Ratschl\u00e4ge und Erkenntnisse, die Eltern und Kindern zu erholsameren N\u00e4chten verhelfen.","og_url":"https:\/\/www.childrenfirst.ch\/de\/besserer-schlaf-fuer-eltern-und-kinder-online-gespraech\/","og_site_name":"Children First","article_published_time":"1001-05-13T08:18:48+00:00","article_modified_time":"2026-06-23T07:19:17+00:00","og_image":[{"width":2560,"height":2048,"url":"https:\/\/www.childrenfirst.ch\/wp-content\/uploads\/2026\/05\/family-happy-in-bed-scaled.jpg","type":"image\/jpeg"}],"author":"Zoe Myint-Maung","twitter_card":"summary_large_image","twitter_misc":{"Verfasst von":"Zoe Myint-Maung","Gesch\u00e4tzte Lesezeit":"1\u00a0Minute"},"schema":{"@context":"https:\/\/schema.org","@graph":[{"@type":"Article","@id":"https:\/\/www.childrenfirst.ch\/de\/besserer-schlaf-fuer-eltern-und-kinder-online-gespraech\/#article","isPartOf":{"@id":"https:\/\/www.childrenfirst.ch\/de\/besserer-schlaf-fuer-eltern-und-kinder-online-gespraech\/"},"author":{"name":"Zoe Myint-Maung","@id":"https:\/\/www.childrenfirst.ch\/de\/#\/schema\/person\/fcf416a0ca65a387b0021de7fab2e09e"},"headline":"Vergangene Veranstaltung: Besserer Schlaf f\u00fcr Eltern und Kinder Online-Gespr\u00e4ch","datePublished":"1001-05-13T08:18:48+00:00","dateModified":"2026-06-23T07:19:17+00:00","mainEntityOfPage":{"@id":"https:\/\/www.childrenfirst.ch\/de\/besserer-schlaf-fuer-eltern-und-kinder-online-gespraech\/"},"wordCount":139,"publisher":{"@id":"https:\/\/www.childrenfirst.ch\/de\/#organization"},"image":{"@id":"https:\/\/www.childrenfirst.ch\/de\/besserer-schlaf-fuer-eltern-und-kinder-online-gespraech\/#primaryimage"},"thumbnailUrl":"https:\/\/www.childrenfirst.ch\/wp-content\/uploads\/2026\/05\/family-happy-in-bed-scaled.jpg","articleSection":["Homepage"],"inLanguage":"de"},{"@type":"WebPage","@id":"https:\/\/www.childrenfirst.ch\/de\/besserer-schlaf-fuer-eltern-und-kinder-online-gespraech\/","url":"https:\/\/www.childrenfirst.ch\/de\/besserer-schlaf-fuer-eltern-und-kinder-online-gespraech\/","name":"Vergangene Veranstaltung: Besserer Schlaf f\u00fcr Eltern und Kinder Online-Gespr\u00e4ch - Children First","isPartOf":{"@id":"https:\/\/www.childrenfirst.ch\/de\/#website"},"primaryImageOfPage":{"@id":"https:\/\/www.childrenfirst.ch\/de\/besserer-schlaf-fuer-eltern-und-kinder-online-gespraech\/#primaryimage"},"image":{"@id":"https:\/\/www.childrenfirst.ch\/de\/besserer-schlaf-fuer-eltern-und-kinder-online-gespraech\/#primaryimage"},"thumbnailUrl":"https:\/\/www.childrenfirst.ch\/wp-content\/uploads\/2026\/05\/family-happy-in-bed-scaled.jpg","datePublished":"1001-05-13T08:18:48+00:00","dateModified":"2026-06-23T07:19:17+00:00","description":"An dieser online Veranstaltung teilt Monica Shah Zeeman praktische Ratschl\u00e4ge und Erkenntnisse, die Eltern und Kindern zu erholsameren N\u00e4chten verhelfen.","breadcrumb":{"@id":"https:\/\/www.childrenfirst.ch\/de\/besserer-schlaf-fuer-eltern-und-kinder-online-gespraech\/#breadcrumb"},"inLanguage":"de","potentialAction":[{"@type":"ReadAction","target":["https:\/\/www.childrenfirst.ch\/de\/besserer-schlaf-fuer-eltern-und-kinder-online-gespraech\/"]}]},{"@type":"ImageObject","inLanguage":"de","@id":"https:\/\/www.childrenfirst.ch\/de\/besserer-schlaf-fuer-eltern-und-kinder-online-gespraech\/#primaryimage","url":"https:\/\/www.childrenfirst.ch\/wp-content\/uploads\/2026\/05\/family-happy-in-bed-scaled.jpg","contentUrl":"https:\/\/www.childrenfirst.ch\/wp-content\/uploads\/2026\/05\/family-happy-in-bed-scaled.jpg","width":2560,"height":2048},{"@type":"BreadcrumbList","@id":"https:\/\/www.childrenfirst.ch\/de\/besserer-schlaf-fuer-eltern-und-kinder-online-gespraech\/#breadcrumb","itemListElement":[{"@type":"ListItem","position":1,"name":"Home","item":"https:\/\/www.childrenfirst.ch\/de\/"},{"@type":"ListItem","position":2,"name":"Vergangene Veranstaltung: Besserer Schlaf f\u00fcr Eltern und Kinder Online-Gespr\u00e4ch"}]},{"@type":"WebSite","@id":"https:\/\/www.childrenfirst.ch\/de\/#website","url":"https:\/\/www.childrenfirst.ch\/de\/","name":"Children First","description":"International daycare, preschool and kindergarten","publisher":{"@id":"https:\/\/www.childrenfirst.ch\/de\/#organization"},"potentialAction":[{"@type":"SearchAction","target":{"@type":"EntryPoint","urlTemplate":"https:\/\/www.childrenfirst.ch\/de\/?s={search_term_string}"},"query-input":{"@type":"PropertyValueSpecification","valueRequired":true,"valueName":"search_term_string"}}],"inLanguage":"de"},{"@type":"Organization","@id":"https:\/\/www.childrenfirst.ch\/de\/#organization","name":"Children First","url":"https:\/\/www.childrenfirst.ch\/de\/","logo":{"@type":"ImageObject","inLanguage":"de","@id":"https:\/\/www.childrenfirst.ch\/de\/#\/schema\/logo\/image\/","url":"https:\/\/www.childrenfirst.ch\/wp-content\/uploads\/2024\/12\/logo-1.png","contentUrl":"https:\/\/www.childrenfirst.ch\/wp-content\/uploads\/2024\/12\/logo-1.png","width":305,"height":82,"caption":"Children First"},"image":{"@id":"https:\/\/www.childrenfirst.ch\/de\/#\/schema\/logo\/image\/"}},{"@type":"Person","@id":"https:\/\/www.childrenfirst.ch\/de\/#\/schema\/person\/fcf416a0ca65a387b0021de7fab2e09e","name":"Zoe Myint-Maung","image":{"@type":"ImageObject","inLanguage":"de","@id":"https:\/\/secure.gravatar.com\/avatar\/88d3681b5c586fb95391ea64772e1faf2b23df09a1c256498ff694cb4b71482e?s=96&d=mm&r=g","url":"https:\/\/secure.gravatar.com\/avatar\/88d3681b5c586fb95391ea64772e1faf2b23df09a1c256498ff694cb4b71482e?s=96&d=mm&r=g","contentUrl":"https:\/\/secure.gravatar.com\/avatar\/88d3681b5c586fb95391ea64772e1faf2b23df09a1c256498ff694cb4b71482e?s=96&d=mm&r=g","caption":"Zoe Myint-Maung"},"url":"https:\/\/www.childrenfirst.ch\/de\/author\/zoe\/"}]}},"_links":{"self":[{"href":"https:\/\/www.childrenfirst.ch\/de\/wp-json\/wp\/v2\/posts\/8624","targetHints":{"allow":["GET"]}}],"collection":[{"href":"https:\/\/www.childrenfirst.ch\/de\/wp-json\/wp\/v2\/posts"}],"about":[{"href":"https:\/\/www.childrenfirst.ch\/de\/wp-json\/wp\/v2\/types\/post"}],"author":[{"embeddable":true,"href":"https:\/\/www.childrenfirst.ch\/de\/wp-json\/wp\/v2\/users\/7"}],"replies":[{"embeddable":true,"href":"https:\/\/www.childrenfirst.ch\/de\/wp-json\/wp\/v2\/comments?post=8624"}],"version-history":[{"count":6,"href":"https:\/\/www.childrenfirst.ch\/de\/wp-json\/wp\/v2\/posts\/8624\/revisions"}],"predecessor-version":[{"id":8801,"href":"https:\/\/www.childrenfirst.ch\/de\/wp-json\/wp\/v2\/posts\/8624\/revisions\/8801"}],"wp:featuredmedia":[{"embeddable":true,"href":"https:\/\/www.childrenfirst.ch\/de\/wp-json\/wp\/v2\/media\/8415"}],"wp:attachment":[{"href":"https:\/\/www.childrenfirst.ch\/de\/wp-json\/wp\/v2\/media?parent=8624"}],"wp:term":[{"taxonomy":"category","embeddable":true,"href":"https:\/\/www.childrenfirst.ch\/de\/wp-json\/wp\/v2\/categories?post=8624"},{"taxonomy":"post_tag","embeddable":true,"href":"https:\/\/www.childrenfirst.ch\/de\/wp-json\/wp\/v2\/tags?post=8624"}],"curies":[{"name":"wp","href":"https:\/\/api.w.org\/{rel}","templated":true}]}}