{"id":8434,"date":"1001-04-30T09:35:53","date_gmt":"1001-04-30T09:35:53","guid":{"rendered":"https:\/\/www.childrenfirst.ch\/online-gespraech-ueber-schulsysteme-mit-monica-shah-zeeman\/"},"modified":"2026-08-30T21:10:15","modified_gmt":"2026-08-30T21:10:15","slug":"online-gespraech-ueber-schulsysteme-mit-monica-shah-zeeman","status":"publish","type":"post","link":"https:\/\/www.childrenfirst.ch\/de\/online-gespraech-ueber-schulsysteme-mit-monica-shah-zeeman\/","title":{"rendered":"Online-Seminar \u00fcber Schulsysteme mit Monica Shah Zeeman"},"content":{"rendered":"\t\t<div data-elementor-type=\"wp-post\" data-elementor-id=\"8434\" class=\"elementor elementor-8434 elementor-8219\" data-elementor-post-type=\"post\">\n\t\t\t\t<div class=\"elementor-element elementor-element-22903a8 relative-section e-flex e-con-boxed e-con e-parent\" data-id=\"22903a8\" data-element_type=\"container\" data-e-type=\"container\">\n\t\t\t\t\t<div class=\"e-con-inner\">\n\t\t<div class=\"elementor-element elementor-element-85d8e74 e-con-full e-flex e-con e-child\" data-id=\"85d8e74\" data-element_type=\"container\" data-e-type=\"container\" data-settings=\"{&quot;background_background&quot;:&quot;classic&quot;}\">\n\t\t<div class=\"elementor-element elementor-element-277a72b e-con-full e-flex e-con e-child\" data-id=\"277a72b\" data-element_type=\"container\" data-e-type=\"container\" data-settings=\"{&quot;background_background&quot;:&quot;classic&quot;}\">\n\t\t<div class=\"elementor-element elementor-element-1ae2d73 e-con-full e-flex e-con e-child\" data-id=\"1ae2d73\" data-element_type=\"container\" data-e-type=\"container\" data-settings=\"{&quot;background_background&quot;:&quot;classic&quot;}\">\n\t\t\t\t<div class=\"elementor-element elementor-element-0410a81 elementor-widget__width-initial circle-box right-left elementor-widget elementor-widget-heading\" data-id=\"0410a81\" data-element_type=\"widget\" data-e-type=\"widget\" data-widget_type=\"heading.default\">\n\t\t\t\t<div class=\"elementor-widget-container\">\n\t\t\t\t\t<h2 class=\"elementor-heading-title elementor-size-default\">Vortr\u00e4ge &amp; Veranstaltungen<\/h2>\t\t\t\t<\/div>\n\t\t\t\t<\/div>\n\t\t\t\t<\/div>\n\t\t\t\t<\/div>\n\t\t\t\t<\/div>\n\t\t<div class=\"elementor-element elementor-element-60444a1 e-con-full e-flex e-con e-child\" data-id=\"60444a1\" data-element_type=\"container\" data-e-type=\"container\" data-settings=\"{&quot;background_background&quot;:&quot;classic&quot;}\">\n\t\t<div class=\"elementor-element elementor-element-8059101 e-con-full e-flex e-con e-child\" data-id=\"8059101\" data-element_type=\"container\" data-e-type=\"container\" data-settings=\"{&quot;background_background&quot;:&quot;classic&quot;}\">\n\t\t\t\t<div class=\"elementor-element elementor-element-dded760 elementor-widget elementor-widget-image\" data-id=\"dded760\" data-element_type=\"widget\" data-e-type=\"widget\" data-widget_type=\"image.default\">\n\t\t\t\t<div class=\"elementor-widget-container\">\n\t\t\t\t\t\t\t\t\t\t\t\t\t\t\t\t<a href=\"https:\/\/eventfrog.ch\/en\/p\/courses-seminars\/general-education\/navigating-school-systems-in-zurich-7450467282789112887.html\">\n\t\t\t\t\t\t\t<img fetchpriority=\"high\" decoding=\"async\" width=\"768\" height=\"469\" src=\"https:\/\/www.childrenfirst.ch\/wp-content\/uploads\/2026\/04\/School-Systems-v2.1-768x469.png\" class=\"attachment-medium_large size-medium_large wp-image-9012\" alt=\"\" srcset=\"https:\/\/www.childrenfirst.ch\/wp-content\/uploads\/2026\/04\/School-Systems-v2.1-768x469.png 768w, https:\/\/www.childrenfirst.ch\/wp-content\/uploads\/2026\/04\/School-Systems-v2.1-300x183.png 300w, https:\/\/www.childrenfirst.ch\/wp-content\/uploads\/2026\/04\/School-Systems-v2.1-1024x626.png 1024w, https:\/\/www.childrenfirst.ch\/wp-content\/uploads\/2026\/04\/School-Systems-v2.1-1536x938.png 1536w, https:\/\/www.childrenfirst.ch\/wp-content\/uploads\/2026\/04\/School-Systems-v2.1-2048x1251.png 2048w\" sizes=\"(max-width: 768px) 100vw, 768px\" \/>\t\t\t\t\t\t\t\t<\/a>\n\t\t\t\t\t\t\t\t\t\t\t\t\t\t\t<\/div>\n\t\t\t\t<\/div>\n\t\t\t\t<div class=\"elementor-element elementor-element-1a98f8f elementor-widget-divider--view-line elementor-widget elementor-widget-divider\" data-id=\"1a98f8f\" data-element_type=\"widget\" data-e-type=\"widget\" data-widget_type=\"divider.default\">\n\t\t\t\t<div class=\"elementor-widget-container\">\n\t\t\t\t\t\t\t<div class=\"elementor-divider\">\n\t\t\t<span class=\"elementor-divider-separator\">\n\t\t\t\t\t\t<\/span>\n\t\t<\/div>\n\t\t\t\t\t\t<\/div>\n\t\t\t\t<\/div>\n\t\t<div class=\"elementor-element elementor-element-4b02618 e-con-full e-flex e-con e-child\" data-id=\"4b02618\" data-element_type=\"container\" data-e-type=\"container\">\n\t\t\t\t<\/div>\n\t\t\t\t<div class=\"elementor-element elementor-element-74015cb elementor-widget elementor-widget-text-editor\" data-id=\"74015cb\" data-element_type=\"widget\" data-e-type=\"widget\" data-widget_type=\"text-editor.default\">\n\t\t\t\t<div class=\"elementor-widget-container\">\n\t\t\t\t\t\t\t\t\t<h1>Navigation im Schulsystem in Z\u00fcrich<\/h1><p>Begleiten Sie Monica Shah Zeeman, die Gr\u00fcnderin von Children First, zu einem informativen Online-Vortrag \u00fcber die Navigation im Schulsystem in Z\u00fcrich. Monica Shah Zeeman wird Ihnen den Weg zur Grundschule und zur weiterf\u00fchrenden Schule erl\u00e4utern und erkl\u00e4ren, was eine internationale Schule in der Schweiz ausmacht. Sie wird auch die f\u00fcnf Stufen der Sprachentwicklung vorstellen und die M\u00f6glichkeiten der zweisprachigen Erziehung erl\u00e4utern.<\/p><p>Diese Sitzung ist ideal f\u00fcr berufst\u00e4tige Eltern, die Klarheit oder praktische Ratschl\u00e4ge zu den Ver\u00e4nderungen im Bildungssystem suchen und sich f\u00fcr Ganztagsschulangebote interessieren.<\/p>\t\t\t\t\t\t\t\t<\/div>\n\t\t\t\t<\/div>\n\t\t\t\t<div class=\"elementor-element elementor-element-70b0443 elementor-widget-divider--view-line elementor-widget elementor-widget-divider\" data-id=\"70b0443\" data-element_type=\"widget\" data-e-type=\"widget\" data-widget_type=\"divider.default\">\n\t\t\t\t<div class=\"elementor-widget-container\">\n\t\t\t\t\t\t\t<div class=\"elementor-divider\">\n\t\t\t<span class=\"elementor-divider-separator\">\n\t\t\t\t\t\t<\/span>\n\t\t<\/div>\n\t\t\t\t\t\t<\/div>\n\t\t\t\t<\/div>\n\t\t\t\t<div class=\"elementor-element elementor-element-eb9f5e9 elementor-widget elementor-widget-text-editor\" data-id=\"eb9f5e9\" data-element_type=\"widget\" data-e-type=\"widget\" data-widget_type=\"text-editor.default\">\n\t\t\t\t<div class=\"elementor-widget-container\">\n\t\t\t\t\t\t\t\t\t<p><strong>Montag, 21. September 2026,<\/strong><\/p><p><strong>12:00-13:00 (CEST)<\/strong><\/p><p><strong>Online | Englisch | 15 CHF<\/strong><\/p>\t\t\t\t\t\t\t\t<\/div>\n\t\t\t\t<\/div>\n\t\t\t\t<div class=\"elementor-element elementor-element-ccf246e elementor-widget-divider--view-line elementor-widget elementor-widget-divider\" data-id=\"ccf246e\" data-element_type=\"widget\" data-e-type=\"widget\" data-widget_type=\"divider.default\">\n\t\t\t\t<div class=\"elementor-widget-container\">\n\t\t\t\t\t\t\t<div class=\"elementor-divider\">\n\t\t\t<span class=\"elementor-divider-separator\">\n\t\t\t\t\t\t<\/span>\n\t\t<\/div>\n\t\t\t\t\t\t<\/div>\n\t\t\t\t<\/div>\n\t\t\t\t<div class=\"elementor-element elementor-element-2c6fdea elementor-widget elementor-widget-button\" data-id=\"2c6fdea\" data-element_type=\"widget\" data-e-type=\"widget\" data-widget_type=\"button.default\">\n\t\t\t\t<div class=\"elementor-widget-container\">\n\t\t\t\t\t\t\t\t\t<div class=\"elementor-button-wrapper\">\n\t\t\t\t\t<a class=\"elementor-button elementor-button-link elementor-size-sm\" href=\"https:\/\/eventfrog.ch\/en\/p\/courses-seminars\/general-education\/navigating-school-systems-in-zurich-7450467282789112887.html\">\n\t\t\t\t\t\t<span class=\"elementor-button-content-wrapper\">\n\t\t\t\t\t\t\t\t\t<span class=\"elementor-button-text\">Klicken Sie hier, um sich \u00fcber Eventfrog zu registrieren<\/span>\n\t\t\t\t\t<\/span>\n\t\t\t\t\t<\/a>\n\t\t\t\t<\/div>\n\t\t\t\t\t\t\t\t<\/div>\n\t\t\t\t<\/div>\n\t\t\t\t<\/div>\n\t\t\t\t<\/div>\n\t\t\t\t\t<\/div>\n\t\t\t\t<\/div>\n\t\t<div class=\"elementor-element elementor-element-a087806 e-flex e-con-boxed e-con e-parent\" data-id=\"a087806\" data-element_type=\"container\" data-e-type=\"container\">\n\t\t\t\t\t<div class=\"e-con-inner\">\n\t\t\t\t<div class=\"elementor-element elementor-element-d121d90 elementor-widget elementor-widget-button\" data-id=\"d121d90\" data-element_type=\"widget\" data-e-type=\"widget\" data-widget_type=\"button.default\">\n\t\t\t\t<div class=\"elementor-widget-container\">\n\t\t\t\t\t\t\t\t\t<div class=\"elementor-button-wrapper\">\n\t\t\t\t\t<a class=\"elementor-button elementor-button-link elementor-size-sm\" href=\"https:\/\/www.childrenfirst.ch\/de\/\">\n\t\t\t\t\t\t<span class=\"elementor-button-content-wrapper\">\n\t\t\t\t\t\t\t\t\t<span class=\"elementor-button-text\">Zur\u00fcck zur Startseite<\/span>\n\t\t\t\t\t<\/span>\n\t\t\t\t\t<\/a>\n\t\t\t\t<\/div>\n\t\t\t\t\t\t\t\t<\/div>\n\t\t\t\t<\/div>\n\t\t\t\t\t<\/div>\n\t\t\t\t<\/div>\n\t\t\t\t<\/div>\n\t\t","protected":false},"excerpt":{"rendered":"<p>Kommen Sie am 21. September um 12:00-13:00 Uhr (MESZ) zu Monica Shah Zeeman, der Gr\u00fcnderin von Children First, um sich Klarheit zu verschaffen oder praktische Ratschl\u00e4ge zu den Ver\u00e4nderungen in den Bildungswegen und der Navigation durch die Schulsysteme in Z\u00fcrich zu erhalten.<\/p>\n","protected":false},"author":7,"featured_media":8385,"comment_status":"closed","ping_status":"closed","sticky":false,"template":"","format":"standard","meta":{"_acf_changed":false,"footnotes":""},"categories":[25],"tags":[],"class_list":["post-8434","post","type-post","status-publish","format-standard","has-post-thumbnail","hentry","category-homepage-de"],"acf":[],"yoast_head":"<!-- This site is optimized with the Yoast SEO plugin v28.2 - https:\/\/yoast.com\/product\/yoast-seo-wordpress\/ -->\n<title>Online-Seminar \u00fcber Schulsysteme mit Monica Shah Zeeman - Children First<\/title>\n<meta name=\"description\" content=\"Verwirrt von der Schulwahl in Z\u00fcrich? Lernen Sie, sich im Bildungssystem zurechtzufinden, zweisprachige Wege zu erkunden und die fr\u00fche Sprachentwicklung zu verstehen.\" \/>\n<meta name=\"robots\" content=\"index, follow, max-snippet:-1, max-image-preview:large, max-video-preview:-1\" \/>\n<link rel=\"canonical\" href=\"https:\/\/www.childrenfirst.ch\/de\/online-gespraech-ueber-schulsysteme-mit-monica-shah-zeeman\/\" \/>\n<meta property=\"og:locale\" content=\"de_DE\" \/>\n<meta property=\"og:type\" content=\"article\" \/>\n<meta property=\"og:title\" content=\"Online-Seminar \u00fcber Schulsysteme mit Monica Shah Zeeman - Children First\" \/>\n<meta property=\"og:description\" content=\"Verwirrt von der Schulwahl in Z\u00fcrich? Lernen Sie, sich im Bildungssystem zurechtzufinden, zweisprachige Wege zu erkunden und die fr\u00fche Sprachentwicklung zu verstehen.\" \/>\n<meta property=\"og:url\" content=\"https:\/\/www.childrenfirst.ch\/de\/online-gespraech-ueber-schulsysteme-mit-monica-shah-zeeman\/\" \/>\n<meta property=\"og:site_name\" content=\"Children First\" \/>\n<meta property=\"article:published_time\" content=\"1001-04-30T09:35:53+00:00\" \/>\n<meta property=\"article:modified_time\" content=\"2026-08-30T21:10:15+00:00\" \/>\n<meta property=\"og:image\" content=\"https:\/\/www.childrenfirst.ch\/wp-content\/uploads\/1899\/04\/two-kids-using-laptop-lesson-scaled.jpg\" \/>\n\t<meta property=\"og:image:width\" content=\"2560\" \/>\n\t<meta property=\"og:image:height\" content=\"1709\" \/>\n\t<meta property=\"og:image:type\" content=\"image\/jpeg\" \/>\n<meta name=\"author\" content=\"Zoe Myint-Maung\" \/>\n<meta name=\"twitter:card\" content=\"summary_large_image\" \/>\n<meta name=\"twitter:label1\" content=\"Verfasst von\" \/>\n\t<meta name=\"twitter:data1\" content=\"Zoe Myint-Maung\" \/>\n\t<meta name=\"twitter:label2\" content=\"Gesch\u00e4tzte Lesezeit\" \/>\n\t<meta name=\"twitter:data2\" content=\"1\u00a0Minute\" \/>\n<script type=\"application\/ld+json\" class=\"yoast-schema-graph\">{\"@context\":\"https:\\\/\\\/schema.org\",\"@graph\":[{\"@type\":\"Article\",\"@id\":\"https:\\\/\\\/www.childrenfirst.ch\\\/de\\\/online-gespraech-ueber-schulsysteme-mit-monica-shah-zeeman\\\/#article\",\"isPartOf\":{\"@id\":\"https:\\\/\\\/www.childrenfirst.ch\\\/de\\\/online-gespraech-ueber-schulsysteme-mit-monica-shah-zeeman\\\/\"},\"author\":{\"name\":\"Zoe Myint-Maung\",\"@id\":\"https:\\\/\\\/www.childrenfirst.ch\\\/de\\\/#\\\/schema\\\/person\\\/fcf416a0ca65a387b0021de7fab2e09e\"},\"headline\":\"Online-Seminar \u00fcber Schulsysteme mit Monica Shah Zeeman\",\"datePublished\":\"1001-04-30T09:35:53+00:00\",\"dateModified\":\"2026-08-30T21:10:15+00:00\",\"mainEntityOfPage\":{\"@id\":\"https:\\\/\\\/www.childrenfirst.ch\\\/de\\\/online-gespraech-ueber-schulsysteme-mit-monica-shah-zeeman\\\/\"},\"wordCount\":134,\"publisher\":{\"@id\":\"https:\\\/\\\/www.childrenfirst.ch\\\/de\\\/#organization\"},\"image\":{\"@id\":\"https:\\\/\\\/www.childrenfirst.ch\\\/de\\\/online-gespraech-ueber-schulsysteme-mit-monica-shah-zeeman\\\/#primaryimage\"},\"thumbnailUrl\":\"https:\\\/\\\/www.childrenfirst.ch\\\/wp-content\\\/uploads\\\/1899\\\/04\\\/two-kids-using-laptop-lesson-scaled.jpg\",\"articleSection\":[\"Homepage\"],\"inLanguage\":\"de\"},{\"@type\":\"WebPage\",\"@id\":\"https:\\\/\\\/www.childrenfirst.ch\\\/de\\\/online-gespraech-ueber-schulsysteme-mit-monica-shah-zeeman\\\/\",\"url\":\"https:\\\/\\\/www.childrenfirst.ch\\\/de\\\/online-gespraech-ueber-schulsysteme-mit-monica-shah-zeeman\\\/\",\"name\":\"Online-Seminar \u00fcber Schulsysteme mit Monica Shah Zeeman - Children First\",\"isPartOf\":{\"@id\":\"https:\\\/\\\/www.childrenfirst.ch\\\/de\\\/#website\"},\"primaryImageOfPage\":{\"@id\":\"https:\\\/\\\/www.childrenfirst.ch\\\/de\\\/online-gespraech-ueber-schulsysteme-mit-monica-shah-zeeman\\\/#primaryimage\"},\"image\":{\"@id\":\"https:\\\/\\\/www.childrenfirst.ch\\\/de\\\/online-gespraech-ueber-schulsysteme-mit-monica-shah-zeeman\\\/#primaryimage\"},\"thumbnailUrl\":\"https:\\\/\\\/www.childrenfirst.ch\\\/wp-content\\\/uploads\\\/1899\\\/04\\\/two-kids-using-laptop-lesson-scaled.jpg\",\"datePublished\":\"1001-04-30T09:35:53+00:00\",\"dateModified\":\"2026-08-30T21:10:15+00:00\",\"description\":\"Verwirrt von der Schulwahl in Z\u00fcrich? Lernen Sie, sich im Bildungssystem zurechtzufinden, zweisprachige Wege zu erkunden und die fr\u00fche Sprachentwicklung zu verstehen.\",\"breadcrumb\":{\"@id\":\"https:\\\/\\\/www.childrenfirst.ch\\\/de\\\/online-gespraech-ueber-schulsysteme-mit-monica-shah-zeeman\\\/#breadcrumb\"},\"inLanguage\":\"de\",\"potentialAction\":[{\"@type\":\"ReadAction\",\"target\":[\"https:\\\/\\\/www.childrenfirst.ch\\\/de\\\/online-gespraech-ueber-schulsysteme-mit-monica-shah-zeeman\\\/\"]}]},{\"@type\":\"ImageObject\",\"inLanguage\":\"de\",\"@id\":\"https:\\\/\\\/www.childrenfirst.ch\\\/de\\\/online-gespraech-ueber-schulsysteme-mit-monica-shah-zeeman\\\/#primaryimage\",\"url\":\"https:\\\/\\\/www.childrenfirst.ch\\\/wp-content\\\/uploads\\\/1899\\\/04\\\/two-kids-using-laptop-lesson-scaled.jpg\",\"contentUrl\":\"https:\\\/\\\/www.childrenfirst.ch\\\/wp-content\\\/uploads\\\/1899\\\/04\\\/two-kids-using-laptop-lesson-scaled.jpg\",\"width\":2560,\"height\":1709,\"caption\":\"Two kids using laptop during lesson\"},{\"@type\":\"BreadcrumbList\",\"@id\":\"https:\\\/\\\/www.childrenfirst.ch\\\/de\\\/online-gespraech-ueber-schulsysteme-mit-monica-shah-zeeman\\\/#breadcrumb\",\"itemListElement\":[{\"@type\":\"ListItem\",\"position\":1,\"name\":\"Home\",\"item\":\"https:\\\/\\\/www.childrenfirst.ch\\\/de\\\/\"},{\"@type\":\"ListItem\",\"position\":2,\"name\":\"Online-Seminar \u00fcber Schulsysteme mit Monica Shah Zeeman\"}]},{\"@type\":\"WebSite\",\"@id\":\"https:\\\/\\\/www.childrenfirst.ch\\\/de\\\/#website\",\"url\":\"https:\\\/\\\/www.childrenfirst.ch\\\/de\\\/\",\"name\":\"Children First\",\"description\":\"International daycare, preschool and kindergarten\",\"publisher\":{\"@id\":\"https:\\\/\\\/www.childrenfirst.ch\\\/de\\\/#organization\"},\"potentialAction\":[{\"@type\":\"SearchAction\",\"target\":{\"@type\":\"EntryPoint\",\"urlTemplate\":\"https:\\\/\\\/www.childrenfirst.ch\\\/de\\\/?s={search_term_string}\"},\"query-input\":{\"@type\":\"PropertyValueSpecification\",\"valueRequired\":true,\"valueName\":\"search_term_string\"}}],\"inLanguage\":\"de\"},{\"@type\":\"Organization\",\"@id\":\"https:\\\/\\\/www.childrenfirst.ch\\\/de\\\/#organization\",\"name\":\"Children First\",\"url\":\"https:\\\/\\\/www.childrenfirst.ch\\\/de\\\/\",\"logo\":{\"@type\":\"ImageObject\",\"inLanguage\":\"de\",\"@id\":\"https:\\\/\\\/www.childrenfirst.ch\\\/de\\\/#\\\/schema\\\/logo\\\/image\\\/\",\"url\":\"https:\\\/\\\/www.childrenfirst.ch\\\/wp-content\\\/uploads\\\/2024\\\/12\\\/logo-1.png\",\"contentUrl\":\"https:\\\/\\\/www.childrenfirst.ch\\\/wp-content\\\/uploads\\\/2024\\\/12\\\/logo-1.png\",\"width\":305,\"height\":82,\"caption\":\"Children First\"},\"image\":{\"@id\":\"https:\\\/\\\/www.childrenfirst.ch\\\/de\\\/#\\\/schema\\\/logo\\\/image\\\/\"}},{\"@type\":\"Person\",\"@id\":\"https:\\\/\\\/www.childrenfirst.ch\\\/de\\\/#\\\/schema\\\/person\\\/fcf416a0ca65a387b0021de7fab2e09e\",\"name\":\"Zoe Myint-Maung\",\"image\":{\"@type\":\"ImageObject\",\"inLanguage\":\"de\",\"@id\":\"https:\\\/\\\/secure.gravatar.com\\\/avatar\\\/88d3681b5c586fb95391ea64772e1faf2b23df09a1c256498ff694cb4b71482e?s=96&d=mm&r=g\",\"url\":\"https:\\\/\\\/secure.gravatar.com\\\/avatar\\\/88d3681b5c586fb95391ea64772e1faf2b23df09a1c256498ff694cb4b71482e?s=96&d=mm&r=g\",\"contentUrl\":\"https:\\\/\\\/secure.gravatar.com\\\/avatar\\\/88d3681b5c586fb95391ea64772e1faf2b23df09a1c256498ff694cb4b71482e?s=96&d=mm&r=g\",\"caption\":\"Zoe Myint-Maung\"},\"url\":\"https:\\\/\\\/www.childrenfirst.ch\\\/de\\\/author\\\/zoe\\\/\"}]}<\/script>\n<!-- \/ Yoast SEO plugin. -->","yoast_head_json":{"title":"Online-Seminar \u00fcber Schulsysteme mit Monica Shah Zeeman - Children First","description":"Verwirrt von der Schulwahl in Z\u00fcrich? Lernen Sie, sich im Bildungssystem zurechtzufinden, zweisprachige Wege zu erkunden und die fr\u00fche Sprachentwicklung zu verstehen.","robots":{"index":"index","follow":"follow","max-snippet":"max-snippet:-1","max-image-preview":"max-image-preview:large","max-video-preview":"max-video-preview:-1"},"canonical":"https:\/\/www.childrenfirst.ch\/de\/online-gespraech-ueber-schulsysteme-mit-monica-shah-zeeman\/","og_locale":"de_DE","og_type":"article","og_title":"Online-Seminar \u00fcber Schulsysteme mit Monica Shah Zeeman - Children First","og_description":"Verwirrt von der Schulwahl in Z\u00fcrich? Lernen Sie, sich im Bildungssystem zurechtzufinden, zweisprachige Wege zu erkunden und die fr\u00fche Sprachentwicklung zu verstehen.","og_url":"https:\/\/www.childrenfirst.ch\/de\/online-gespraech-ueber-schulsysteme-mit-monica-shah-zeeman\/","og_site_name":"Children First","article_published_time":"1001-04-30T09:35:53+00:00","article_modified_time":"2026-08-30T21:10:15+00:00","og_image":[{"width":2560,"height":1709,"url":"https:\/\/www.childrenfirst.ch\/wp-content\/uploads\/1899\/04\/two-kids-using-laptop-lesson-scaled.jpg","type":"image\/jpeg"}],"author":"Zoe Myint-Maung","twitter_card":"summary_large_image","twitter_misc":{"Verfasst von":"Zoe Myint-Maung","Gesch\u00e4tzte Lesezeit":"1\u00a0Minute"},"schema":{"@context":"https:\/\/schema.org","@graph":[{"@type":"Article","@id":"https:\/\/www.childrenfirst.ch\/de\/online-gespraech-ueber-schulsysteme-mit-monica-shah-zeeman\/#article","isPartOf":{"@id":"https:\/\/www.childrenfirst.ch\/de\/online-gespraech-ueber-schulsysteme-mit-monica-shah-zeeman\/"},"author":{"name":"Zoe Myint-Maung","@id":"https:\/\/www.childrenfirst.ch\/de\/#\/schema\/person\/fcf416a0ca65a387b0021de7fab2e09e"},"headline":"Online-Seminar \u00fcber Schulsysteme mit Monica Shah Zeeman","datePublished":"1001-04-30T09:35:53+00:00","dateModified":"2026-08-30T21:10:15+00:00","mainEntityOfPage":{"@id":"https:\/\/www.childrenfirst.ch\/de\/online-gespraech-ueber-schulsysteme-mit-monica-shah-zeeman\/"},"wordCount":134,"publisher":{"@id":"https:\/\/www.childrenfirst.ch\/de\/#organization"},"image":{"@id":"https:\/\/www.childrenfirst.ch\/de\/online-gespraech-ueber-schulsysteme-mit-monica-shah-zeeman\/#primaryimage"},"thumbnailUrl":"https:\/\/www.childrenfirst.ch\/wp-content\/uploads\/1899\/04\/two-kids-using-laptop-lesson-scaled.jpg","articleSection":["Homepage"],"inLanguage":"de"},{"@type":"WebPage","@id":"https:\/\/www.childrenfirst.ch\/de\/online-gespraech-ueber-schulsysteme-mit-monica-shah-zeeman\/","url":"https:\/\/www.childrenfirst.ch\/de\/online-gespraech-ueber-schulsysteme-mit-monica-shah-zeeman\/","name":"Online-Seminar \u00fcber Schulsysteme mit Monica Shah Zeeman - Children First","isPartOf":{"@id":"https:\/\/www.childrenfirst.ch\/de\/#website"},"primaryImageOfPage":{"@id":"https:\/\/www.childrenfirst.ch\/de\/online-gespraech-ueber-schulsysteme-mit-monica-shah-zeeman\/#primaryimage"},"image":{"@id":"https:\/\/www.childrenfirst.ch\/de\/online-gespraech-ueber-schulsysteme-mit-monica-shah-zeeman\/#primaryimage"},"thumbnailUrl":"https:\/\/www.childrenfirst.ch\/wp-content\/uploads\/1899\/04\/two-kids-using-laptop-lesson-scaled.jpg","datePublished":"1001-04-30T09:35:53+00:00","dateModified":"2026-08-30T21:10:15+00:00","description":"Verwirrt von der Schulwahl in Z\u00fcrich? Lernen Sie, sich im Bildungssystem zurechtzufinden, zweisprachige Wege zu erkunden und die fr\u00fche Sprachentwicklung zu verstehen.","breadcrumb":{"@id":"https:\/\/www.childrenfirst.ch\/de\/online-gespraech-ueber-schulsysteme-mit-monica-shah-zeeman\/#breadcrumb"},"inLanguage":"de","potentialAction":[{"@type":"ReadAction","target":["https:\/\/www.childrenfirst.ch\/de\/online-gespraech-ueber-schulsysteme-mit-monica-shah-zeeman\/"]}]},{"@type":"ImageObject","inLanguage":"de","@id":"https:\/\/www.childrenfirst.ch\/de\/online-gespraech-ueber-schulsysteme-mit-monica-shah-zeeman\/#primaryimage","url":"https:\/\/www.childrenfirst.ch\/wp-content\/uploads\/1899\/04\/two-kids-using-laptop-lesson-scaled.jpg","contentUrl":"https:\/\/www.childrenfirst.ch\/wp-content\/uploads\/1899\/04\/two-kids-using-laptop-lesson-scaled.jpg","width":2560,"height":1709,"caption":"Two kids using laptop during lesson"},{"@type":"BreadcrumbList","@id":"https:\/\/www.childrenfirst.ch\/de\/online-gespraech-ueber-schulsysteme-mit-monica-shah-zeeman\/#breadcrumb","itemListElement":[{"@type":"ListItem","position":1,"name":"Home","item":"https:\/\/www.childrenfirst.ch\/de\/"},{"@type":"ListItem","position":2,"name":"Online-Seminar \u00fcber Schulsysteme mit Monica Shah Zeeman"}]},{"@type":"WebSite","@id":"https:\/\/www.childrenfirst.ch\/de\/#website","url":"https:\/\/www.childrenfirst.ch\/de\/","name":"Children First","description":"International daycare, preschool and kindergarten","publisher":{"@id":"https:\/\/www.childrenfirst.ch\/de\/#organization"},"potentialAction":[{"@type":"SearchAction","target":{"@type":"EntryPoint","urlTemplate":"https:\/\/www.childrenfirst.ch\/de\/?s={search_term_string}"},"query-input":{"@type":"PropertyValueSpecification","valueRequired":true,"valueName":"search_term_string"}}],"inLanguage":"de"},{"@type":"Organization","@id":"https:\/\/www.childrenfirst.ch\/de\/#organization","name":"Children First","url":"https:\/\/www.childrenfirst.ch\/de\/","logo":{"@type":"ImageObject","inLanguage":"de","@id":"https:\/\/www.childrenfirst.ch\/de\/#\/schema\/logo\/image\/","url":"https:\/\/www.childrenfirst.ch\/wp-content\/uploads\/2024\/12\/logo-1.png","contentUrl":"https:\/\/www.childrenfirst.ch\/wp-content\/uploads\/2024\/12\/logo-1.png","width":305,"height":82,"caption":"Children First"},"image":{"@id":"https:\/\/www.childrenfirst.ch\/de\/#\/schema\/logo\/image\/"}},{"@type":"Person","@id":"https:\/\/www.childrenfirst.ch\/de\/#\/schema\/person\/fcf416a0ca65a387b0021de7fab2e09e","name":"Zoe Myint-Maung","image":{"@type":"ImageObject","inLanguage":"de","@id":"https:\/\/secure.gravatar.com\/avatar\/88d3681b5c586fb95391ea64772e1faf2b23df09a1c256498ff694cb4b71482e?s=96&d=mm&r=g","url":"https:\/\/secure.gravatar.com\/avatar\/88d3681b5c586fb95391ea64772e1faf2b23df09a1c256498ff694cb4b71482e?s=96&d=mm&r=g","contentUrl":"https:\/\/secure.gravatar.com\/avatar\/88d3681b5c586fb95391ea64772e1faf2b23df09a1c256498ff694cb4b71482e?s=96&d=mm&r=g","caption":"Zoe Myint-Maung"},"url":"https:\/\/www.childrenfirst.ch\/de\/author\/zoe\/"}]}},"_links":{"self":[{"href":"https:\/\/www.childrenfirst.ch\/de\/wp-json\/wp\/v2\/posts\/8434","targetHints":{"allow":["GET"]}}],"collection":[{"href":"https:\/\/www.childrenfirst.ch\/de\/wp-json\/wp\/v2\/posts"}],"about":[{"href":"https:\/\/www.childrenfirst.ch\/de\/wp-json\/wp\/v2\/types\/post"}],"author":[{"embeddable":true,"href":"https:\/\/www.childrenfirst.ch\/de\/wp-json\/wp\/v2\/users\/7"}],"replies":[{"embeddable":true,"href":"https:\/\/www.childrenfirst.ch\/de\/wp-json\/wp\/v2\/comments?post=8434"}],"version-history":[{"count":19,"href":"https:\/\/www.childrenfirst.ch\/de\/wp-json\/wp\/v2\/posts\/8434\/revisions"}],"predecessor-version":[{"id":9121,"href":"https:\/\/www.childrenfirst.ch\/de\/wp-json\/wp\/v2\/posts\/8434\/revisions\/9121"}],"wp:featuredmedia":[{"embeddable":true,"href":"https:\/\/www.childrenfirst.ch\/de\/wp-json\/wp\/v2\/media\/8385"}],"wp:attachment":[{"href":"https:\/\/www.childrenfirst.ch\/de\/wp-json\/wp\/v2\/media?parent=8434"}],"wp:term":[{"taxonomy":"category","embeddable":true,"href":"https:\/\/www.childrenfirst.ch\/de\/wp-json\/wp\/v2\/categories?post=8434"},{"taxonomy":"post_tag","embeddable":true,"href":"https:\/\/www.childrenfirst.ch\/de\/wp-json\/wp\/v2\/tags?post=8434"}],"curies":[{"name":"wp","href":"https:\/\/api.w.org\/{rel}","templated":true}]}}