{"id":8130,"date":"1300-03-23T11:28:52","date_gmt":"1300-03-23T11:28:52","guid":{"rendered":"https:\/\/www.childrenfirst.ch\/?p=8130"},"modified":"2026-03-23T11:16:39","modified_gmt":"2026-03-23T11:16:39","slug":"12-monate-12-bcher-vorschul-edition-bei-children-first-zrich","status":"publish","type":"post","link":"https:\/\/www.childrenfirst.ch\/de\/12-monate-12-bcher-vorschul-edition-bei-children-first-zrich\/","title":{"rendered":"12 Monate, 12 B\u00fccher \u2013 Vorschul-Edition bei Children First Z\u00fcrich"},"content":{"rendered":"<h2 style=\"text-align: center;\" data-section-id=\"wsw4gk\" data-start=\"192\" data-end=\"235\">12 Monate, 12 B\u00fccher \u2013 Vorschul-Edition<\/h2>\n<p data-start=\"236\" data-end=\"290\"><strong data-start=\"236\" data-end=\"288\">B\u00fccher, die wir bei Children First Z\u00fcrich lieben<\/strong><\/p>\n<p data-start=\"292\" data-end=\"528\">Bei <strong data-start=\"296\" data-end=\"314\">Children First<\/strong> glauben wir, dass fr\u00fche Lesekompetenz die Grundlage f\u00fcr selbstbewusstes Lernen ist. In unserem Vorschul- und Fr\u00fchjahresprogramm in Z\u00fcrich sind B\u00fccher nicht nur Teil des Lehrplans \u2013 sie geh\u00f6ren zu unserer Kultur.<\/p>\n<p data-start=\"530\" data-end=\"869\">Diese sorgf\u00e4ltig ausgew\u00e4hlte Liste von <strong data-start=\"569\" data-end=\"591\">12 Vorschulb\u00fcchern<\/strong> (empfohlen f\u00fcr Kinder im Alter von ca. 2\u20135 Jahren) unterst\u00fctzt die Sprachentwicklung, emotionale Intelligenz, Fantasie und Schulbereitschaft. Die B\u00fccher sind so gestaltet, dass sie von Erwachsenen vorgelesen werden, um Verbindung, Dialog und gemeinsames Entdecken zu f\u00f6rdern.<\/p>\n<p data-start=\"871\" data-end=\"1029\">F\u00fcr internationale Familien in Z\u00fcrich, die eine f\u00fcrsorgliche, bilinguale Vorschulumgebung suchen, ist gemeinsames Lesen eines der m\u00e4chtigsten Werkzeuge, um:<\/p>\n<ul data-start=\"1030\" data-end=\"1271\">\n<li data-section-id=\"1qk9829\" data-start=\"1030\" data-end=\"1085\">Wortschatz und Kommunikationsf\u00e4higkeiten aufzubauen<\/li>\n<li data-section-id=\"9da0tv\" data-start=\"1086\" data-end=\"1122\">Emotionale Sicherheit zu st\u00e4rken<\/li>\n<li data-section-id=\"1jd6fdq\" data-start=\"1123\" data-end=\"1166\">Zuh\u00f6ren und Konzentration zu entwickeln<\/li>\n<li data-section-id=\"1dw1t1e\" data-start=\"1167\" data-end=\"1219\">Kreativit\u00e4t und eigenst\u00e4ndiges Denken zu f\u00f6rdern<\/li>\n<li data-section-id=\"z0dhjf\" data-start=\"1220\" data-end=\"1271\">Empathie und soziales Bewusstsein zu entwickeln<\/li>\n<\/ul>\n<p data-start=\"1273\" data-end=\"1512\"><strong data-start=\"1273\" data-end=\"1347\">Wiederholung spielt eine Schl\u00fcsselrolle in der fr\u00fchkindlichen Bildung.<\/strong> Wenn Kinder dieselbe Geschichte immer wieder h\u00f6ren, gewinnen sie Selbstvertrauen, erkennen Sprachmuster und internalisieren neuen Wortschatz auf nat\u00fcrliche Weise.<\/p>\n<h3 data-section-id=\"1fwpggi\" data-start=\"1519\" data-end=\"1565\"><\/h3>\n<h3 data-section-id=\"1fwpggi\" data-start=\"1519\" data-end=\"1565\"><span role=\"text\">Januar: <em data-start=\"1531\" data-end=\"1545\">The Gruffalo<\/em> \u2013 Julia Donaldson<\/span><\/h3>\n<p data-start=\"1566\" data-end=\"2032\"><strong data-start=\"1566\" data-end=\"1584\">Worum es geht:<\/strong><br data-start=\"1584\" data-end=\"1587\" \/>Eine clevere Maus erfindet ein furchterregendes Wesen, um sich im Wald zu sch\u00fctzen \u2013 nur um zu entdecken, dass das Wesen vielleicht doch nicht nur erfunden ist.<br data-start=\"1747\" data-end=\"1750\" \/><strong data-start=\"1750\" data-end=\"1774\">Warum wir es lieben:<\/strong><br data-start=\"1774\" data-end=\"1777\" \/>Der starke Rhythmus, die Wiederholungen und der Humor machen es zu einem Favoriten f\u00fcr gemeinsames Vorlesen und dramatisches Erz\u00e4hlen.<br data-start=\"1911\" data-end=\"1914\" \/><strong data-start=\"1914\" data-end=\"1933\">Was es f\u00f6rdert:<\/strong><br data-start=\"1933\" data-end=\"1936\" \/>Sequenzierung, Ausdrucksf\u00e4higkeit, Ged\u00e4chtnis, Probleml\u00f6sungsf\u00e4higkeiten und kreatives Denken.<\/p>\n<h3 data-section-id=\"ubhcau\" data-start=\"2034\" data-end=\"2122\"><span role=\"text\">Februar: <em data-start=\"2047\" data-end=\"2089\">Brown Bear, Brown Bear, What Do You See?<\/em> \u2013 Bill Martin Jr. &amp; Eric Carle<\/span><\/h3>\n<p data-start=\"2123\" data-end=\"2466\"><strong data-start=\"2123\" data-end=\"2141\">Worum es geht:<\/strong><br data-start=\"2141\" data-end=\"2144\" \/>Eine rhythmische Reise durch Farben und Tiere, mit vorhersehbaren Wiederholungen, die zur Teilnahme einladen.<br data-start=\"2253\" data-end=\"2256\" \/><strong data-start=\"2256\" data-end=\"2280\">Warum wir es lieben:<\/strong><br data-start=\"2280\" data-end=\"2283\" \/>Kinder merken sich schnell die Struktur und beginnen, \u201emitzulesen\u201c.<br data-start=\"2350\" data-end=\"2353\" \/><strong data-start=\"2353\" data-end=\"2372\">Was es f\u00f6rdert:<\/strong><br data-start=\"2372\" data-end=\"2375\" \/>Farberkennung, Vorhersagef\u00e4higkeiten, phonologische Bewusstheit und fr\u00fches Lesevertrauen.<\/p>\n<h3 data-section-id=\"r8dzmp\" data-start=\"2468\" data-end=\"2510\"><span role=\"text\">M\u00e4rz: <em data-start=\"2478\" data-end=\"2487\">Be Kind<\/em> \u2013 Pat Zietlow Miller<\/span><\/h3>\n<p data-start=\"2511\" data-end=\"2803\"><strong data-start=\"2511\" data-end=\"2529\">Worum es geht:<\/strong><br data-start=\"2529\" data-end=\"2532\" \/>Eine sanfte Erkundung dessen, was Freundlichkeit im Alltag bedeutet.<br data-start=\"2600\" data-end=\"2603\" \/><strong data-start=\"2603\" data-end=\"2627\">Warum wir es lieben:<\/strong><br data-start=\"2627\" data-end=\"2630\" \/>Es er\u00f6ffnet bedeutsame Diskussionen \u00fcber Empathie in unseren Vorschulklassen.<br data-start=\"2707\" data-end=\"2710\" \/><strong data-start=\"2710\" data-end=\"2729\">Was es f\u00f6rdert:<\/strong><br data-start=\"2729\" data-end=\"2732\" \/>Emotionale Intelligenz, Perspektiv\u00fcbernahme und soziales Bewusstsein.<\/p>\n<h3 data-section-id=\"emfqpq\" data-start=\"2805\" data-end=\"2853\"><span role=\"text\">April: <em data-start=\"2816\" data-end=\"2834\">The Rainbow Fish<\/em> \u2013 Marcus Pfister<\/span><\/h3>\n<p data-start=\"2854\" data-end=\"3148\"><strong data-start=\"2854\" data-end=\"2872\">Worum es geht:<\/strong><br data-start=\"2872\" data-end=\"2875\" \/>Ein sch\u00f6ner Fisch lernt, dass Teilen und Verbundenheit wichtiger sind als Bewunderung.<br data-start=\"2961\" data-end=\"2964\" \/><strong data-start=\"2964\" data-end=\"2988\">Warum wir es lieben:<\/strong><br data-start=\"2988\" data-end=\"2991\" \/>Es bringt Kinder auf nat\u00fcrliche Weise ins Gespr\u00e4ch \u00fcber Zugeh\u00f6rigkeit und Freundschaft.<br data-start=\"3078\" data-end=\"3081\" \/><strong data-start=\"3081\" data-end=\"3100\">Was es f\u00f6rdert:<\/strong><br data-start=\"3100\" data-end=\"3103\" \/>Teilen, Empathie, Gemeinschaftsbewusstsein.<\/p>\n<h3 data-section-id=\"3n7z4a\" data-start=\"3150\" data-end=\"3204\"><span role=\"text\">Mai: <em data-start=\"3159\" data-end=\"3184\">The Snail and the Whale<\/em> \u2013 Julia Donaldson<\/span><\/h3>\n<p data-start=\"3205\" data-end=\"3533\"><strong data-start=\"3205\" data-end=\"3223\">Worum es geht:<\/strong><br data-start=\"3223\" data-end=\"3226\" \/>Eine kleine Schnecke reist auf dem Schwanz eines Wals um die Welt und entdeckt Ozeane und ferne L\u00e4nder.<br data-start=\"3329\" data-end=\"3332\" \/><strong data-start=\"3332\" data-end=\"3356\">Warum wir es lieben:<\/strong><br data-start=\"3356\" data-end=\"3359\" \/>Es weckt Neugier auf die Welt \u2013 ein Aspekt, den viele internationale Familien sch\u00e4tzen.<br data-start=\"3446\" data-end=\"3449\" \/><strong data-start=\"3449\" data-end=\"3468\">Was es f\u00f6rdert:<\/strong><br data-start=\"3468\" data-end=\"3471\" \/>Geografisches Bewusstsein, Mut, Entdeckerfreude, Wortschatz.<\/p>\n<h3 data-section-id=\"a670nb\" data-start=\"3535\" data-end=\"3590\"><span role=\"text\">Juni: <em data-start=\"3545\" data-end=\"3573\">There\u2019s a Bear on My Chair<\/em> \u2013 Ross Collins<\/span><\/h3>\n<p data-start=\"3591\" data-end=\"3851\"><strong data-start=\"3591\" data-end=\"3609\">Worum es geht:<\/strong><br data-start=\"3609\" data-end=\"3612\" \/>Eine Maus versucht, ihren Stuhl von einem unbeeindruckten B\u00e4ren zur\u00fcckzuerobern.<br data-start=\"3692\" data-end=\"3695\" \/><strong data-start=\"3695\" data-end=\"3719\">Warum wir es lieben:<\/strong><br data-start=\"3719\" data-end=\"3722\" \/>Der Reim unterst\u00fctzt die phonologische Bewusstheit.<br data-start=\"3773\" data-end=\"3776\" \/><strong data-start=\"3776\" data-end=\"3795\">Was es f\u00f6rdert:<\/strong><br data-start=\"3795\" data-end=\"3798\" \/>Lauterkennung, Rhythmus, ausdrucksstarkes Erz\u00e4hlen.<\/p>\n<h3 data-section-id=\"1nuop9j\" data-start=\"3853\" data-end=\"3899\"><span role=\"text\">Juli: <em data-start=\"3863\" data-end=\"3877\">Oh, Carrots!<\/em> \u2013 Mariajo Ilustrajo<\/span><\/h3>\n<p data-start=\"3900\" data-end=\"4189\"><strong data-start=\"3900\" data-end=\"3918\">Worum es geht:<\/strong><br data-start=\"3918\" data-end=\"3921\" \/>Ein spielerisches Missverst\u00e4ndnis, das kreatives Denken hervorhebt.<br data-start=\"3988\" data-end=\"3991\" \/><strong data-start=\"3991\" data-end=\"4015\">Warum wir es lieben:<\/strong><br data-start=\"4015\" data-end=\"4018\" \/>Es ermutigt Kinder, Situationen aus verschiedenen Perspektiven zu betrachten.<br data-start=\"4095\" data-end=\"4098\" \/><strong data-start=\"4098\" data-end=\"4117\">Was es f\u00f6rdert:<\/strong><br data-start=\"4117\" data-end=\"4120\" \/>Schlussfolgerungsf\u00e4higkeiten, flexibles Denken, visuelle Kompetenz.<\/p>\n<h3 data-section-id=\"1o0aeyo\" data-start=\"4191\" data-end=\"4243\"><span role=\"text\">August: <em data-start=\"4203\" data-end=\"4224\">Good Night, Gorilla<\/em> \u2013 Peggy Rathmann<\/span><\/h3>\n<p data-start=\"4244\" data-end=\"4554\"><strong data-start=\"4244\" data-end=\"4262\">Worum es geht:<\/strong><br data-start=\"4262\" data-end=\"4265\" \/>Eine fast wortlose Gutenachtgeschichte voller subtilen Humors und visueller Erz\u00e4hlkunst.<br data-start=\"4353\" data-end=\"4356\" \/><strong data-start=\"4356\" data-end=\"4380\">Warum wir es lieben:<\/strong><br data-start=\"4380\" data-end=\"4383\" \/>Kinder werden aktive Erz\u00e4hler, indem sie die Bilder interpretieren.<br data-start=\"4450\" data-end=\"4453\" \/><strong data-start=\"4453\" data-end=\"4472\">Was es f\u00f6rdert:<\/strong><br data-start=\"4472\" data-end=\"4475\" \/>Narrative Konstruktion, Beobachtungsgabe, fr\u00fches Selbstvertrauen im Erz\u00e4hlen.<\/p>\n<h3 data-section-id=\"jgsm3a\" data-start=\"4556\" data-end=\"4661\"><span role=\"text\">September: <em data-start=\"4571\" data-end=\"4639\">The Little Mouse, the Red Ripe Strawberry, and the Big Hungry Bear<\/em> \u2013 Don &amp; Audrey Wood<\/span><\/h3>\n<p data-start=\"4662\" data-end=\"4929\"><strong data-start=\"4662\" data-end=\"4680\">Worum es geht:<\/strong><br data-start=\"4680\" data-end=\"4683\" \/>Eine kleine Maus sorgt sich, ihre Erdbeere vor einem mysteri\u00f6sen B\u00e4ren zu sch\u00fctzen.<br data-start=\"4766\" data-end=\"4769\" \/><strong data-start=\"4769\" data-end=\"4793\">Warum wir es lieben:<\/strong><br data-start=\"4793\" data-end=\"4796\" \/>Es baut spielerisch Spannung auf.<br data-start=\"4829\" data-end=\"4832\" \/><strong data-start=\"4832\" data-end=\"4851\">Was es f\u00f6rdert:<\/strong><br data-start=\"4851\" data-end=\"4854\" \/>Emotionale Regulierung, Antizipation, Engagement mit narrativer Spannung.<\/p>\n<h3 data-section-id=\"fe1vic\" data-start=\"4931\" data-end=\"4981\"><span role=\"text\">Oktober: <em data-start=\"4944\" data-end=\"4962\">Busy, Busy World<\/em> \u2013 Richard Scarry<\/span><\/h3>\n<p data-start=\"4982\" data-end=\"5263\"><strong data-start=\"4982\" data-end=\"5000\">Worum es geht:<\/strong><br data-start=\"5000\" data-end=\"5003\" \/>Ein detaillierter Blick auf St\u00e4dte, Berufe und das Gemeinschaftsleben weltweit.<br data-start=\"5082\" data-end=\"5085\" \/><strong data-start=\"5085\" data-end=\"5109\">Warum wir es lieben:<\/strong><br data-start=\"5109\" data-end=\"5112\" \/>Es verbindet Kinder mit realen Rollen und Verantwortlichkeiten.<br data-start=\"5175\" data-end=\"5178\" \/><strong data-start=\"5178\" data-end=\"5197\">Was es f\u00f6rdert:<\/strong><br data-start=\"5197\" data-end=\"5200\" \/>Wortschatz, Gemeinschaftsbewusstsein, Neugier auf den Alltag.<\/p>\n<h3 data-section-id=\"1kz9y10\" data-start=\"5265\" data-end=\"5326\"><span role=\"text\">November: <em data-start=\"5279\" data-end=\"5312\">Hubert\u2019s Hair-Raising Adventure<\/em> \u2013 Bill Peet<\/span><\/h3>\n<p data-start=\"5327\" data-end=\"5583\"><strong data-start=\"5327\" data-end=\"5345\">Worum es geht:<\/strong><br data-start=\"5345\" data-end=\"5348\" \/>Ein L\u00f6we mit ungew\u00f6hnlichem Haar lernt, seine Einzigartigkeit zu akzeptieren.<br data-start=\"5425\" data-end=\"5428\" \/><strong data-start=\"5428\" data-end=\"5452\">Warum wir es lieben:<\/strong><br data-start=\"5452\" data-end=\"5455\" \/>Es regt Gespr\u00e4che \u00fcber Identit\u00e4t und Selbstakzeptanz an.<br data-start=\"5511\" data-end=\"5514\" \/><strong data-start=\"5514\" data-end=\"5533\">Was es f\u00f6rdert:<\/strong><br data-start=\"5533\" data-end=\"5536\" \/>Selbstwertgef\u00fchl, Resilienz, Selbstvertrauen.<\/p>\n<h3 data-section-id=\"1x84i4s\" data-start=\"5585\" data-end=\"5645\"><span role=\"text\">Dezember: <em data-start=\"5599\" data-end=\"5627\">We\u2019re Going on a Bear Hunt<\/em> \u2013 Michael Rosen<\/span><\/h3>\n<p data-start=\"5646\" data-end=\"5948\"><strong data-start=\"5646\" data-end=\"5664\">Worum es geht:<\/strong><br data-start=\"5664\" data-end=\"5667\" \/>Ein rhythmisches Abenteuer durch Gras, Schlamm und Schnee auf einer Familienreise.<br data-start=\"5749\" data-end=\"5752\" \/><strong data-start=\"5752\" data-end=\"5776\">Warum wir es lieben:<\/strong><br data-start=\"5776\" data-end=\"5779\" \/>Kinder beteiligen sich aktiv, indem sie die Geschichte nachspielen.<br data-start=\"5846\" data-end=\"5849\" \/><strong data-start=\"5849\" data-end=\"5868\">Was es f\u00f6rdert:<\/strong><br data-start=\"5868\" data-end=\"5871\" \/>Zuh\u00f6rf\u00e4higkeiten, Sequenzierung, sensorische Sprache, Bewegungsintegration.<\/p>\n<h3 style=\"text-align: center;\" data-section-id=\"o74p3h\" data-start=\"5955\" data-end=\"6003\">Warum Lesen bei Children First wichtig ist<\/h3>\n<p data-start=\"6004\" data-end=\"6416\">F\u00fcr Familien, die eine hochwertige Vorschule in Z\u00fcrich suchen, ist fr\u00fche Lesekompetenz mehr als Vorbereitung auf die Primarschule \u2013 sie dient dazu, selbstbewusste, ausdrucksstarke und emotional sichere Kinder zu entwickeln. Bei <strong data-start=\"6232\" data-end=\"6250\">Children First<\/strong> beginnt Bildung mit dem Herzen. Wir begleiten Kinder einf\u00fchlsam und gezielt, unterst\u00fctzen sie individuell und bauen gleichzeitig starke akademische Grundlagen auf.<\/p>\n<p data-start=\"6418\" data-end=\"6592\">M\u00f6chten Sie erleben, wie wir in unseren Vorschulklassen die Freude am Lernen f\u00f6rdern?<br data-start=\"6503\" data-end=\"6506\" \/><strong data-start=\"6506\" data-end=\"6590\">Vereinbaren Sie einen Besuch und entdecken Sie Children First Z\u00fcrich pers\u00f6nlich.<\/strong><\/p>\n","protected":false},"excerpt":{"rendered":"<p>Unsere 12-Monats-B\u00fccherliste f\u00fcr die Vorschule bei Children First Z\u00fcrich unterst\u00fctzt Kinder von 2\u20135 Jahren in Sprache, Kreativit\u00e4t, emotionaler Intelligenz und Schulbereitschaft durch gemeinsames Lesen.<\/p>\n","protected":false},"author":5,"featured_media":8125,"comment_status":"closed","ping_status":"closed","sticky":false,"template":"","format":"standard","meta":{"_acf_changed":false,"footnotes":""},"categories":[16,22,25,4],"tags":[],"class_list":["post-8130","post","type-post","status-publish","format-standard","has-post-thumbnail","hentry","category-blog-de","category-gemeinschaft","category-homepage-de","category-unkategorisiert"],"acf":[],"yoast_head":"<!-- This site is optimized with the Yoast SEO plugin v28.2 - https:\/\/yoast.com\/product\/yoast-seo-wordpress\/ -->\n<title>12 Monate, 12 B\u00fccher \u2013 Vorschul-Edition bei Children First Z\u00fcrich<\/title>\n<meta name=\"description\" content=\"Entdecken Sie 12 sorgf\u00e4ltig ausgew\u00e4hlte Vorschulb\u00fccher f\u00fcr Kinder von 2\u20135 Jahren bei Children First Z\u00fcrich. F\u00f6rderung von fr\u00fchem Lesen, emotionaler Intelligenz, Kreativit\u00e4t und Schulbereitschaft im bilingualen Vorschulprogramm.\" \/>\n<meta name=\"robots\" content=\"index, follow, max-snippet:-1, max-image-preview:large, max-video-preview:-1\" \/>\n<link rel=\"canonical\" href=\"https:\/\/www.childrenfirst.ch\/de\/12-monate-12-bcher-vorschul-edition-bei-children-first-zrich\/\" \/>\n<meta property=\"og:locale\" content=\"de_DE\" \/>\n<meta property=\"og:type\" content=\"article\" \/>\n<meta property=\"og:title\" content=\"12 Monate, 12 B\u00fccher \u2013 Vorschul-Edition bei Children First Z\u00fcrich\" \/>\n<meta property=\"og:description\" content=\"Entdecken Sie 12 sorgf\u00e4ltig ausgew\u00e4hlte Vorschulb\u00fccher f\u00fcr Kinder von 2\u20135 Jahren bei Children First Z\u00fcrich. F\u00f6rderung von fr\u00fchem Lesen, emotionaler Intelligenz, Kreativit\u00e4t und Schulbereitschaft im bilingualen Vorschulprogramm.\" \/>\n<meta property=\"og:url\" content=\"https:\/\/www.childrenfirst.ch\/de\/12-monate-12-bcher-vorschul-edition-bei-children-first-zrich\/\" \/>\n<meta property=\"og:site_name\" content=\"Children First\" \/>\n<meta property=\"article:published_time\" content=\"1300-03-23T11:28:52+00:00\" \/>\n<meta property=\"article:modified_time\" content=\"2026-03-23T11:16:39+00:00\" \/>\n<meta property=\"og:image\" content=\"https:\/\/www.childrenfirst.ch\/wp-content\/uploads\/2026\/03\/1-819x1024.png\" \/>\n\t<meta property=\"og:image:width\" content=\"819\" \/>\n\t<meta property=\"og:image:height\" content=\"1024\" \/>\n\t<meta property=\"og:image:type\" content=\"image\/png\" \/>\n<meta name=\"author\" content=\"Alissa Buff\" \/>\n<meta name=\"twitter:card\" content=\"summary_large_image\" \/>\n<meta name=\"twitter:label1\" content=\"Verfasst von\" \/>\n\t<meta name=\"twitter:data1\" content=\"Alissa Buff\" \/>\n\t<meta name=\"twitter:label2\" content=\"Gesch\u00e4tzte Lesezeit\" \/>\n\t<meta name=\"twitter:data2\" content=\"4\u00a0Minuten\" \/>\n<script type=\"application\/ld+json\" class=\"yoast-schema-graph\">{\"@context\":\"https:\\\/\\\/schema.org\",\"@graph\":[{\"@type\":\"Article\",\"@id\":\"https:\\\/\\\/www.childrenfirst.ch\\\/de\\\/12-monate-12-bcher-vorschul-edition-bei-children-first-zrich\\\/#article\",\"isPartOf\":{\"@id\":\"https:\\\/\\\/www.childrenfirst.ch\\\/de\\\/12-monate-12-bcher-vorschul-edition-bei-children-first-zrich\\\/\"},\"author\":{\"name\":\"Alissa Buff\",\"@id\":\"https:\\\/\\\/www.childrenfirst.ch\\\/de\\\/#\\\/schema\\\/person\\\/68668a5470b3a0ee210fb900f0f60f13\"},\"headline\":\"12 Monate, 12 B\u00fccher \u2013 Vorschul-Edition bei Children First Z\u00fcrich\",\"datePublished\":\"1300-03-23T11:28:52+00:00\",\"dateModified\":\"2026-03-23T11:16:39+00:00\",\"mainEntityOfPage\":{\"@id\":\"https:\\\/\\\/www.childrenfirst.ch\\\/de\\\/12-monate-12-bcher-vorschul-edition-bei-children-first-zrich\\\/\"},\"wordCount\":891,\"publisher\":{\"@id\":\"https:\\\/\\\/www.childrenfirst.ch\\\/de\\\/#organization\"},\"image\":{\"@id\":\"https:\\\/\\\/www.childrenfirst.ch\\\/de\\\/12-monate-12-bcher-vorschul-edition-bei-children-first-zrich\\\/#primaryimage\"},\"thumbnailUrl\":\"https:\\\/\\\/www.childrenfirst.ch\\\/wp-content\\\/uploads\\\/2026\\\/03\\\/1.png\",\"articleSection\":[\"Blog\",\"Gemeinschaft\",\"Homepage\",\"Unkategorisiert\"],\"inLanguage\":\"de\"},{\"@type\":\"WebPage\",\"@id\":\"https:\\\/\\\/www.childrenfirst.ch\\\/de\\\/12-monate-12-bcher-vorschul-edition-bei-children-first-zrich\\\/\",\"url\":\"https:\\\/\\\/www.childrenfirst.ch\\\/de\\\/12-monate-12-bcher-vorschul-edition-bei-children-first-zrich\\\/\",\"name\":\"12 Monate, 12 B\u00fccher \u2013 Vorschul-Edition bei Children First Z\u00fcrich\",\"isPartOf\":{\"@id\":\"https:\\\/\\\/www.childrenfirst.ch\\\/de\\\/#website\"},\"primaryImageOfPage\":{\"@id\":\"https:\\\/\\\/www.childrenfirst.ch\\\/de\\\/12-monate-12-bcher-vorschul-edition-bei-children-first-zrich\\\/#primaryimage\"},\"image\":{\"@id\":\"https:\\\/\\\/www.childrenfirst.ch\\\/de\\\/12-monate-12-bcher-vorschul-edition-bei-children-first-zrich\\\/#primaryimage\"},\"thumbnailUrl\":\"https:\\\/\\\/www.childrenfirst.ch\\\/wp-content\\\/uploads\\\/2026\\\/03\\\/1.png\",\"datePublished\":\"1300-03-23T11:28:52+00:00\",\"dateModified\":\"2026-03-23T11:16:39+00:00\",\"description\":\"Entdecken Sie 12 sorgf\u00e4ltig ausgew\u00e4hlte Vorschulb\u00fccher f\u00fcr Kinder von 2\u20135 Jahren bei Children First Z\u00fcrich. F\u00f6rderung von fr\u00fchem Lesen, emotionaler Intelligenz, Kreativit\u00e4t und Schulbereitschaft im bilingualen Vorschulprogramm.\",\"breadcrumb\":{\"@id\":\"https:\\\/\\\/www.childrenfirst.ch\\\/de\\\/12-monate-12-bcher-vorschul-edition-bei-children-first-zrich\\\/#breadcrumb\"},\"inLanguage\":\"de\",\"potentialAction\":[{\"@type\":\"ReadAction\",\"target\":[\"https:\\\/\\\/www.childrenfirst.ch\\\/de\\\/12-monate-12-bcher-vorschul-edition-bei-children-first-zrich\\\/\"]}]},{\"@type\":\"ImageObject\",\"inLanguage\":\"de\",\"@id\":\"https:\\\/\\\/www.childrenfirst.ch\\\/de\\\/12-monate-12-bcher-vorschul-edition-bei-children-first-zrich\\\/#primaryimage\",\"url\":\"https:\\\/\\\/www.childrenfirst.ch\\\/wp-content\\\/uploads\\\/2026\\\/03\\\/1.png\",\"contentUrl\":\"https:\\\/\\\/www.childrenfirst.ch\\\/wp-content\\\/uploads\\\/2026\\\/03\\\/1.png\",\"width\":1080,\"height\":1350},{\"@type\":\"BreadcrumbList\",\"@id\":\"https:\\\/\\\/www.childrenfirst.ch\\\/de\\\/12-monate-12-bcher-vorschul-edition-bei-children-first-zrich\\\/#breadcrumb\",\"itemListElement\":[{\"@type\":\"ListItem\",\"position\":1,\"name\":\"Home\",\"item\":\"https:\\\/\\\/www.childrenfirst.ch\\\/de\\\/\"},{\"@type\":\"ListItem\",\"position\":2,\"name\":\"12 Monate, 12 B\u00fccher \u2013 Vorschul-Edition bei Children First Z\u00fcrich\"}]},{\"@type\":\"WebSite\",\"@id\":\"https:\\\/\\\/www.childrenfirst.ch\\\/de\\\/#website\",\"url\":\"https:\\\/\\\/www.childrenfirst.ch\\\/de\\\/\",\"name\":\"Children First\",\"description\":\"International daycare, preschool and kindergarten\",\"publisher\":{\"@id\":\"https:\\\/\\\/www.childrenfirst.ch\\\/de\\\/#organization\"},\"potentialAction\":[{\"@type\":\"SearchAction\",\"target\":{\"@type\":\"EntryPoint\",\"urlTemplate\":\"https:\\\/\\\/www.childrenfirst.ch\\\/de\\\/?s={search_term_string}\"},\"query-input\":{\"@type\":\"PropertyValueSpecification\",\"valueRequired\":true,\"valueName\":\"search_term_string\"}}],\"inLanguage\":\"de\"},{\"@type\":\"Organization\",\"@id\":\"https:\\\/\\\/www.childrenfirst.ch\\\/de\\\/#organization\",\"name\":\"Children First\",\"url\":\"https:\\\/\\\/www.childrenfirst.ch\\\/de\\\/\",\"logo\":{\"@type\":\"ImageObject\",\"inLanguage\":\"de\",\"@id\":\"https:\\\/\\\/www.childrenfirst.ch\\\/de\\\/#\\\/schema\\\/logo\\\/image\\\/\",\"url\":\"https:\\\/\\\/www.childrenfirst.ch\\\/wp-content\\\/uploads\\\/2024\\\/12\\\/logo-1.png\",\"contentUrl\":\"https:\\\/\\\/www.childrenfirst.ch\\\/wp-content\\\/uploads\\\/2024\\\/12\\\/logo-1.png\",\"width\":305,\"height\":82,\"caption\":\"Children First\"},\"image\":{\"@id\":\"https:\\\/\\\/www.childrenfirst.ch\\\/de\\\/#\\\/schema\\\/logo\\\/image\\\/\"}},{\"@type\":\"Person\",\"@id\":\"https:\\\/\\\/www.childrenfirst.ch\\\/de\\\/#\\\/schema\\\/person\\\/68668a5470b3a0ee210fb900f0f60f13\",\"name\":\"Alissa Buff\",\"image\":{\"@type\":\"ImageObject\",\"inLanguage\":\"de\",\"@id\":\"https:\\\/\\\/secure.gravatar.com\\\/avatar\\\/26cda8f5294594e54dc4e13c4f5ef36406440e9e2ef1bcddea876f01a373d7bd?s=96&d=mm&r=g\",\"url\":\"https:\\\/\\\/secure.gravatar.com\\\/avatar\\\/26cda8f5294594e54dc4e13c4f5ef36406440e9e2ef1bcddea876f01a373d7bd?s=96&d=mm&r=g\",\"contentUrl\":\"https:\\\/\\\/secure.gravatar.com\\\/avatar\\\/26cda8f5294594e54dc4e13c4f5ef36406440e9e2ef1bcddea876f01a373d7bd?s=96&d=mm&r=g\",\"caption\":\"Alissa Buff\"},\"sameAs\":[\"http:\\\/\\\/www.childrenfirst.ch\"],\"url\":\"https:\\\/\\\/www.childrenfirst.ch\\\/de\\\/author\\\/alissa\\\/\"}]}<\/script>\n<!-- \/ Yoast SEO plugin. -->","yoast_head_json":{"title":"12 Monate, 12 B\u00fccher \u2013 Vorschul-Edition bei Children First Z\u00fcrich","description":"Entdecken Sie 12 sorgf\u00e4ltig ausgew\u00e4hlte Vorschulb\u00fccher f\u00fcr Kinder von 2\u20135 Jahren bei Children First Z\u00fcrich. F\u00f6rderung von fr\u00fchem Lesen, emotionaler Intelligenz, Kreativit\u00e4t und Schulbereitschaft im bilingualen Vorschulprogramm.","robots":{"index":"index","follow":"follow","max-snippet":"max-snippet:-1","max-image-preview":"max-image-preview:large","max-video-preview":"max-video-preview:-1"},"canonical":"https:\/\/www.childrenfirst.ch\/de\/12-monate-12-bcher-vorschul-edition-bei-children-first-zrich\/","og_locale":"de_DE","og_type":"article","og_title":"12 Monate, 12 B\u00fccher \u2013 Vorschul-Edition bei Children First Z\u00fcrich","og_description":"Entdecken Sie 12 sorgf\u00e4ltig ausgew\u00e4hlte Vorschulb\u00fccher f\u00fcr Kinder von 2\u20135 Jahren bei Children First Z\u00fcrich. F\u00f6rderung von fr\u00fchem Lesen, emotionaler Intelligenz, Kreativit\u00e4t und Schulbereitschaft im bilingualen Vorschulprogramm.","og_url":"https:\/\/www.childrenfirst.ch\/de\/12-monate-12-bcher-vorschul-edition-bei-children-first-zrich\/","og_site_name":"Children First","article_published_time":"1300-03-23T11:28:52+00:00","article_modified_time":"2026-03-23T11:16:39+00:00","og_image":[{"width":819,"height":1024,"url":"https:\/\/www.childrenfirst.ch\/wp-content\/uploads\/2026\/03\/1-819x1024.png","type":"image\/png"}],"author":"Alissa Buff","twitter_card":"summary_large_image","twitter_misc":{"Verfasst von":"Alissa Buff","Gesch\u00e4tzte Lesezeit":"4\u00a0Minuten"},"schema":{"@context":"https:\/\/schema.org","@graph":[{"@type":"Article","@id":"https:\/\/www.childrenfirst.ch\/de\/12-monate-12-bcher-vorschul-edition-bei-children-first-zrich\/#article","isPartOf":{"@id":"https:\/\/www.childrenfirst.ch\/de\/12-monate-12-bcher-vorschul-edition-bei-children-first-zrich\/"},"author":{"name":"Alissa Buff","@id":"https:\/\/www.childrenfirst.ch\/de\/#\/schema\/person\/68668a5470b3a0ee210fb900f0f60f13"},"headline":"12 Monate, 12 B\u00fccher \u2013 Vorschul-Edition bei Children First Z\u00fcrich","datePublished":"1300-03-23T11:28:52+00:00","dateModified":"2026-03-23T11:16:39+00:00","mainEntityOfPage":{"@id":"https:\/\/www.childrenfirst.ch\/de\/12-monate-12-bcher-vorschul-edition-bei-children-first-zrich\/"},"wordCount":891,"publisher":{"@id":"https:\/\/www.childrenfirst.ch\/de\/#organization"},"image":{"@id":"https:\/\/www.childrenfirst.ch\/de\/12-monate-12-bcher-vorschul-edition-bei-children-first-zrich\/#primaryimage"},"thumbnailUrl":"https:\/\/www.childrenfirst.ch\/wp-content\/uploads\/2026\/03\/1.png","articleSection":["Blog","Gemeinschaft","Homepage","Unkategorisiert"],"inLanguage":"de"},{"@type":"WebPage","@id":"https:\/\/www.childrenfirst.ch\/de\/12-monate-12-bcher-vorschul-edition-bei-children-first-zrich\/","url":"https:\/\/www.childrenfirst.ch\/de\/12-monate-12-bcher-vorschul-edition-bei-children-first-zrich\/","name":"12 Monate, 12 B\u00fccher \u2013 Vorschul-Edition bei Children First Z\u00fcrich","isPartOf":{"@id":"https:\/\/www.childrenfirst.ch\/de\/#website"},"primaryImageOfPage":{"@id":"https:\/\/www.childrenfirst.ch\/de\/12-monate-12-bcher-vorschul-edition-bei-children-first-zrich\/#primaryimage"},"image":{"@id":"https:\/\/www.childrenfirst.ch\/de\/12-monate-12-bcher-vorschul-edition-bei-children-first-zrich\/#primaryimage"},"thumbnailUrl":"https:\/\/www.childrenfirst.ch\/wp-content\/uploads\/2026\/03\/1.png","datePublished":"1300-03-23T11:28:52+00:00","dateModified":"2026-03-23T11:16:39+00:00","description":"Entdecken Sie 12 sorgf\u00e4ltig ausgew\u00e4hlte Vorschulb\u00fccher f\u00fcr Kinder von 2\u20135 Jahren bei Children First Z\u00fcrich. F\u00f6rderung von fr\u00fchem Lesen, emotionaler Intelligenz, Kreativit\u00e4t und Schulbereitschaft im bilingualen Vorschulprogramm.","breadcrumb":{"@id":"https:\/\/www.childrenfirst.ch\/de\/12-monate-12-bcher-vorschul-edition-bei-children-first-zrich\/#breadcrumb"},"inLanguage":"de","potentialAction":[{"@type":"ReadAction","target":["https:\/\/www.childrenfirst.ch\/de\/12-monate-12-bcher-vorschul-edition-bei-children-first-zrich\/"]}]},{"@type":"ImageObject","inLanguage":"de","@id":"https:\/\/www.childrenfirst.ch\/de\/12-monate-12-bcher-vorschul-edition-bei-children-first-zrich\/#primaryimage","url":"https:\/\/www.childrenfirst.ch\/wp-content\/uploads\/2026\/03\/1.png","contentUrl":"https:\/\/www.childrenfirst.ch\/wp-content\/uploads\/2026\/03\/1.png","width":1080,"height":1350},{"@type":"BreadcrumbList","@id":"https:\/\/www.childrenfirst.ch\/de\/12-monate-12-bcher-vorschul-edition-bei-children-first-zrich\/#breadcrumb","itemListElement":[{"@type":"ListItem","position":1,"name":"Home","item":"https:\/\/www.childrenfirst.ch\/de\/"},{"@type":"ListItem","position":2,"name":"12 Monate, 12 B\u00fccher \u2013 Vorschul-Edition bei Children First Z\u00fcrich"}]},{"@type":"WebSite","@id":"https:\/\/www.childrenfirst.ch\/de\/#website","url":"https:\/\/www.childrenfirst.ch\/de\/","name":"Children First","description":"International daycare, preschool and kindergarten","publisher":{"@id":"https:\/\/www.childrenfirst.ch\/de\/#organization"},"potentialAction":[{"@type":"SearchAction","target":{"@type":"EntryPoint","urlTemplate":"https:\/\/www.childrenfirst.ch\/de\/?s={search_term_string}"},"query-input":{"@type":"PropertyValueSpecification","valueRequired":true,"valueName":"search_term_string"}}],"inLanguage":"de"},{"@type":"Organization","@id":"https:\/\/www.childrenfirst.ch\/de\/#organization","name":"Children First","url":"https:\/\/www.childrenfirst.ch\/de\/","logo":{"@type":"ImageObject","inLanguage":"de","@id":"https:\/\/www.childrenfirst.ch\/de\/#\/schema\/logo\/image\/","url":"https:\/\/www.childrenfirst.ch\/wp-content\/uploads\/2024\/12\/logo-1.png","contentUrl":"https:\/\/www.childrenfirst.ch\/wp-content\/uploads\/2024\/12\/logo-1.png","width":305,"height":82,"caption":"Children First"},"image":{"@id":"https:\/\/www.childrenfirst.ch\/de\/#\/schema\/logo\/image\/"}},{"@type":"Person","@id":"https:\/\/www.childrenfirst.ch\/de\/#\/schema\/person\/68668a5470b3a0ee210fb900f0f60f13","name":"Alissa Buff","image":{"@type":"ImageObject","inLanguage":"de","@id":"https:\/\/secure.gravatar.com\/avatar\/26cda8f5294594e54dc4e13c4f5ef36406440e9e2ef1bcddea876f01a373d7bd?s=96&d=mm&r=g","url":"https:\/\/secure.gravatar.com\/avatar\/26cda8f5294594e54dc4e13c4f5ef36406440e9e2ef1bcddea876f01a373d7bd?s=96&d=mm&r=g","contentUrl":"https:\/\/secure.gravatar.com\/avatar\/26cda8f5294594e54dc4e13c4f5ef36406440e9e2ef1bcddea876f01a373d7bd?s=96&d=mm&r=g","caption":"Alissa Buff"},"sameAs":["http:\/\/www.childrenfirst.ch"],"url":"https:\/\/www.childrenfirst.ch\/de\/author\/alissa\/"}]}},"_links":{"self":[{"href":"https:\/\/www.childrenfirst.ch\/de\/wp-json\/wp\/v2\/posts\/8130","targetHints":{"allow":["GET"]}}],"collection":[{"href":"https:\/\/www.childrenfirst.ch\/de\/wp-json\/wp\/v2\/posts"}],"about":[{"href":"https:\/\/www.childrenfirst.ch\/de\/wp-json\/wp\/v2\/types\/post"}],"author":[{"embeddable":true,"href":"https:\/\/www.childrenfirst.ch\/de\/wp-json\/wp\/v2\/users\/5"}],"replies":[{"embeddable":true,"href":"https:\/\/www.childrenfirst.ch\/de\/wp-json\/wp\/v2\/comments?post=8130"}],"version-history":[{"count":4,"href":"https:\/\/www.childrenfirst.ch\/de\/wp-json\/wp\/v2\/posts\/8130\/revisions"}],"predecessor-version":[{"id":8142,"href":"https:\/\/www.childrenfirst.ch\/de\/wp-json\/wp\/v2\/posts\/8130\/revisions\/8142"}],"wp:featuredmedia":[{"embeddable":true,"href":"https:\/\/www.childrenfirst.ch\/de\/wp-json\/wp\/v2\/media\/8125"}],"wp:attachment":[{"href":"https:\/\/www.childrenfirst.ch\/de\/wp-json\/wp\/v2\/media?parent=8130"}],"wp:term":[{"taxonomy":"category","embeddable":true,"href":"https:\/\/www.childrenfirst.ch\/de\/wp-json\/wp\/v2\/categories?post=8130"},{"taxonomy":"post_tag","embeddable":true,"href":"https:\/\/www.childrenfirst.ch\/de\/wp-json\/wp\/v2\/tags?post=8130"}],"curies":[{"name":"wp","href":"https:\/\/api.w.org\/{rel}","templated":true}]}}