{"id":8095,"date":"1200-03-23T08:51:52","date_gmt":"1200-03-23T08:51:52","guid":{"rendered":"https:\/\/www.childrenfirst.ch\/?p=8095"},"modified":"2026-06-16T09:20:11","modified_gmt":"2026-06-16T09:20:11","slug":"fruhlingsevent-familientag","status":"publish","type":"post","link":"https:\/\/www.childrenfirst.ch\/de\/fruhlingsevent-familientag\/","title":{"rendered":"Vergangene Veranstaltung: Fr\u00fchlings-Event: Familientag"},"content":{"rendered":"\t\t<div data-elementor-type=\"wp-post\" data-elementor-id=\"8095\" class=\"elementor elementor-8095\" data-elementor-post-type=\"post\">\n\t\t\t\t<div class=\"elementor-element elementor-element-1458fff5 relative-section e-flex e-con-boxed e-con e-parent\" data-id=\"1458fff5\" data-element_type=\"container\" data-e-type=\"container\" data-settings=\"{&quot;background_background&quot;:&quot;classic&quot;}\">\n\t\t\t\t\t<div class=\"e-con-inner\">\n\t\t<div class=\"elementor-element elementor-element-30f4dac4 e-con-full e-flex e-con e-child\" data-id=\"30f4dac4\" data-element_type=\"container\" data-e-type=\"container\" data-settings=\"{&quot;background_background&quot;:&quot;classic&quot;}\">\n\t\t<div class=\"elementor-element elementor-element-1ef0d793 e-con-full e-flex e-con e-child\" data-id=\"1ef0d793\" data-element_type=\"container\" data-e-type=\"container\" data-settings=\"{&quot;background_background&quot;:&quot;classic&quot;}\">\n\t\t\t\t<div class=\"elementor-element elementor-element-ca22b19 elementor-widget elementor-widget-image\" data-id=\"ca22b19\" data-element_type=\"widget\" data-e-type=\"widget\" data-widget_type=\"image.default\">\n\t\t\t\t<div class=\"elementor-widget-container\">\n\t\t\t\t\t\t\t\t\t\t\t\t\t\t\t<img fetchpriority=\"high\" decoding=\"async\" width=\"768\" height=\"1086\" src=\"https:\/\/www.childrenfirst.ch\/wp-content\/uploads\/1200\/03\/Spring-Event-2-768x1086.png\" class=\"attachment-medium_large size-medium_large wp-image-8151\" alt=\"\" srcset=\"https:\/\/www.childrenfirst.ch\/wp-content\/uploads\/1200\/03\/Spring-Event-2-768x1086.png 768w, https:\/\/www.childrenfirst.ch\/wp-content\/uploads\/1200\/03\/Spring-Event-2-212x300.png 212w, https:\/\/www.childrenfirst.ch\/wp-content\/uploads\/1200\/03\/Spring-Event-2-724x1024.png 724w, https:\/\/www.childrenfirst.ch\/wp-content\/uploads\/1200\/03\/Spring-Event-2-1086x1536.png 1086w, https:\/\/www.childrenfirst.ch\/wp-content\/uploads\/1200\/03\/Spring-Event-2.png 1414w\" sizes=\"(max-width: 768px) 100vw, 768px\" \/>\t\t\t\t\t\t\t\t\t\t\t\t\t\t\t<\/div>\n\t\t\t\t<\/div>\n\t\t\t\t<div class=\"elementor-element elementor-element-51d596c elementor-widget-divider--view-line elementor-widget elementor-widget-divider\" data-id=\"51d596c\" data-element_type=\"widget\" data-e-type=\"widget\" data-widget_type=\"divider.default\">\n\t\t\t\t<div class=\"elementor-widget-container\">\n\t\t\t\t\t\t\t<div class=\"elementor-divider\">\n\t\t\t<span class=\"elementor-divider-separator\">\n\t\t\t\t\t\t<\/span>\n\t\t<\/div>\n\t\t\t\t\t\t<\/div>\n\t\t\t\t<\/div>\n\t\t\t\t<div class=\"elementor-element elementor-element-41d4754 elementor-widget elementor-widget-text-editor\" data-id=\"41d4754\" data-element_type=\"widget\" data-e-type=\"widget\" data-widget_type=\"text-editor.default\">\n\t\t\t\t<div class=\"elementor-widget-container\">\n\t\t\t\t\t\t\t\t\t<p><span style=\"font-weight: 400;\">Verbringen Sie gemeinsam mit Children First und Playball einen unterhaltsamen Familientag! Wir treffen uns auf dem Platz vor dem Chinagarten (Bellerivestrasse 138, 8008 Z\u00fcrich)<\/span><\/p><p><span style=\"font-weight: 400;\">\ud83c\udf89 Kostenlose Veranstaltung \u2013 Spiele f\u00fcr Kinder ab 2 Jahren, gemeinsam mit Eltern, sowie eine fr\u00fchlingshafte Playball-Session mit Byron McGaw!<\/span><\/p><p><span style=\"font-weight: 400;\">\ud83d\udccd Leicht zu erreichen: Bus 33 oder Tram 11\/15 bis H\u00f6schgasse oder Fr\u00f6hlichstrasse<\/span><\/p><p><span style=\"font-weight: 400;\">Die Veranstaltung ist zwar kostenlos, bitte meldet euch aber im Voraus an, um euch einen Platz zu sichern.<\/span><\/p><p><span style=\"font-weight: 400;\">Erfahrt mehr \u00fcber unsere neue Primarschule, die bald in Seefeld er\u00f6ffnet wird.<\/span><\/p><p><span style=\"font-weight: 400;\">Wir freuen uns schon darauf, euch dort an einem Vormittag voller Spass und Bewegung zu sehen!<\/span><\/p><p class=\"isSelectedEnd\"><br style=\"font-weight: 400;\" \/><br style=\"font-weight: 400;\" \/><br \/><\/p>\t\t\t\t\t\t\t\t<\/div>\n\t\t\t\t<\/div>\n\t\t\t\t<div class=\"elementor-element elementor-element-2c3e0ec elementor-widget elementor-widget-n-accordion\" data-id=\"2c3e0ec\" data-element_type=\"widget\" data-e-type=\"widget\" data-settings=\"{&quot;default_state&quot;:&quot;all_collapsed&quot;,&quot;max_items_expended&quot;:&quot;one&quot;,&quot;n_accordion_animation_duration&quot;:{&quot;unit&quot;:&quot;ms&quot;,&quot;size&quot;:400,&quot;sizes&quot;:[]}}\" data-widget_type=\"nested-accordion.default\">\n\t\t\t\t<div class=\"elementor-widget-container\">\n\t\t\t\t\t\t\t<div class=\"e-n-accordion\" aria-label=\"Accordion. Open links with Enter or Space, close with Escape, and navigate with Arrow Keys\">\n\t\t\t\t\t\t<details id=\"e-n-accordion-item-4630\" class=\"e-n-accordion-item\" >\n\t\t\t\t<summary class=\"e-n-accordion-item-title\" data-accordion-index=\"1\" tabindex=\"0\" aria-expanded=\"false\" aria-controls=\"e-n-accordion-item-4630\" >\n\t\t\t\t\t<span class='e-n-accordion-item-title-header'><div class=\"e-n-accordion-item-title-text\">  <\/div><\/span>\n\t\t\t\t\t\t\t<span class='e-n-accordion-item-title-icon'>\n\t\t\t<span class='e-opened' ><svg aria-hidden=\"true\" class=\"e-font-icon-svg e-fas-minus\" viewBox=\"0 0 448 512\" xmlns=\"http:\/\/www.w3.org\/2000\/svg\"><path d=\"M416 208H32c-17.67 0-32 14.33-32 32v32c0 17.67 14.33 32 32 32h384c17.67 0 32-14.33 32-32v-32c0-17.67-14.33-32-32-32z\"><\/path><\/svg><\/span>\n\t\t\t<span class='e-closed'><svg aria-hidden=\"true\" class=\"e-font-icon-svg e-fas-plus\" viewBox=\"0 0 448 512\" xmlns=\"http:\/\/www.w3.org\/2000\/svg\"><path d=\"M416 208H272V64c0-17.67-14.33-32-32-32h-32c-17.67 0-32 14.33-32 32v144H32c-17.67 0-32 14.33-32 32v32c0 17.67 14.33 32 32 32h144v144c0 17.67 14.33 32 32 32h32c17.67 0 32-14.33 32-32V304h144c17.67 0 32-14.33 32-32v-32c0-17.67-14.33-32-32-32z\"><\/path><\/svg><\/span>\n\t\t<\/span>\n\n\t\t\t\t\t\t<\/summary>\n\t\t\t\t<div role=\"region\" aria-labelledby=\"e-n-accordion-item-4630\" class=\"elementor-element elementor-element-c52799b e-flex e-con-boxed e-con e-child\" data-id=\"c52799b\" data-element_type=\"container\" data-e-type=\"container\">\n\t\t\t\t\t<div class=\"e-con-inner\">\n\t\t\t\t\t<\/div>\n\t\t\t\t<\/div>\n\t\t\t\t\t<\/details>\n\t\t\t\t\t<\/div>\n\t\t\t\t\t\t<\/div>\n\t\t\t\t<\/div>\n\t\t<div class=\"elementor-element elementor-element-c8576a9 e-con-full e-flex e-con e-child\" data-id=\"c8576a9\" data-element_type=\"container\" data-e-type=\"container\">\n\t\t<div class=\"elementor-element elementor-element-7f2d9e5 e-con-full e-flex e-con e-child\" data-id=\"7f2d9e5\" data-element_type=\"container\" data-e-type=\"container\">\n\t\t\t\t<\/div>\n\t\t\t\t<\/div>\n\t\t\t\t<\/div>\n\t\t\t\t<\/div>\n\t\t\t\t\t<\/div>\n\t\t\t\t<\/div>\n\t\t<div class=\"elementor-element elementor-element-a7736d7 e-flex e-con-boxed e-con e-parent\" data-id=\"a7736d7\" data-element_type=\"container\" data-e-type=\"container\">\n\t\t\t\t\t<div class=\"e-con-inner\">\n\t\t\t\t<div class=\"elementor-element elementor-element-4d6e0c5 elementor-widget elementor-widget-spacer\" data-id=\"4d6e0c5\" data-element_type=\"widget\" data-e-type=\"widget\" data-widget_type=\"spacer.default\">\n\t\t\t\t<div class=\"elementor-widget-container\">\n\t\t\t\t\t\t\t<div class=\"elementor-spacer\">\n\t\t\t<div class=\"elementor-spacer-inner\"><\/div>\n\t\t<\/div>\n\t\t\t\t\t\t<\/div>\n\t\t\t\t<\/div>\n\t\t\t\t<div class=\"elementor-element elementor-element-8d99ff4 elementor-widget elementor-widget-shortcode\" data-id=\"8d99ff4\" data-element_type=\"widget\" data-e-type=\"widget\" data-widget_type=\"shortcode.default\">\n\t\t\t\t<div class=\"elementor-widget-container\">\n\t\t\t\t\t\t\t<div class=\"elementor-shortcode\">\n<div class=\"wpcf7 no-js\" id=\"wpcf7-f5441-o1\" lang=\"en-US\" dir=\"ltr\" data-wpcf7-id=\"5441\">\n<div class=\"screen-reader-response\"><p role=\"status\" aria-live=\"polite\" aria-atomic=\"true\"><\/p> <ul><\/ul><\/div>\n<form action=\"\/de\/wp-json\/wp\/v2\/posts\/8095#wpcf7-f5441-o1\" method=\"post\" class=\"wpcf7-form init\" aria-label=\"Contact form\" novalidate=\"novalidate\" data-status=\"init\">\n<fieldset class=\"hidden-fields-container\"><input type=\"hidden\" name=\"_wpcf7\" value=\"5441\" \/><input type=\"hidden\" name=\"_wpcf7_version\" value=\"6.1.6\" \/><input type=\"hidden\" name=\"_wpcf7_locale\" value=\"en_US\" \/><input type=\"hidden\" name=\"_wpcf7_unit_tag\" value=\"wpcf7-f5441-o1\" \/><input type=\"hidden\" name=\"_wpcf7_container_post\" value=\"0\" \/><input type=\"hidden\" name=\"_wpcf7_posted_data_hash\" value=\"\" \/><input type=\"hidden\" name=\"_wpcf7_recaptcha_response\" value=\"\" \/>\n<\/fieldset>\n<div class=\"form-row\" style=\"text-align:left;\">\n\t<div class=\"form-field\" style=\"margin-bottom:0px;\">\n\t\t<p><label>Name <span class=\"asterik\">*<\/span><\/label>\n\t\t<\/p>\n\t<\/div>\n<\/div>\n<div class=\"form-row\">\n\t<div class=\"col-sm-6\">\n\t\t<div class=\"form-field\">\n\t\t\t<p><span class=\"wpcf7-form-control-wrap\" data-name=\"firstname\"><input size=\"40\" maxlength=\"400\" class=\"wpcf7-form-control wpcf7-text wpcf7-validates-as-required\" aria-required=\"true\" aria-invalid=\"false\" placeholder=\"First\" value=\"\" type=\"text\" name=\"firstname\" \/><\/span>\n\t\t\t<\/p>\n\t\t<\/div>\n\t<\/div>\n\t<div class=\"col-sm-6\">\n\t\t<div class=\"form-field\">\n\t\t\t<p><span class=\"wpcf7-form-control-wrap\" data-name=\"lastname\"><input size=\"40\" maxlength=\"400\" class=\"wpcf7-form-control wpcf7-text wpcf7-validates-as-required\" aria-required=\"true\" aria-invalid=\"false\" placeholder=\"Last\" value=\"\" type=\"text\" name=\"lastname\" \/><\/span>\n\t\t\t<\/p>\n\t\t<\/div>\n\t<\/div>\n<\/div>\n<div class=\"form-row\" style=\"text-align:left;\">\n\t<div class=\"form-field\" style=\"margin-bottom:0px;\">\n\t\t<p><label>Child's Name<span class=\"asterik\">*<\/span><\/label>\n\t\t<\/p>\n\t<\/div>\n<\/div>\n<div class=\"form-row\">\n\t<div class=\"col-sm-6\">\n\t\t<div class=\"form-field\">\n\t\t\t<p><span class=\"wpcf7-form-control-wrap\" data-name=\"child-first\"><input size=\"40\" maxlength=\"400\" class=\"wpcf7-form-control wpcf7-text wpcf7-validates-as-required\" aria-required=\"true\" aria-invalid=\"false\" placeholder=\"First\" value=\"\" type=\"text\" name=\"child-first\" \/><\/span>\n\t\t\t<\/p>\n\t\t<\/div>\n\t<\/div>\n\t<div class=\"col-sm-6\">\n\t\t<div class=\"form-field\">\n\t\t\t<p><span class=\"wpcf7-form-control-wrap\" data-name=\"child-last\"><input size=\"40\" maxlength=\"400\" class=\"wpcf7-form-control wpcf7-text wpcf7-validates-as-required\" aria-required=\"true\" aria-invalid=\"false\" placeholder=\"Last\" value=\"\" type=\"text\" name=\"child-last\" \/><\/span>\n\t\t\t<\/p>\n\t\t<\/div>\n\t<\/div>\n<\/div>\n<div class=\"form-row\">\n\t<div class=\"col-sm-12\">\n\t\t<div class=\"form-field\">\n\t\t\t<p><label>Child's date of birth<span class=\"asterik\">*<\/span><\/label><br \/>\n<span class=\"wpcf7-form-control-wrap\" data-name=\"child-dob\"><input size=\"40\" maxlength=\"400\" class=\"wpcf7-form-control wpcf7-text wpcf7-validates-as-required\" aria-required=\"true\" aria-invalid=\"false\" value=\"\" type=\"text\" name=\"child-dob\" \/><\/span>\n\t\t\t<\/p>\n\t\t<\/div>\n\t<\/div>\n<\/div>\n<div class=\"form-row\">\n\t<div class=\"col-sm-12\">\n\t\t<div class=\"form-field\">\n\t\t\t<p><label>Registration<\/label><br \/>\n<span class=\"wpcf7-form-control-wrap\" data-name=\"registration\"><span class=\"wpcf7-form-control wpcf7-checkbox\"><span class=\"wpcf7-list-item first last\"><label><input type=\"checkbox\" name=\"registration[]\" value=\"I would like to attend the open house on 29th August 2026\" \/><span class=\"wpcf7-list-item-label\">I would like to attend the open house on 29th August 2026<\/span><\/label><\/span><\/span><\/span>\n\t\t\t<\/p>\n\t\t<\/div>\n\t<\/div>\n<\/div>\n<div class=\"form-row\">\n\t<div class=\"col-sm-6\">\n\t\t<div class=\"form-field\">\n\t\t\t<p><label>Email<span class=\"asterik\">*<\/span><\/label><br \/>\n<span class=\"wpcf7-form-control-wrap\" data-name=\"email-925\"><input size=\"40\" maxlength=\"400\" class=\"wpcf7-form-control wpcf7-email wpcf7-validates-as-required wpcf7-text wpcf7-validates-as-email\" aria-required=\"true\" aria-invalid=\"false\" value=\"\" type=\"email\" name=\"email-925\" \/><\/span>\n\t\t\t<\/p>\n\t\t<\/div>\n\t<\/div>\n\t<div class=\"col-sm-6\">\n\t\t<div class=\"form-field\">\n\t\t\t<p><label>Phone<span class=\"asterik\">*<\/span><\/label><br \/>\n<span class=\"wpcf7-form-control-wrap\" data-name=\"phone\"><input size=\"40\" maxlength=\"400\" class=\"wpcf7-form-control wpcf7-text wpcf7-validates-as-required\" aria-required=\"true\" aria-invalid=\"false\" value=\"\" type=\"text\" name=\"phone\" \/><\/span>\n\t\t\t<\/p>\n\t\t<\/div>\n\t<\/div>\n<\/div>\n<div class=\"form-row\">\n\t<div class=\"col-sm-12\">\n\t\t<div class=\"form-field\">\n\t\t\t<p><label>How did you hear about us:<span class=\"asterik\">*<\/span><\/label><br \/>\n<span class=\"wpcf7-form-control-wrap\" data-name=\"how-hear\"><input size=\"40\" maxlength=\"400\" class=\"wpcf7-form-control wpcf7-text wpcf7-validates-as-required\" aria-required=\"true\" aria-invalid=\"false\" value=\"\" type=\"text\" name=\"how-hear\" \/><\/span>\n\t\t\t<\/p>\n\t\t<\/div>\n\t<\/div>\n<\/div>\n<div class=\"form-row\">\n\t<div class=\"col-sm-12\">\n\t\t<div class=\"form-field\">\n\t\t\t<p><label>Message:<\/label><br \/>\n<span class=\"wpcf7-form-control-wrap\" data-name=\"message\"><textarea cols=\"40\" rows=\"10\" maxlength=\"2000\" class=\"wpcf7-form-control wpcf7-textarea\" aria-invalid=\"false\" name=\"message\"><\/textarea><\/span><br \/>\n<span>If you are registering multiple children, please enter the additional information in the message section.<\/span>\n\t\t\t<\/p>\n\t\t<\/div>\n\t<\/div>\n<\/div>\n<div class=\"form-row\">\n\t<div class=\"col-sm-12\">\n\t\t<div class=\"form-field\">\n\t\t\t<p><label>News<\/label><br \/>\n<span class=\"wpcf7-form-control-wrap\" data-name=\"checkbox-news\"><span class=\"wpcf7-form-control wpcf7-checkbox\"><span class=\"wpcf7-list-item first last\"><label><input type=\"checkbox\" name=\"checkbox-news[]\" value=\"I would like to receive news from Children First\" \/><span class=\"wpcf7-list-item-label\">I would like to receive news from Children First<\/span><\/label><\/span><\/span><\/span>\n\t\t\t<\/p>\n\t\t<\/div>\n\t<\/div>\n<\/div>\n<div class=\"form-row\">\n\t<div class=\"col-sm-12\">\n\t\t<div class=\"form-field\">\n\t\t\t<p><span>Children First will not pass on your details to others.<\/span>\n\t\t\t<\/p>\n\t\t<\/div>\n\t<\/div>\n<\/div>\n<input class=\"wpcf7-form-control wpcf7-hidden\" value=\"\" type=\"hidden\" name=\"campaign-ref\" \/>\n<div class=\"form-row\">\n\t<div class=\"col-sm-12\">\n\t\t<div class=\"form-field submit-btn\">\n\t\t<input class=\"wpcf7-form-control wpcf7-hidden\" id=\"post-url\" value=\"\" type=\"hidden\" name=\"post-url\" \/>\n\t\t<input class=\"wpcf7-form-control wpcf7-hidden\" value=\"\" type=\"hidden\" name=\"campaign-ref\" \/>\n\t\t\t<p><input class=\"wpcf7-form-control wpcf7-submit has-spinner\" type=\"submit\" value=\"Send Message\" \/>\n\t\t\t<\/p>\n\t\t<\/div>\n\t<\/div>\n<\/div><div class=\"wpcf7-response-output\" aria-hidden=\"true\"><\/div>\n<\/form>\n<\/div>\n<\/div>\n\t\t\t\t\t\t<\/div>\n\t\t\t\t<\/div>\n\t\t\t\t\t<\/div>\n\t\t\t\t<\/div>\n\t\t<div class=\"elementor-element elementor-element-806e17b e-flex e-con-boxed e-con e-parent\" data-id=\"806e17b\" data-element_type=\"container\" data-e-type=\"container\">\n\t\t\t\t\t<div class=\"e-con-inner\">\n\t\t\t\t\t<\/div>\n\t\t\t\t<\/div>\n\t\t\t\t<\/div>\n\t\t","protected":false},"excerpt":{"rendered":"<p>Nehmen Sie an unserem kostenlosen Familienevent in Z\u00fcrich am 11. April 2026 teil! Freuen Sie sich auf lustige Outdoor-Spiele f\u00fcr Kinder (ab 3 Jahren) und Eltern \u2013 gemeinsam mit Children First &#038; Playball. Jetzt anmelden!<\/p>\n","protected":false},"author":5,"featured_media":8098,"comment_status":"closed","ping_status":"open","sticky":false,"template":"","format":"standard","meta":{"_acf_changed":false,"footnotes":""},"categories":[16,22,25,15,4],"tags":[133,114,134,142,135,141,136,137,45,138,139,140],"class_list":["post-8095","post","type-post","status-publish","format-standard","has-post-thumbnail","hentry","category-blog-de","category-gemeinschaft","category-homepage-de","category-konzept","category-unkategorisiert","tag-activities-for-children-spring","tag-children-first-zurich-de","tag-early-childhood-education","tag-familientag","tag-free-event-for-families-in-zurich","tag-fruhlingsevent","tag-international-kindergarten-zurich","tag-kindergarten-open-house","tag-kindergarten-zurich-de","tag-spring-event","tag-zurich-families","tag-zurich-kindergarten"],"acf":[],"yoast_head":"<!-- This site is optimized with the Yoast SEO plugin v28.2 - https:\/\/yoast.com\/product\/yoast-seo-wordpress\/ -->\n<title>Familientag in Z\u00fcrich | Children First &amp; Playball Event | 11.04.26<\/title>\n<meta name=\"description\" content=\"Erleben Sie gemeinsam mit Children First und Playball einen kostenlosen Familienevent in Z\u00fcrich am 11. April! Freuen Sie sich auf spannende Spiele f\u00fcr Kinder (ab 3 Jahren), Outdoor-Aktivit\u00e4ten und eine Playball-Session. Jetzt anmelden!\" \/>\n<meta name=\"robots\" content=\"index, follow, max-snippet:-1, max-image-preview:large, max-video-preview:-1\" \/>\n<link rel=\"canonical\" href=\"https:\/\/www.childrenfirst.ch\/de\/fruhlingsevent-familientag\/\" \/>\n<meta property=\"og:locale\" content=\"de_DE\" \/>\n<meta property=\"og:type\" content=\"article\" \/>\n<meta property=\"og:title\" content=\"Familientag in Z\u00fcrich | Children First &amp; Playball Event | 11.04.26\" \/>\n<meta property=\"og:description\" content=\"Erleben Sie gemeinsam mit Children First und Playball einen kostenlosen Familienevent in Z\u00fcrich am 11. April! Freuen Sie sich auf spannende Spiele f\u00fcr Kinder (ab 3 Jahren), Outdoor-Aktivit\u00e4ten und eine Playball-Session. Jetzt anmelden!\" \/>\n<meta property=\"og:url\" content=\"https:\/\/www.childrenfirst.ch\/de\/fruhlingsevent-familientag\/\" \/>\n<meta property=\"og:site_name\" content=\"Children First\" \/>\n<meta property=\"article:published_time\" content=\"1200-03-23T08:51:52+00:00\" \/>\n<meta property=\"article:modified_time\" content=\"2026-06-16T09:20:11+00:00\" \/>\n<meta property=\"og:image\" content=\"https:\/\/www.childrenfirst.ch\/wp-content\/uploads\/2026\/03\/Spring-Event-6-e1774256904580.png\" \/>\n\t<meta property=\"og:image:width\" content=\"1410\" \/>\n\t<meta property=\"og:image:height\" content=\"1373\" \/>\n\t<meta property=\"og:image:type\" content=\"image\/png\" \/>\n<meta name=\"author\" content=\"Alissa Buff\" \/>\n<meta name=\"twitter:card\" content=\"summary_large_image\" \/>\n<meta name=\"twitter:label1\" content=\"Verfasst von\" \/>\n\t<meta name=\"twitter:data1\" content=\"Alissa Buff\" \/>\n\t<meta name=\"twitter:label2\" content=\"Gesch\u00e4tzte Lesezeit\" \/>\n\t<meta name=\"twitter:data2\" content=\"2\u00a0Minuten\" \/>\n<script type=\"application\/ld+json\" class=\"yoast-schema-graph\">{\"@context\":\"https:\\\/\\\/schema.org\",\"@graph\":[{\"@type\":\"Article\",\"@id\":\"https:\\\/\\\/www.childrenfirst.ch\\\/de\\\/fruhlingsevent-familientag\\\/#article\",\"isPartOf\":{\"@id\":\"https:\\\/\\\/www.childrenfirst.ch\\\/de\\\/fruhlingsevent-familientag\\\/\"},\"author\":{\"name\":\"Alissa Buff\",\"@id\":\"https:\\\/\\\/www.childrenfirst.ch\\\/de\\\/#\\\/schema\\\/person\\\/68668a5470b3a0ee210fb900f0f60f13\"},\"headline\":\"Vergangene Veranstaltung: Fr\u00fchlings-Event: Familientag\",\"datePublished\":\"1200-03-23T08:51:52+00:00\",\"dateModified\":\"2026-06-16T09:20:11+00:00\",\"mainEntityOfPage\":{\"@id\":\"https:\\\/\\\/www.childrenfirst.ch\\\/de\\\/fruhlingsevent-familientag\\\/\"},\"wordCount\":119,\"publisher\":{\"@id\":\"https:\\\/\\\/www.childrenfirst.ch\\\/de\\\/#organization\"},\"image\":{\"@id\":\"https:\\\/\\\/www.childrenfirst.ch\\\/de\\\/fruhlingsevent-familientag\\\/#primaryimage\"},\"thumbnailUrl\":\"https:\\\/\\\/www.childrenfirst.ch\\\/wp-content\\\/uploads\\\/2026\\\/03\\\/Spring-Event-6-e1774256904580.png\",\"keywords\":[\"Activities for children spring\",\"Children First Zurich\",\"Early childhood education\",\"familientag\",\"free event for families in zurich\",\"fruhlingsevent\",\"International Kindergarten Zurich\",\"Kindergarten Open House\",\"Kindergarten Z\u00fcrich\",\"spring event\",\"Zurich Families\",\"Zurich Kindergarten\"],\"articleSection\":[\"Blog\",\"Gemeinschaft\",\"Homepage\",\"Konzept\",\"Unkategorisiert\"],\"inLanguage\":\"de\"},{\"@type\":\"WebPage\",\"@id\":\"https:\\\/\\\/www.childrenfirst.ch\\\/de\\\/fruhlingsevent-familientag\\\/\",\"url\":\"https:\\\/\\\/www.childrenfirst.ch\\\/de\\\/fruhlingsevent-familientag\\\/\",\"name\":\"Familientag in Z\u00fcrich | Children First & Playball Event | 11.04.26\",\"isPartOf\":{\"@id\":\"https:\\\/\\\/www.childrenfirst.ch\\\/de\\\/#website\"},\"primaryImageOfPage\":{\"@id\":\"https:\\\/\\\/www.childrenfirst.ch\\\/de\\\/fruhlingsevent-familientag\\\/#primaryimage\"},\"image\":{\"@id\":\"https:\\\/\\\/www.childrenfirst.ch\\\/de\\\/fruhlingsevent-familientag\\\/#primaryimage\"},\"thumbnailUrl\":\"https:\\\/\\\/www.childrenfirst.ch\\\/wp-content\\\/uploads\\\/2026\\\/03\\\/Spring-Event-6-e1774256904580.png\",\"datePublished\":\"1200-03-23T08:51:52+00:00\",\"dateModified\":\"2026-06-16T09:20:11+00:00\",\"description\":\"Erleben Sie gemeinsam mit Children First und Playball einen kostenlosen Familienevent in Z\u00fcrich am 11. April! Freuen Sie sich auf spannende Spiele f\u00fcr Kinder (ab 3 Jahren), Outdoor-Aktivit\u00e4ten und eine Playball-Session. Jetzt anmelden!\",\"breadcrumb\":{\"@id\":\"https:\\\/\\\/www.childrenfirst.ch\\\/de\\\/fruhlingsevent-familientag\\\/#breadcrumb\"},\"inLanguage\":\"de\",\"potentialAction\":[{\"@type\":\"ReadAction\",\"target\":[\"https:\\\/\\\/www.childrenfirst.ch\\\/de\\\/fruhlingsevent-familientag\\\/\"]}]},{\"@type\":\"ImageObject\",\"inLanguage\":\"de\",\"@id\":\"https:\\\/\\\/www.childrenfirst.ch\\\/de\\\/fruhlingsevent-familientag\\\/#primaryimage\",\"url\":\"https:\\\/\\\/www.childrenfirst.ch\\\/wp-content\\\/uploads\\\/2026\\\/03\\\/Spring-Event-6-e1774256904580.png\",\"contentUrl\":\"https:\\\/\\\/www.childrenfirst.ch\\\/wp-content\\\/uploads\\\/2026\\\/03\\\/Spring-Event-6-e1774256904580.png\",\"width\":1410,\"height\":1373},{\"@type\":\"BreadcrumbList\",\"@id\":\"https:\\\/\\\/www.childrenfirst.ch\\\/de\\\/fruhlingsevent-familientag\\\/#breadcrumb\",\"itemListElement\":[{\"@type\":\"ListItem\",\"position\":1,\"name\":\"Home\",\"item\":\"https:\\\/\\\/www.childrenfirst.ch\\\/de\\\/\"},{\"@type\":\"ListItem\",\"position\":2,\"name\":\"Vergangene Veranstaltung: Fr\u00fchlings-Event: Familientag\"}]},{\"@type\":\"WebSite\",\"@id\":\"https:\\\/\\\/www.childrenfirst.ch\\\/de\\\/#website\",\"url\":\"https:\\\/\\\/www.childrenfirst.ch\\\/de\\\/\",\"name\":\"Children First\",\"description\":\"International daycare, preschool and kindergarten\",\"publisher\":{\"@id\":\"https:\\\/\\\/www.childrenfirst.ch\\\/de\\\/#organization\"},\"potentialAction\":[{\"@type\":\"SearchAction\",\"target\":{\"@type\":\"EntryPoint\",\"urlTemplate\":\"https:\\\/\\\/www.childrenfirst.ch\\\/de\\\/?s={search_term_string}\"},\"query-input\":{\"@type\":\"PropertyValueSpecification\",\"valueRequired\":true,\"valueName\":\"search_term_string\"}}],\"inLanguage\":\"de\"},{\"@type\":\"Organization\",\"@id\":\"https:\\\/\\\/www.childrenfirst.ch\\\/de\\\/#organization\",\"name\":\"Children First\",\"url\":\"https:\\\/\\\/www.childrenfirst.ch\\\/de\\\/\",\"logo\":{\"@type\":\"ImageObject\",\"inLanguage\":\"de\",\"@id\":\"https:\\\/\\\/www.childrenfirst.ch\\\/de\\\/#\\\/schema\\\/logo\\\/image\\\/\",\"url\":\"https:\\\/\\\/www.childrenfirst.ch\\\/wp-content\\\/uploads\\\/2024\\\/12\\\/logo-1.png\",\"contentUrl\":\"https:\\\/\\\/www.childrenfirst.ch\\\/wp-content\\\/uploads\\\/2024\\\/12\\\/logo-1.png\",\"width\":305,\"height\":82,\"caption\":\"Children First\"},\"image\":{\"@id\":\"https:\\\/\\\/www.childrenfirst.ch\\\/de\\\/#\\\/schema\\\/logo\\\/image\\\/\"}},{\"@type\":\"Person\",\"@id\":\"https:\\\/\\\/www.childrenfirst.ch\\\/de\\\/#\\\/schema\\\/person\\\/68668a5470b3a0ee210fb900f0f60f13\",\"name\":\"Alissa Buff\",\"image\":{\"@type\":\"ImageObject\",\"inLanguage\":\"de\",\"@id\":\"https:\\\/\\\/secure.gravatar.com\\\/avatar\\\/26cda8f5294594e54dc4e13c4f5ef36406440e9e2ef1bcddea876f01a373d7bd?s=96&d=mm&r=g\",\"url\":\"https:\\\/\\\/secure.gravatar.com\\\/avatar\\\/26cda8f5294594e54dc4e13c4f5ef36406440e9e2ef1bcddea876f01a373d7bd?s=96&d=mm&r=g\",\"contentUrl\":\"https:\\\/\\\/secure.gravatar.com\\\/avatar\\\/26cda8f5294594e54dc4e13c4f5ef36406440e9e2ef1bcddea876f01a373d7bd?s=96&d=mm&r=g\",\"caption\":\"Alissa Buff\"},\"sameAs\":[\"http:\\\/\\\/www.childrenfirst.ch\"],\"url\":\"https:\\\/\\\/www.childrenfirst.ch\\\/de\\\/author\\\/alissa\\\/\"}]}<\/script>\n<!-- \/ Yoast SEO plugin. -->","yoast_head_json":{"title":"Familientag in Z\u00fcrich | Children First & Playball Event | 11.04.26","description":"Erleben Sie gemeinsam mit Children First und Playball einen kostenlosen Familienevent in Z\u00fcrich am 11. April! Freuen Sie sich auf spannende Spiele f\u00fcr Kinder (ab 3 Jahren), Outdoor-Aktivit\u00e4ten und eine Playball-Session. Jetzt anmelden!","robots":{"index":"index","follow":"follow","max-snippet":"max-snippet:-1","max-image-preview":"max-image-preview:large","max-video-preview":"max-video-preview:-1"},"canonical":"https:\/\/www.childrenfirst.ch\/de\/fruhlingsevent-familientag\/","og_locale":"de_DE","og_type":"article","og_title":"Familientag in Z\u00fcrich | Children First & Playball Event | 11.04.26","og_description":"Erleben Sie gemeinsam mit Children First und Playball einen kostenlosen Familienevent in Z\u00fcrich am 11. April! Freuen Sie sich auf spannende Spiele f\u00fcr Kinder (ab 3 Jahren), Outdoor-Aktivit\u00e4ten und eine Playball-Session. Jetzt anmelden!","og_url":"https:\/\/www.childrenfirst.ch\/de\/fruhlingsevent-familientag\/","og_site_name":"Children First","article_published_time":"1200-03-23T08:51:52+00:00","article_modified_time":"2026-06-16T09:20:11+00:00","og_image":[{"width":1410,"height":1373,"url":"https:\/\/www.childrenfirst.ch\/wp-content\/uploads\/2026\/03\/Spring-Event-6-e1774256904580.png","type":"image\/png"}],"author":"Alissa Buff","twitter_card":"summary_large_image","twitter_misc":{"Verfasst von":"Alissa Buff","Gesch\u00e4tzte Lesezeit":"2\u00a0Minuten"},"schema":{"@context":"https:\/\/schema.org","@graph":[{"@type":"Article","@id":"https:\/\/www.childrenfirst.ch\/de\/fruhlingsevent-familientag\/#article","isPartOf":{"@id":"https:\/\/www.childrenfirst.ch\/de\/fruhlingsevent-familientag\/"},"author":{"name":"Alissa Buff","@id":"https:\/\/www.childrenfirst.ch\/de\/#\/schema\/person\/68668a5470b3a0ee210fb900f0f60f13"},"headline":"Vergangene Veranstaltung: Fr\u00fchlings-Event: Familientag","datePublished":"1200-03-23T08:51:52+00:00","dateModified":"2026-06-16T09:20:11+00:00","mainEntityOfPage":{"@id":"https:\/\/www.childrenfirst.ch\/de\/fruhlingsevent-familientag\/"},"wordCount":119,"publisher":{"@id":"https:\/\/www.childrenfirst.ch\/de\/#organization"},"image":{"@id":"https:\/\/www.childrenfirst.ch\/de\/fruhlingsevent-familientag\/#primaryimage"},"thumbnailUrl":"https:\/\/www.childrenfirst.ch\/wp-content\/uploads\/2026\/03\/Spring-Event-6-e1774256904580.png","keywords":["Activities for children spring","Children First Zurich","Early childhood education","familientag","free event for families in zurich","fruhlingsevent","International Kindergarten Zurich","Kindergarten Open House","Kindergarten Z\u00fcrich","spring event","Zurich Families","Zurich Kindergarten"],"articleSection":["Blog","Gemeinschaft","Homepage","Konzept","Unkategorisiert"],"inLanguage":"de"},{"@type":"WebPage","@id":"https:\/\/www.childrenfirst.ch\/de\/fruhlingsevent-familientag\/","url":"https:\/\/www.childrenfirst.ch\/de\/fruhlingsevent-familientag\/","name":"Familientag in Z\u00fcrich | Children First & Playball Event | 11.04.26","isPartOf":{"@id":"https:\/\/www.childrenfirst.ch\/de\/#website"},"primaryImageOfPage":{"@id":"https:\/\/www.childrenfirst.ch\/de\/fruhlingsevent-familientag\/#primaryimage"},"image":{"@id":"https:\/\/www.childrenfirst.ch\/de\/fruhlingsevent-familientag\/#primaryimage"},"thumbnailUrl":"https:\/\/www.childrenfirst.ch\/wp-content\/uploads\/2026\/03\/Spring-Event-6-e1774256904580.png","datePublished":"1200-03-23T08:51:52+00:00","dateModified":"2026-06-16T09:20:11+00:00","description":"Erleben Sie gemeinsam mit Children First und Playball einen kostenlosen Familienevent in Z\u00fcrich am 11. April! Freuen Sie sich auf spannende Spiele f\u00fcr Kinder (ab 3 Jahren), Outdoor-Aktivit\u00e4ten und eine Playball-Session. Jetzt anmelden!","breadcrumb":{"@id":"https:\/\/www.childrenfirst.ch\/de\/fruhlingsevent-familientag\/#breadcrumb"},"inLanguage":"de","potentialAction":[{"@type":"ReadAction","target":["https:\/\/www.childrenfirst.ch\/de\/fruhlingsevent-familientag\/"]}]},{"@type":"ImageObject","inLanguage":"de","@id":"https:\/\/www.childrenfirst.ch\/de\/fruhlingsevent-familientag\/#primaryimage","url":"https:\/\/www.childrenfirst.ch\/wp-content\/uploads\/2026\/03\/Spring-Event-6-e1774256904580.png","contentUrl":"https:\/\/www.childrenfirst.ch\/wp-content\/uploads\/2026\/03\/Spring-Event-6-e1774256904580.png","width":1410,"height":1373},{"@type":"BreadcrumbList","@id":"https:\/\/www.childrenfirst.ch\/de\/fruhlingsevent-familientag\/#breadcrumb","itemListElement":[{"@type":"ListItem","position":1,"name":"Home","item":"https:\/\/www.childrenfirst.ch\/de\/"},{"@type":"ListItem","position":2,"name":"Vergangene Veranstaltung: Fr\u00fchlings-Event: Familientag"}]},{"@type":"WebSite","@id":"https:\/\/www.childrenfirst.ch\/de\/#website","url":"https:\/\/www.childrenfirst.ch\/de\/","name":"Children First","description":"International daycare, preschool and kindergarten","publisher":{"@id":"https:\/\/www.childrenfirst.ch\/de\/#organization"},"potentialAction":[{"@type":"SearchAction","target":{"@type":"EntryPoint","urlTemplate":"https:\/\/www.childrenfirst.ch\/de\/?s={search_term_string}"},"query-input":{"@type":"PropertyValueSpecification","valueRequired":true,"valueName":"search_term_string"}}],"inLanguage":"de"},{"@type":"Organization","@id":"https:\/\/www.childrenfirst.ch\/de\/#organization","name":"Children First","url":"https:\/\/www.childrenfirst.ch\/de\/","logo":{"@type":"ImageObject","inLanguage":"de","@id":"https:\/\/www.childrenfirst.ch\/de\/#\/schema\/logo\/image\/","url":"https:\/\/www.childrenfirst.ch\/wp-content\/uploads\/2024\/12\/logo-1.png","contentUrl":"https:\/\/www.childrenfirst.ch\/wp-content\/uploads\/2024\/12\/logo-1.png","width":305,"height":82,"caption":"Children First"},"image":{"@id":"https:\/\/www.childrenfirst.ch\/de\/#\/schema\/logo\/image\/"}},{"@type":"Person","@id":"https:\/\/www.childrenfirst.ch\/de\/#\/schema\/person\/68668a5470b3a0ee210fb900f0f60f13","name":"Alissa Buff","image":{"@type":"ImageObject","inLanguage":"de","@id":"https:\/\/secure.gravatar.com\/avatar\/26cda8f5294594e54dc4e13c4f5ef36406440e9e2ef1bcddea876f01a373d7bd?s=96&d=mm&r=g","url":"https:\/\/secure.gravatar.com\/avatar\/26cda8f5294594e54dc4e13c4f5ef36406440e9e2ef1bcddea876f01a373d7bd?s=96&d=mm&r=g","contentUrl":"https:\/\/secure.gravatar.com\/avatar\/26cda8f5294594e54dc4e13c4f5ef36406440e9e2ef1bcddea876f01a373d7bd?s=96&d=mm&r=g","caption":"Alissa Buff"},"sameAs":["http:\/\/www.childrenfirst.ch"],"url":"https:\/\/www.childrenfirst.ch\/de\/author\/alissa\/"}]}},"_links":{"self":[{"href":"https:\/\/www.childrenfirst.ch\/de\/wp-json\/wp\/v2\/posts\/8095","targetHints":{"allow":["GET"]}}],"collection":[{"href":"https:\/\/www.childrenfirst.ch\/de\/wp-json\/wp\/v2\/posts"}],"about":[{"href":"https:\/\/www.childrenfirst.ch\/de\/wp-json\/wp\/v2\/types\/post"}],"author":[{"embeddable":true,"href":"https:\/\/www.childrenfirst.ch\/de\/wp-json\/wp\/v2\/users\/5"}],"replies":[{"embeddable":true,"href":"https:\/\/www.childrenfirst.ch\/de\/wp-json\/wp\/v2\/comments?post=8095"}],"version-history":[{"count":21,"href":"https:\/\/www.childrenfirst.ch\/de\/wp-json\/wp\/v2\/posts\/8095\/revisions"}],"predecessor-version":[{"id":8773,"href":"https:\/\/www.childrenfirst.ch\/de\/wp-json\/wp\/v2\/posts\/8095\/revisions\/8773"}],"wp:featuredmedia":[{"embeddable":true,"href":"https:\/\/www.childrenfirst.ch\/de\/wp-json\/wp\/v2\/media\/8098"}],"wp:attachment":[{"href":"https:\/\/www.childrenfirst.ch\/de\/wp-json\/wp\/v2\/media?parent=8095"}],"wp:term":[{"taxonomy":"category","embeddable":true,"href":"https:\/\/www.childrenfirst.ch\/de\/wp-json\/wp\/v2\/categories?post=8095"},{"taxonomy":"post_tag","embeddable":true,"href":"https:\/\/www.childrenfirst.ch\/de\/wp-json\/wp\/v2\/tags?post=8095"}],"curies":[{"name":"wp","href":"https:\/\/api.w.org\/{rel}","templated":true}]}}