{"id":7787,"date":"1899-10-29T11:14:22","date_gmt":"1899-10-29T11:14:22","guid":{"rendered":"https:\/\/www.childrenfirst.ch\/elementor-7773\/"},"modified":"2025-12-17T08:41:59","modified_gmt":"2025-12-17T08:41:59","slug":"elementor-7773","status":"publish","type":"post","link":"https:\/\/www.childrenfirst.ch\/de\/elementor-7773\/","title":{"rendered":"Festtagstraditionen in Z\u00fcrich etablieren"},"content":{"rendered":"\t\t<div data-elementor-type=\"wp-post\" data-elementor-id=\"7787\" class=\"elementor elementor-7787 elementor-7773\" data-elementor-post-type=\"post\">\n\t\t\t\t<div class=\"elementor-element elementor-element-7d7ea232 e-flex e-con-boxed e-con e-parent\" data-id=\"7d7ea232\" data-element_type=\"container\" data-e-type=\"container\">\n\t\t\t\t\t<div class=\"e-con-inner\">\n\t\t\t\t<div class=\"elementor-element elementor-element-587b9eb elementor-widget elementor-widget-text-editor\" data-id=\"587b9eb\" data-element_type=\"widget\" data-e-type=\"widget\" data-widget_type=\"text-editor.default\">\n\t\t\t\t<div class=\"elementor-widget-container\">\n\t\t\t\t\t\t\t\t\t<p style=\"text-align: center;\"><b>Weihnachtstraditionen in Z\u00fcrich etablieren<\/b><b><i><br><\/i><\/b>In der Vorweihnachtszeit k\u00f6nnen Familien in Z\u00fcrich mit ihren Kindern Adventstraditionen pflegen, Spa\u00df haben und bleibende Erinnerungen schaffen<\/p><p><img fetchpriority=\"high\" decoding=\"async\" class=\"aligncenter wp-image-7817 size-full\" src=\"https:\/\/www.childrenfirst.ch\/wp-content\/uploads\/2025\/12\/IMG_0006-1-scaled.jpeg\" alt=\"\" width=\"2560\" height=\"808\" srcset=\"https:\/\/www.childrenfirst.ch\/wp-content\/uploads\/2025\/12\/IMG_0006-1-scaled.jpeg 2560w, https:\/\/www.childrenfirst.ch\/wp-content\/uploads\/2025\/12\/IMG_0006-1-300x95.jpeg 300w, https:\/\/www.childrenfirst.ch\/wp-content\/uploads\/2025\/12\/IMG_0006-1-1024x323.jpeg 1024w, https:\/\/www.childrenfirst.ch\/wp-content\/uploads\/2025\/12\/IMG_0006-1-768x242.jpeg 768w, https:\/\/www.childrenfirst.ch\/wp-content\/uploads\/2025\/12\/IMG_0006-1-1536x485.jpeg 1536w, https:\/\/www.childrenfirst.ch\/wp-content\/uploads\/2025\/12\/IMG_0006-1-2048x646.jpeg 2048w\" sizes=\"(max-width: 2560px) 100vw, 2560px\" \/><\/p><p style=\"text-align: center;\"><span style=\"font-weight: 400;\">Z\u00fcrich ist ein wunderbarer Ort, um die Wintersaison zu genie\u00dfen, Familientraditionen in der Adventszeit zu pflegen und lokale Br\u00e4uche kennenzulernen. Es ist der perfekte Ort, um einige interkulturelle Familientraditionen f\u00fcr die Feiertage einzuf\u00fchren. J\u00e4hrliche Br\u00e4uche bieten Eltern die M\u00f6glichkeit, sich mit ihren Kindern zu verbinden und ihnen w\u00e4hrend der Festtage ein gr\u00f6\u00dferes Gef\u00fchl der Zugeh\u00f6rigkeit und N\u00e4he zu vermitteln. Vergessen wir nicht, dass Traditionen wunderbare Erinnerungen schaffen, die ein Leben lang halten k\u00f6nnen. Sie geben allen &#8211; Eltern und Kindern &#8211; etwas, das sie ihr Eigen nennen und auf das sie sich jedes Jahr freuen k\u00f6nnen. Schaffen Sie Ihre eigenen, gemeinsamen Traditionen, die aus Ihrer Heimatkultur und der Schweizer Kultur in Ihrem neuen Zuhause stammen. Hier sind ein paar Ideen:     <\/span><\/p><p style=\"text-align: center;\"><b>Schweizer Backen: Grittlib\u00e4nz, Biskuits, Lebkuchenhaus  <\/b><\/p><p style=\"text-align: center;\"><span style=\"font-weight: 400;\">Viele Adventsbr\u00e4uche religi\u00f6sen Ursprungs wurden in der Mitte des 19. Jahrhunderts angepasst, um die Ungeduld der Kinder in der Vorweihnachtszeit zu kanalisieren, wie z.B. der Adventskranz mit vier Kerzen oder der Adventskalender mit Bildern. Andere Aktivit\u00e4ten k\u00f6nnen von der ganzen Familie genossen werden, wie z.B. das Basteln eines Grittlib\u00e4nzs und von Weihnachtspl\u00e4tzchen. <\/span><\/p><p><img decoding=\"async\" class=\"alignleft wp-image-7819 size-medium\" src=\"https:\/\/www.childrenfirst.ch\/wp-content\/uploads\/2025\/12\/IMG_4604-1-217x300.jpg\" alt=\"\" width=\"217\" height=\"300\" srcset=\"https:\/\/www.childrenfirst.ch\/wp-content\/uploads\/2025\/12\/IMG_4604-1-217x300.jpg 217w, https:\/\/www.childrenfirst.ch\/wp-content\/uploads\/2025\/12\/IMG_4604-1-741x1024.jpg 741w, https:\/\/www.childrenfirst.ch\/wp-content\/uploads\/2025\/12\/IMG_4604-1-768x1061.jpg 768w, https:\/\/www.childrenfirst.ch\/wp-content\/uploads\/2025\/12\/IMG_4604-1.jpg 828w\" sizes=\"(max-width: 217px) 100vw, 217px\" \/><\/p><p style=\"text-align: center;\"><span style=\"font-weight: 400;\">Das Grittib\u00e4nz-M\u00e4nnchen ist ein fester Bestandteil der Volkskultur: Urspr\u00fcnglich wurden diese mannsf\u00f6rmigen Brote am Nikolaustag gegessen, aber heute findet man sie schon Ende November in den Gesch\u00e4ften. Der Name setzt sich zusammen aus &#8218;Gritti&#8216;, dem Dialektwort f\u00fcr einen alten Mann, der breitbeinig geht, und &#8218;B\u00e4nz&#8216;, der Kurzform von Benedikt, einem in fr\u00fcheren Zeiten \u00fcblichen m\u00e4nnlichen Namen. Einige Gemeinschaftszentren bieten Backnachmittage f\u00fcr Kinder an, um diese schweizerdeutsche Spezialit\u00e4t zuzubereiten.  <\/span><\/p><p style=\"text-align: center;\"><span style=\"font-weight: 400;\">Eine weitere sehr lebendige Tradition ist die des Weihnachtsgeb\u00e4cks.  <\/span><span style=\"font-weight: 400;\">Es gibt viele Rezepte zur Auswahl: Mail\u00e4nderli, Chr\u00e4bbeli, Zimtsterne oder Lebkuchen und Lebkuchenhaus (aus Lebkuchen!)&#8230; Kopieren Sie einfach einige der Schweizer Begriffe und f\u00fcgen Sie sie in Google ein, und Sie werden viele Rezepte zur Auswahl finden. Wenn Ihnen die Idee eines Lebkuchenhauses gef\u00e4llt, Sie aber bef\u00fcrchten, dass es ein bisschen zu kompliziert ist, gibt es Alternativen. Eine Mitarbeiterin hat zwei wunderbare B\u00fccher der Autorin L. Anderson entdeckt: No-Bake Gingerbread Houses for Kids (Lebkuchenh\u00e4user ohne Backen) und Easy Gingerbread Houses (Einfache Lebkuchenh\u00e4user). Sie m\u00fcssen keinen schmutzigen und zeitraubenden Teig anr\u00fchren, ihn ausrollen, backen und warten, bis er fest wird. Alle H\u00e4user in diesen B\u00fcchern werden mit vorgefertigten Graham Crackern, Keksen, M\u00fcsli, Eist\u00fcten, Zuckerguss und S\u00fc\u00dfigkeiten hergestellt!<\/span><\/p><p style=\"text-align: center;\"><b>Kerzen<\/b><\/p><p style=\"text-align: center;\"><span style=\"font-weight: 400;\">Was w\u00e4re der Winter ohne das warme Licht der Kerzen? Das Herstellen eigener Kerzen ist eine der traditionellen Adventsaktivit\u00e4ten f\u00fcr Jung und Alt in Z\u00fcrich. Dieses Jahr wird der traditionelle Pavillon auf dem B\u00fcrkliplatz renoviert, daher findet das Kerzenziehen auf dem Hechtplatz (Limmatquai) statt. Auch viele Nachbarschaftszentren bieten in der Adventszeit Aktivit\u00e4ten zum Kerzenziehen an. Unsere Lehrer bei Children First lieben es, in dieser Zeit kreativ zu sein. Hier sind einige ihrer Ideen f\u00fcr kreative Weihnachtstraditionen:     <\/span><\/p><p><img decoding=\"async\" class=\"aligncenter wp-image-7857\" src=\"https:\/\/www.childrenfirst.ch\/wp-content\/uploads\/2025\/12\/IMG_4626.heic\" alt=\"\" width=\"3032\"><\/p><p style=\"text-align: center;\"><b>Veranstaltungen und Ausfl\u00fcge in Z\u00fcrich<\/b><\/p><p style=\"text-align: center;\"><span style=\"font-weight: 400;\"><img decoding=\"async\" class=\"alignright wp-image-7823 \" src=\"https:\/\/www.childrenfirst.ch\/wp-content\/uploads\/2025\/12\/01243D2F-80D3-4418-B807-09A32F261ED2-169x300.jpg\" alt=\"\" width=\"148\" height=\"262\" srcset=\"https:\/\/www.childrenfirst.ch\/wp-content\/uploads\/2025\/12\/01243D2F-80D3-4418-B807-09A32F261ED2-169x300.jpg 169w, https:\/\/www.childrenfirst.ch\/wp-content\/uploads\/2025\/12\/01243D2F-80D3-4418-B807-09A32F261ED2-576x1024.jpg 576w, https:\/\/www.childrenfirst.ch\/wp-content\/uploads\/2025\/12\/01243D2F-80D3-4418-B807-09A32F261ED2-768x1365.jpg 768w, https:\/\/www.childrenfirst.ch\/wp-content\/uploads\/2025\/12\/01243D2F-80D3-4418-B807-09A32F261ED2.jpg 828w\" sizes=\"(max-width: 148px) 100vw, 148px\" \/>Wenn Sie es vorziehen, eine der lokalen kulturellen Veranstaltungen in der Stadt Z\u00fcrich zu besuchen, ist das auch wunderbar. Jedes Jahr finden die folgenden kostenlosen Veranstaltungen statt: Illuminarium, Der musikalische Adventskalender und Der singende Weihnachtsbaum. Sie werden wie folgt beschrieben:    <\/span><b>Illuminarium<\/b><span style=\"font-weight: 400;\"> ist ein zauberhaftes Winterwunderland aus Licht, Illumination, Illusion, Musik und kulinarischen K\u00f6stlichkeiten, das die Besucher bis zum Ende des Jahres erwartet. <\/span><b>Der musikalische Advents<\/b> <b>Kalender <\/b> <span style=\"font-weight: 400;\">theld im Foyer des Opernhauses und bringt einen Moment der Ruhe in die oft hektische Adventszeit. Auch f\u00fcr Kinder ab 5 Jahren ist es eine gro\u00dfartige Gelegenheit, einen ersten Eindruck von klassischer Musik zu bekommen und ihr ganzes Spektrum zu erleben.   <\/span><b>Der Singende Weihnachtsbaum<\/b><span style=\"font-weight: 400;\">Der Singende Weihnachtsbaum, gegen\u00fcber dem Weihnachtsmarkt am Wedm\u00fchleplatz, ist ein erh\u00f6htes, vertikales Podium in Form eines riesigen Weihnachtsbaums, auf dem verschiedene Ch\u00f6re &#8211; sowohl Erwachsene als auch Kinder &#8211; mit ihrem Repertoire an Weihnachtsliedern Weihnachtsstimmung verbreiten.<\/span><\/p><p style=\"text-align: center;\"><span style=\"font-weight: 400;\">F\u00fcr die Kleinen, das <\/span><b>Elfendorf<\/b><span style=\"font-weight: 400;\"> auf dem Weihnachtsmarkt vor der Oper (Sechsel\u00e4utenplatz) ein abwechslungsreiches Programm mit einem Karussell und einer kleinen Eisenbahn.<\/span><\/p><p> <\/p><h2 style=\"text-align: center;\"><b>Familienaktivit\u00e4ten f\u00fcr die Feiertage<\/b><\/h2><p style=\"text-align: center;\"><b>Zeit f\u00fcr Geschichten<\/b><\/p><p style=\"text-align: center;\"><span style=\"font-weight: 400;\">Haben Sie eine besondere Geschichte, die Sie nur w\u00e4hrend der Feiertage miteinander teilen. Das kann ein traditionelles Buch oder sogar ein H\u00f6rbuch sein. Was f\u00fcr eine sch\u00f6ne Vorstellung, Eltern mit ihren Kindern, die sich aneinander kuscheln und eine besondere Weihnachtsgeschichte genie\u00dfen. Ein guter Ort, um die neuesten Geschichten zu finden, ist die Website von Goodreads (ein Unternehmen von Amazon); Goodreads ist die weltweit gr\u00f6\u00dfte Website f\u00fcr Leser und Buchempfehlungen. Unsere Leiterin und Gr\u00fcnderin, Monica Shah, hat ein beliebtes englisches Ferienbuch f\u00fcr Kinder mit dem Titel Crispin the Pig Who Had It All. Der kleine Crispin, das Schwein, das schon alles hat, entdeckt die Freuden der Fantasie, indem er mit seinen neuen Freunden in einer leeren Kiste spielt.     <\/span><\/p><p style=\"text-align: center;\"><span style=\"font-weight: 400;\">Eine andere wunderbare M\u00f6glichkeit ist es, einen Besuch in einer \u00f6rtlichen Buchhandlung zu planen und gemeinsam eine besondere Geschichte oder sogar Geschichten auszuw\u00e4hlen. Auch die Buchhandlungen sind zu dieser Jahreszeit h\u00fcbsch dekoriert! In ganz Z\u00fcrich gibt es viele Buchhandlungen, aus denen Sie w\u00e4hlen k\u00f6nnen: Orell F\u00fcssli, Ex Libris, und Weltbild. B\u00fccher sind hier auch in verschiedenen Sprachen erh\u00e4ltlich. W\u00e4hlen Sie ein Buch in einer anderen Sprache, die Sie lieben, damit Ihr Kind den Unterschied nur gelegentlich h\u00f6rt und Ihre Freude an einer anderen Welt in sich aufnimmt.   <\/span><\/p><p style=\"text-align: center;\"><b>Schlittschuhlaufen<\/b><\/p><p style=\"text-align: center;\"><span style=\"font-weight: 400;\">Hey, Sie sind in der Schweiz; es gibt keinen besseren Ort, um Schlittschuhlaufen zu gehen. W\u00e4hrend der Weihnachtszeit sind die Eislaufbahnen mit vielen Lichtern und oft einem gro\u00dfen Weihnachtsbaum geschm\u00fcckt. Die kleinsten Schlittschuhl\u00e4ufer k\u00f6nnen sich von robusten Pinguinen und Eisb\u00e4ren unterst\u00fctzen lassen, was den Spa\u00df f\u00fcr die ersten Schlittschuhl\u00e4ufer noch erh\u00f6ht! Einige unserer Mitarbeiter haben sogar Eltern beobachtet, die au\u00dferhalb der \u00d6ffnungszeiten mit Kinderwagen Schlittschuh laufen. Ach ja, und vergessen Sie nicht, dass es keinen besseren Ort gibt, um gemeinsam eine k\u00f6stliche hei\u00dfe Schokolade zu genie\u00dfen, als unter einer pelzigen Decke gekuschelt die fr\u00f6hlichen Schlittschuhl\u00e4ufer vorbeiziehen zu sehen. Nat\u00fcrlich lieben die Schweizer den Wintersport, und so gibt es eine gro\u00dfe Auswahl an Eislaufbahnen. Es gibt die ber\u00fchmte und in der Stadt Z\u00fcrich beliebte Dolder Open-Air-Eisbahn, aber auch andere im Kanton Z\u00fcrich, darunter: Eisbahn Heuried (am Fu\u00dfe des Uetilbergs), Eisbahn Rapperswil, Eispark Erlenmoos (Wollerau), Eisbahn Lachen am Z\u00fcrichsee und Eisbahn Wallisellen Winterwelt.      <\/span><\/p><p style=\"text-align: center;\"><b>Nacht-\/Schlafshirt<\/b><\/p><p style=\"text-align: center;\"><span style=\"font-weight: 400;\">Basteln Sie ein Urlaubs-Nachthemd. Alle unsere Kinder lieben es, in der Schule T-Shirts herzustellen. Es ist nicht schwer und macht viel Spa\u00df. Am Ende sind die Kinder immer sehr stolz auf das, was sie geschaffen haben. Schlichte T-Shirts in \u00dcbergr\u00f6\u00dfe finden Sie dort, wo Sie normalerweise Ihre Kleidung kaufen, oder nat\u00fcrlich auch online bei Amazon. Es gibt jede Menge Weihnachtsschablonen: Weihnachtsb\u00e4ume, Rentiere und mehr! Wir empfehlen Ihnen, beim Kauf von Materialien zum F\u00e4rben von T-Shirts &#8211; egal ob Batikfarben, Marker oder Farben &#8211; darauf zu achten, dass diese kinderfreundlich oder kindersicher sind. Aber seien Sie darauf gefasst, dass Ihr(e) Kind(er) vielleicht darauf bestehen, dass jeder jede Nacht darin schl\u00e4ft!       <\/span><\/p><p style=\"text-align: center;\"><strong>Frohe Weihnachten und ein gutes neues Jahr vom Children First Team!<\/strong><\/p><p><img decoding=\"async\" class=\"alignnone wp-image-7843\" src=\"https:\/\/www.childrenfirst.ch\/wp-content\/uploads\/2025\/12\/IMG_6475.heic\" alt=\"\" height=\"3000\"><\/p>\t\t\t\t\t\t\t\t<\/div>\n\t\t\t\t<\/div>\n\t\t\t\t\t<\/div>\n\t\t\t\t<\/div>\n\t\t\t\t<\/div>\n\t\t","protected":false},"excerpt":{"rendered":"<p>Feiern Sie Weihnachten in Z\u00fcrich mit Children First! Entdecken Sie Adventstraditionen, Schweizer Backkunst und lustige Aktivit\u00e4ten f\u00fcr Kinder, die bleibende Erinnerungen f\u00fcr die Familie schaffen. <\/p>\n","protected":false},"author":5,"featured_media":7814,"comment_status":"closed","ping_status":"closed","sticky":false,"template":"","format":"standard","meta":{"_acf_changed":false,"footnotes":""},"categories":[25,15,4],"tags":[95,90,92,93,89,94,96,91,88,87],"class_list":["post-7787","post","type-post","status-publish","format-standard","has-post-thumbnail","hentry","category-homepage-de","category-konzept","category-unkategorisiert","tag-basteln-fur-kinder-zu-weihnachten","tag-familienaktivitaten-zurich","tag-ferienveranstaltungen-zurich","tag-grittibanz-de","tag-kinder-zuerst","tag-montessori-inspirierte-aktivitaten","tag-schlittschuhlaufen-zurich","tag-schweizer-backen-fur-kinder","tag-traditionen-im-advent","tag-weihnachten-in-zurich"],"acf":[],"yoast_head":"<!-- This site is optimized with the Yoast SEO plugin v28.2 - https:\/\/yoast.com\/product\/yoast-seo-wordpress\/ -->\n<title>Weihnachtstraditionen in Z\u00fcrich mit Kindern etablieren<\/title>\n<meta name=\"description\" content=\"Children First empfiehlt Ihnen, mit Ihrer Familie Weihnachten in Z\u00fcrich zu feiern! Entdecken Sie Adventstraditionen, Schweizer Backwaren, Weihnachtsveranstaltungen und lustige Aktivit\u00e4ten f\u00fcr Kinder, um bleibende Erinnerungen zu schaffen.\" \/>\n<meta name=\"robots\" content=\"index, follow, max-snippet:-1, max-image-preview:large, max-video-preview:-1\" \/>\n<link rel=\"canonical\" href=\"https:\/\/www.childrenfirst.ch\/de\/elementor-7773\/\" \/>\n<meta property=\"og:locale\" content=\"de_DE\" \/>\n<meta property=\"og:type\" content=\"article\" \/>\n<meta property=\"og:title\" content=\"Weihnachtstraditionen in Z\u00fcrich mit Kindern etablieren\" \/>\n<meta property=\"og:description\" content=\"Children First empfiehlt Ihnen, mit Ihrer Familie Weihnachten in Z\u00fcrich zu feiern! Entdecken Sie Adventstraditionen, Schweizer Backwaren, Weihnachtsveranstaltungen und lustige Aktivit\u00e4ten f\u00fcr Kinder, um bleibende Erinnerungen zu schaffen.\" \/>\n<meta property=\"og:url\" content=\"https:\/\/www.childrenfirst.ch\/de\/elementor-7773\/\" \/>\n<meta property=\"og:site_name\" content=\"Children First\" \/>\n<meta property=\"article:published_time\" content=\"1899-10-29T11:14:22+00:00\" \/>\n<meta property=\"article:modified_time\" content=\"2025-12-17T08:41:59+00:00\" \/>\n<meta property=\"og:image\" content=\"https:\/\/www.childrenfirst.ch\/wp-content\/uploads\/1899\/10\/IMG_0002-scaled-e1765801714841.jpeg\" \/>\n\t<meta property=\"og:image:width\" content=\"2560\" \/>\n\t<meta property=\"og:image:height\" content=\"1707\" \/>\n\t<meta property=\"og:image:type\" content=\"image\/jpeg\" \/>\n<meta name=\"author\" content=\"Alissa Buff\" \/>\n<meta name=\"twitter:card\" content=\"summary_large_image\" \/>\n<meta name=\"twitter:label1\" content=\"Verfasst von\" \/>\n\t<meta name=\"twitter:data1\" content=\"Alissa Buff\" \/>\n\t<meta name=\"twitter:label2\" content=\"Gesch\u00e4tzte Lesezeit\" \/>\n\t<meta name=\"twitter:data2\" content=\"6\u00a0Minuten\" \/>\n<script type=\"application\/ld+json\" class=\"yoast-schema-graph\">{\"@context\":\"https:\\\/\\\/schema.org\",\"@graph\":[{\"@type\":\"Article\",\"@id\":\"https:\\\/\\\/www.childrenfirst.ch\\\/de\\\/elementor-7773\\\/#article\",\"isPartOf\":{\"@id\":\"https:\\\/\\\/www.childrenfirst.ch\\\/de\\\/elementor-7773\\\/\"},\"author\":{\"name\":\"Alissa Buff\",\"@id\":\"https:\\\/\\\/www.childrenfirst.ch\\\/de\\\/#\\\/schema\\\/person\\\/68668a5470b3a0ee210fb900f0f60f13\"},\"headline\":\"Festtagstraditionen in Z\u00fcrich etablieren\",\"datePublished\":\"1899-10-29T11:14:22+00:00\",\"dateModified\":\"2025-12-17T08:41:59+00:00\",\"mainEntityOfPage\":{\"@id\":\"https:\\\/\\\/www.childrenfirst.ch\\\/de\\\/elementor-7773\\\/\"},\"wordCount\":1255,\"publisher\":{\"@id\":\"https:\\\/\\\/www.childrenfirst.ch\\\/de\\\/#organization\"},\"image\":{\"@id\":\"https:\\\/\\\/www.childrenfirst.ch\\\/de\\\/elementor-7773\\\/#primaryimage\"},\"thumbnailUrl\":\"https:\\\/\\\/www.childrenfirst.ch\\\/wp-content\\\/uploads\\\/1899\\\/10\\\/IMG_0002-scaled-e1765801714841.jpeg\",\"keywords\":[\"Basteln f\u00fcr Kinder zu Weihnachten\",\"Familienaktivit\u00e4ten Z\u00fcrich\",\"Ferienveranstaltungen Z\u00fcrich\",\"Grittib\u00e4nz\",\"Kinder zuerst\",\"Montessori-inspirierte Aktivit\u00e4ten\",\"Schlittschuhlaufen Z\u00fcrich\",\"Schweizer Backen f\u00fcr Kinder\",\"Traditionen im Advent\",\"Weihnachten in Z\u00fcrich\"],\"articleSection\":[\"Homepage\",\"Konzept\",\"Unkategorisiert\"],\"inLanguage\":\"de\"},{\"@type\":\"WebPage\",\"@id\":\"https:\\\/\\\/www.childrenfirst.ch\\\/de\\\/elementor-7773\\\/\",\"url\":\"https:\\\/\\\/www.childrenfirst.ch\\\/de\\\/elementor-7773\\\/\",\"name\":\"Weihnachtstraditionen in Z\u00fcrich mit Kindern etablieren\",\"isPartOf\":{\"@id\":\"https:\\\/\\\/www.childrenfirst.ch\\\/de\\\/#website\"},\"primaryImageOfPage\":{\"@id\":\"https:\\\/\\\/www.childrenfirst.ch\\\/de\\\/elementor-7773\\\/#primaryimage\"},\"image\":{\"@id\":\"https:\\\/\\\/www.childrenfirst.ch\\\/de\\\/elementor-7773\\\/#primaryimage\"},\"thumbnailUrl\":\"https:\\\/\\\/www.childrenfirst.ch\\\/wp-content\\\/uploads\\\/1899\\\/10\\\/IMG_0002-scaled-e1765801714841.jpeg\",\"datePublished\":\"1899-10-29T11:14:22+00:00\",\"dateModified\":\"2025-12-17T08:41:59+00:00\",\"description\":\"Children First empfiehlt Ihnen, mit Ihrer Familie Weihnachten in Z\u00fcrich zu feiern! Entdecken Sie Adventstraditionen, Schweizer Backwaren, Weihnachtsveranstaltungen und lustige Aktivit\u00e4ten f\u00fcr Kinder, um bleibende Erinnerungen zu schaffen.\",\"breadcrumb\":{\"@id\":\"https:\\\/\\\/www.childrenfirst.ch\\\/de\\\/elementor-7773\\\/#breadcrumb\"},\"inLanguage\":\"de\",\"potentialAction\":[{\"@type\":\"ReadAction\",\"target\":[\"https:\\\/\\\/www.childrenfirst.ch\\\/de\\\/elementor-7773\\\/\"]}]},{\"@type\":\"ImageObject\",\"inLanguage\":\"de\",\"@id\":\"https:\\\/\\\/www.childrenfirst.ch\\\/de\\\/elementor-7773\\\/#primaryimage\",\"url\":\"https:\\\/\\\/www.childrenfirst.ch\\\/wp-content\\\/uploads\\\/1899\\\/10\\\/IMG_0002-scaled-e1765801714841.jpeg\",\"contentUrl\":\"https:\\\/\\\/www.childrenfirst.ch\\\/wp-content\\\/uploads\\\/1899\\\/10\\\/IMG_0002-scaled-e1765801714841.jpeg\",\"width\":2560,\"height\":1707},{\"@type\":\"BreadcrumbList\",\"@id\":\"https:\\\/\\\/www.childrenfirst.ch\\\/de\\\/elementor-7773\\\/#breadcrumb\",\"itemListElement\":[{\"@type\":\"ListItem\",\"position\":1,\"name\":\"Home\",\"item\":\"https:\\\/\\\/www.childrenfirst.ch\\\/de\\\/\"},{\"@type\":\"ListItem\",\"position\":2,\"name\":\"Festtagstraditionen in Z\u00fcrich etablieren\"}]},{\"@type\":\"WebSite\",\"@id\":\"https:\\\/\\\/www.childrenfirst.ch\\\/de\\\/#website\",\"url\":\"https:\\\/\\\/www.childrenfirst.ch\\\/de\\\/\",\"name\":\"Children First\",\"description\":\"International daycare, preschool and kindergarten\",\"publisher\":{\"@id\":\"https:\\\/\\\/www.childrenfirst.ch\\\/de\\\/#organization\"},\"potentialAction\":[{\"@type\":\"SearchAction\",\"target\":{\"@type\":\"EntryPoint\",\"urlTemplate\":\"https:\\\/\\\/www.childrenfirst.ch\\\/de\\\/?s={search_term_string}\"},\"query-input\":{\"@type\":\"PropertyValueSpecification\",\"valueRequired\":true,\"valueName\":\"search_term_string\"}}],\"inLanguage\":\"de\"},{\"@type\":\"Organization\",\"@id\":\"https:\\\/\\\/www.childrenfirst.ch\\\/de\\\/#organization\",\"name\":\"Children First\",\"url\":\"https:\\\/\\\/www.childrenfirst.ch\\\/de\\\/\",\"logo\":{\"@type\":\"ImageObject\",\"inLanguage\":\"de\",\"@id\":\"https:\\\/\\\/www.childrenfirst.ch\\\/de\\\/#\\\/schema\\\/logo\\\/image\\\/\",\"url\":\"https:\\\/\\\/www.childrenfirst.ch\\\/wp-content\\\/uploads\\\/2024\\\/12\\\/logo-1.png\",\"contentUrl\":\"https:\\\/\\\/www.childrenfirst.ch\\\/wp-content\\\/uploads\\\/2024\\\/12\\\/logo-1.png\",\"width\":305,\"height\":82,\"caption\":\"Children First\"},\"image\":{\"@id\":\"https:\\\/\\\/www.childrenfirst.ch\\\/de\\\/#\\\/schema\\\/logo\\\/image\\\/\"}},{\"@type\":\"Person\",\"@id\":\"https:\\\/\\\/www.childrenfirst.ch\\\/de\\\/#\\\/schema\\\/person\\\/68668a5470b3a0ee210fb900f0f60f13\",\"name\":\"Alissa Buff\",\"image\":{\"@type\":\"ImageObject\",\"inLanguage\":\"de\",\"@id\":\"https:\\\/\\\/secure.gravatar.com\\\/avatar\\\/26cda8f5294594e54dc4e13c4f5ef36406440e9e2ef1bcddea876f01a373d7bd?s=96&d=mm&r=g\",\"url\":\"https:\\\/\\\/secure.gravatar.com\\\/avatar\\\/26cda8f5294594e54dc4e13c4f5ef36406440e9e2ef1bcddea876f01a373d7bd?s=96&d=mm&r=g\",\"contentUrl\":\"https:\\\/\\\/secure.gravatar.com\\\/avatar\\\/26cda8f5294594e54dc4e13c4f5ef36406440e9e2ef1bcddea876f01a373d7bd?s=96&d=mm&r=g\",\"caption\":\"Alissa Buff\"},\"sameAs\":[\"http:\\\/\\\/www.childrenfirst.ch\"],\"url\":\"https:\\\/\\\/www.childrenfirst.ch\\\/de\\\/author\\\/alissa\\\/\"}]}<\/script>\n<!-- \/ Yoast SEO plugin. -->","yoast_head_json":{"title":"Weihnachtstraditionen in Z\u00fcrich mit Kindern etablieren","description":"Children First empfiehlt Ihnen, mit Ihrer Familie Weihnachten in Z\u00fcrich zu feiern! Entdecken Sie Adventstraditionen, Schweizer Backwaren, Weihnachtsveranstaltungen und lustige Aktivit\u00e4ten f\u00fcr Kinder, um bleibende Erinnerungen zu schaffen.","robots":{"index":"index","follow":"follow","max-snippet":"max-snippet:-1","max-image-preview":"max-image-preview:large","max-video-preview":"max-video-preview:-1"},"canonical":"https:\/\/www.childrenfirst.ch\/de\/elementor-7773\/","og_locale":"de_DE","og_type":"article","og_title":"Weihnachtstraditionen in Z\u00fcrich mit Kindern etablieren","og_description":"Children First empfiehlt Ihnen, mit Ihrer Familie Weihnachten in Z\u00fcrich zu feiern! Entdecken Sie Adventstraditionen, Schweizer Backwaren, Weihnachtsveranstaltungen und lustige Aktivit\u00e4ten f\u00fcr Kinder, um bleibende Erinnerungen zu schaffen.","og_url":"https:\/\/www.childrenfirst.ch\/de\/elementor-7773\/","og_site_name":"Children First","article_published_time":"1899-10-29T11:14:22+00:00","article_modified_time":"2025-12-17T08:41:59+00:00","og_image":[{"width":2560,"height":1707,"url":"https:\/\/www.childrenfirst.ch\/wp-content\/uploads\/1899\/10\/IMG_0002-scaled-e1765801714841.jpeg","type":"image\/jpeg"}],"author":"Alissa Buff","twitter_card":"summary_large_image","twitter_misc":{"Verfasst von":"Alissa Buff","Gesch\u00e4tzte Lesezeit":"6\u00a0Minuten"},"schema":{"@context":"https:\/\/schema.org","@graph":[{"@type":"Article","@id":"https:\/\/www.childrenfirst.ch\/de\/elementor-7773\/#article","isPartOf":{"@id":"https:\/\/www.childrenfirst.ch\/de\/elementor-7773\/"},"author":{"name":"Alissa Buff","@id":"https:\/\/www.childrenfirst.ch\/de\/#\/schema\/person\/68668a5470b3a0ee210fb900f0f60f13"},"headline":"Festtagstraditionen in Z\u00fcrich etablieren","datePublished":"1899-10-29T11:14:22+00:00","dateModified":"2025-12-17T08:41:59+00:00","mainEntityOfPage":{"@id":"https:\/\/www.childrenfirst.ch\/de\/elementor-7773\/"},"wordCount":1255,"publisher":{"@id":"https:\/\/www.childrenfirst.ch\/de\/#organization"},"image":{"@id":"https:\/\/www.childrenfirst.ch\/de\/elementor-7773\/#primaryimage"},"thumbnailUrl":"https:\/\/www.childrenfirst.ch\/wp-content\/uploads\/1899\/10\/IMG_0002-scaled-e1765801714841.jpeg","keywords":["Basteln f\u00fcr Kinder zu Weihnachten","Familienaktivit\u00e4ten Z\u00fcrich","Ferienveranstaltungen Z\u00fcrich","Grittib\u00e4nz","Kinder zuerst","Montessori-inspirierte Aktivit\u00e4ten","Schlittschuhlaufen Z\u00fcrich","Schweizer Backen f\u00fcr Kinder","Traditionen im Advent","Weihnachten in Z\u00fcrich"],"articleSection":["Homepage","Konzept","Unkategorisiert"],"inLanguage":"de"},{"@type":"WebPage","@id":"https:\/\/www.childrenfirst.ch\/de\/elementor-7773\/","url":"https:\/\/www.childrenfirst.ch\/de\/elementor-7773\/","name":"Weihnachtstraditionen in Z\u00fcrich mit Kindern etablieren","isPartOf":{"@id":"https:\/\/www.childrenfirst.ch\/de\/#website"},"primaryImageOfPage":{"@id":"https:\/\/www.childrenfirst.ch\/de\/elementor-7773\/#primaryimage"},"image":{"@id":"https:\/\/www.childrenfirst.ch\/de\/elementor-7773\/#primaryimage"},"thumbnailUrl":"https:\/\/www.childrenfirst.ch\/wp-content\/uploads\/1899\/10\/IMG_0002-scaled-e1765801714841.jpeg","datePublished":"1899-10-29T11:14:22+00:00","dateModified":"2025-12-17T08:41:59+00:00","description":"Children First empfiehlt Ihnen, mit Ihrer Familie Weihnachten in Z\u00fcrich zu feiern! Entdecken Sie Adventstraditionen, Schweizer Backwaren, Weihnachtsveranstaltungen und lustige Aktivit\u00e4ten f\u00fcr Kinder, um bleibende Erinnerungen zu schaffen.","breadcrumb":{"@id":"https:\/\/www.childrenfirst.ch\/de\/elementor-7773\/#breadcrumb"},"inLanguage":"de","potentialAction":[{"@type":"ReadAction","target":["https:\/\/www.childrenfirst.ch\/de\/elementor-7773\/"]}]},{"@type":"ImageObject","inLanguage":"de","@id":"https:\/\/www.childrenfirst.ch\/de\/elementor-7773\/#primaryimage","url":"https:\/\/www.childrenfirst.ch\/wp-content\/uploads\/1899\/10\/IMG_0002-scaled-e1765801714841.jpeg","contentUrl":"https:\/\/www.childrenfirst.ch\/wp-content\/uploads\/1899\/10\/IMG_0002-scaled-e1765801714841.jpeg","width":2560,"height":1707},{"@type":"BreadcrumbList","@id":"https:\/\/www.childrenfirst.ch\/de\/elementor-7773\/#breadcrumb","itemListElement":[{"@type":"ListItem","position":1,"name":"Home","item":"https:\/\/www.childrenfirst.ch\/de\/"},{"@type":"ListItem","position":2,"name":"Festtagstraditionen in Z\u00fcrich etablieren"}]},{"@type":"WebSite","@id":"https:\/\/www.childrenfirst.ch\/de\/#website","url":"https:\/\/www.childrenfirst.ch\/de\/","name":"Children First","description":"International daycare, preschool and kindergarten","publisher":{"@id":"https:\/\/www.childrenfirst.ch\/de\/#organization"},"potentialAction":[{"@type":"SearchAction","target":{"@type":"EntryPoint","urlTemplate":"https:\/\/www.childrenfirst.ch\/de\/?s={search_term_string}"},"query-input":{"@type":"PropertyValueSpecification","valueRequired":true,"valueName":"search_term_string"}}],"inLanguage":"de"},{"@type":"Organization","@id":"https:\/\/www.childrenfirst.ch\/de\/#organization","name":"Children First","url":"https:\/\/www.childrenfirst.ch\/de\/","logo":{"@type":"ImageObject","inLanguage":"de","@id":"https:\/\/www.childrenfirst.ch\/de\/#\/schema\/logo\/image\/","url":"https:\/\/www.childrenfirst.ch\/wp-content\/uploads\/2024\/12\/logo-1.png","contentUrl":"https:\/\/www.childrenfirst.ch\/wp-content\/uploads\/2024\/12\/logo-1.png","width":305,"height":82,"caption":"Children First"},"image":{"@id":"https:\/\/www.childrenfirst.ch\/de\/#\/schema\/logo\/image\/"}},{"@type":"Person","@id":"https:\/\/www.childrenfirst.ch\/de\/#\/schema\/person\/68668a5470b3a0ee210fb900f0f60f13","name":"Alissa Buff","image":{"@type":"ImageObject","inLanguage":"de","@id":"https:\/\/secure.gravatar.com\/avatar\/26cda8f5294594e54dc4e13c4f5ef36406440e9e2ef1bcddea876f01a373d7bd?s=96&d=mm&r=g","url":"https:\/\/secure.gravatar.com\/avatar\/26cda8f5294594e54dc4e13c4f5ef36406440e9e2ef1bcddea876f01a373d7bd?s=96&d=mm&r=g","contentUrl":"https:\/\/secure.gravatar.com\/avatar\/26cda8f5294594e54dc4e13c4f5ef36406440e9e2ef1bcddea876f01a373d7bd?s=96&d=mm&r=g","caption":"Alissa Buff"},"sameAs":["http:\/\/www.childrenfirst.ch"],"url":"https:\/\/www.childrenfirst.ch\/de\/author\/alissa\/"}]}},"_links":{"self":[{"href":"https:\/\/www.childrenfirst.ch\/de\/wp-json\/wp\/v2\/posts\/7787","targetHints":{"allow":["GET"]}}],"collection":[{"href":"https:\/\/www.childrenfirst.ch\/de\/wp-json\/wp\/v2\/posts"}],"about":[{"href":"https:\/\/www.childrenfirst.ch\/de\/wp-json\/wp\/v2\/types\/post"}],"author":[{"embeddable":true,"href":"https:\/\/www.childrenfirst.ch\/de\/wp-json\/wp\/v2\/users\/5"}],"replies":[{"embeddable":true,"href":"https:\/\/www.childrenfirst.ch\/de\/wp-json\/wp\/v2\/comments?post=7787"}],"version-history":[{"count":5,"href":"https:\/\/www.childrenfirst.ch\/de\/wp-json\/wp\/v2\/posts\/7787\/revisions"}],"predecessor-version":[{"id":7862,"href":"https:\/\/www.childrenfirst.ch\/de\/wp-json\/wp\/v2\/posts\/7787\/revisions\/7862"}],"wp:featuredmedia":[{"embeddable":true,"href":"https:\/\/www.childrenfirst.ch\/de\/wp-json\/wp\/v2\/media\/7814"}],"wp:attachment":[{"href":"https:\/\/www.childrenfirst.ch\/de\/wp-json\/wp\/v2\/media?parent=7787"}],"wp:term":[{"taxonomy":"category","embeddable":true,"href":"https:\/\/www.childrenfirst.ch\/de\/wp-json\/wp\/v2\/categories?post=7787"},{"taxonomy":"post_tag","embeddable":true,"href":"https:\/\/www.childrenfirst.ch\/de\/wp-json\/wp\/v2\/tags?post=7787"}],"curies":[{"name":"wp","href":"https:\/\/api.w.org\/{rel}","templated":true}]}}