{"id":6463,"date":"1920-04-08T15:07:34","date_gmt":"1920-04-08T15:07:34","guid":{"rendered":"https:\/\/www.childrenfirst.ch\/?p=6463"},"modified":"2025-06-26T09:51:28","modified_gmt":"2025-06-26T09:51:28","slug":"kreativer-hort","status":"publish","type":"post","link":"https:\/\/www.childrenfirst.ch\/de\/kreativer-hort\/","title":{"rendered":"Kreativer Hort"},"content":{"rendered":"\t\t<div data-elementor-type=\"wp-post\" data-elementor-id=\"6463\" class=\"elementor elementor-6463\" data-elementor-post-type=\"post\">\n\t\t\t\t<div class=\"elementor-element elementor-element-61271b10 relative-section e-flex e-con-boxed e-con e-parent\" data-id=\"61271b10\" data-element_type=\"container\" data-e-type=\"container\">\n\t\t\t\t\t<div class=\"e-con-inner\">\n\t\t<div class=\"elementor-element elementor-element-66d736e4 e-con-full e-flex e-con e-child\" data-id=\"66d736e4\" data-element_type=\"container\" data-e-type=\"container\" data-settings=\"{&quot;background_background&quot;:&quot;classic&quot;}\">\n\t\t<div class=\"elementor-element elementor-element-6f20ef94 e-con-full e-flex e-con e-child\" data-id=\"6f20ef94\" data-element_type=\"container\" data-e-type=\"container\" data-settings=\"{&quot;background_background&quot;:&quot;classic&quot;}\">\n\t\t<div class=\"elementor-element elementor-element-6a0ae651 e-con-full e-flex e-con e-child\" data-id=\"6a0ae651\" data-element_type=\"container\" data-e-type=\"container\" data-settings=\"{&quot;background_background&quot;:&quot;classic&quot;}\">\n\t\t\t\t<div class=\"elementor-element elementor-element-508d585d elementor-widget__width-initial circle-box right-left elementor-widget elementor-widget-heading\" data-id=\"508d585d\" data-element_type=\"widget\" data-e-type=\"widget\" data-widget_type=\"heading.default\">\n\t\t\t\t<div class=\"elementor-widget-container\">\n\t\t\t\t\t<h2 class=\"elementor-heading-title elementor-size-default\">After School Club <\/h2>\t\t\t\t<\/div>\n\t\t\t\t<\/div>\n\t\t\t\t<\/div>\n\t\t\t\t<\/div>\n\t\t\t\t<\/div>\n\t\t<div class=\"elementor-element elementor-element-48f57e17 e-con-full e-flex e-con e-child\" data-id=\"48f57e17\" data-element_type=\"container\" data-e-type=\"container\" data-settings=\"{&quot;background_background&quot;:&quot;classic&quot;}\">\n\t\t<div class=\"elementor-element elementor-element-7018db8d e-con-full e-flex e-con e-child\" data-id=\"7018db8d\" data-element_type=\"container\" data-e-type=\"container\" data-settings=\"{&quot;background_background&quot;:&quot;classic&quot;}\">\n\t\t\t\t<div class=\"elementor-element elementor-element-45e0dc3 elementor-widget elementor-widget-image\" data-id=\"45e0dc3\" data-element_type=\"widget\" data-e-type=\"widget\" data-widget_type=\"image.default\">\n\t\t\t\t<div class=\"elementor-widget-container\">\n\t\t\t\t\t\t\t\t\t\t\t\t\t\t\t<img fetchpriority=\"high\" decoding=\"async\" width=\"1080\" height=\"1350\" src=\"https:\/\/www.childrenfirst.ch\/wp-content\/uploads\/1920\/04\/After-School-Club-2025.png\" class=\"attachment-full size-full wp-image-7334\" alt=\"\" srcset=\"https:\/\/www.childrenfirst.ch\/wp-content\/uploads\/1920\/04\/After-School-Club-2025.png 1080w, https:\/\/www.childrenfirst.ch\/wp-content\/uploads\/1920\/04\/After-School-Club-2025-240x300.png 240w, https:\/\/www.childrenfirst.ch\/wp-content\/uploads\/1920\/04\/After-School-Club-2025-819x1024.png 819w, https:\/\/www.childrenfirst.ch\/wp-content\/uploads\/1920\/04\/After-School-Club-2025-768x960.png 768w\" sizes=\"(max-width: 1080px) 100vw, 1080px\" \/>\t\t\t\t\t\t\t\t\t\t\t\t\t\t\t<\/div>\n\t\t\t\t<\/div>\n\t\t\t\t<div class=\"elementor-element elementor-element-5736b6b elementor-widget elementor-widget-text-editor\" data-id=\"5736b6b\" data-element_type=\"widget\" data-e-type=\"widget\" data-widget_type=\"text-editor.default\">\n\t\t\t\t<div class=\"elementor-widget-container\">\n\t\t\t\t\t\t\t\t\t<h2><b>After School Club \u2013 Kreative Nachmittage f\u00fcr Kinder vom Kindergarten bis zur 3. Klasse<\/b><\/h2><p><strong>Unser After School Club ist ein liebevoll gestaltetes Nachmittagsprogramm f\u00fcr Kinder von ca. 4 bis 8 Jahren \u2013 offen f\u00fcr alle, die nach dem regul\u00e4ren Unterricht spannende, kreative und sportliche Aktivit\u00e4ten erleben m\u00f6chten.<\/strong><\/p><p>\ud83d\udd5b <b>Montag bis Freitag, 12:00 \u2013 18:00 Uhr<\/b><b><\/b><\/p><p>Wir bieten t\u00e4gliche Betreuung inklusive:<\/p><ul><li>Gesunder Mahlzeiten<\/li><li>Freispiel und Ruhephasen<\/li><li>Vorlese- und Lesezeit<\/li><\/ul><p>Einem abwechslungsreichen Wochenprogramm mit t\u00e4glichen Highlights!<\/p><h2><b>Wochenprogramm im \u00dcberblick<\/b><\/h2><ul><li aria-level=\"1\"><b>Montag: \ud83c\udfa8 Kunst, Basteln &amp; Experimente <\/b><i>(auf Deutsch)<\/i><b><br \/><\/b><\/li><\/ul><ul><li aria-level=\"1\"><p><b>Dienstag:<\/b> \ud83c\udfb9 <strong>Klavier-Einzelunterricht <\/strong><i>(CHF 40\/Lektion, auf Deutsch, 13:30\u201316:15) und <\/i>\ud83d\udc83 Tanz <i>(auf Deutsch)<\/i><\/p><\/li><\/ul><ul><li aria-level=\"1\"><p><b>Mittwoch:<\/b> \u26bd <strong>Fussball <\/strong><i>(bei jedem Wetter, auf Englisch, 16:00\u201317:00)<\/i><\/p><\/li><li aria-level=\"1\"><p><i><\/i><b>Donnerstag:<\/b> <b>\ud83c\udfb5 Musik<\/b><\/p><\/li><li aria-level=\"1\"><p><b><\/b><b>Freitag:<\/b> \ud83d\udcda <strong>Children&#8217;s English Book Club \u2013 <\/strong>gemeinsames, ruhiges Lesen, ohne Bildschirme<\/p><\/li><\/ul><h2><b>Sprache\u00a0<\/b><\/h2><p><strong>Der After School Club findet auf Englisch und Deutsch statt.<\/strong><br \/><strong>Klavier, Tanz sowie das Programm am Donnerstag sind auf Deutsch.<\/strong><br \/><strong>Bei Children First sprechen alle Betreuungspersonen in ihrer besten Muttersprache \u2013 Englisch oder Deutsch \u2013 und nutzen weitere Sprachen, um Kindern die Integration zu erleichtern.<\/strong><\/p><p><b>Flexible Bring- und Abholzeiten<\/b><\/p><ul><li><b>Bringzeiten:<\/b> 13:30 Uhr oder 15:30 Uhr <i>(mit Mittagessen: ab 12:00 Uhr)<\/i><\/li><li><b style=\"font-size: 16px;\">Abholung:<\/b><span style=\"font-size: 16px;\"> zwischen 17:30 und 18:30 Uhr<\/span><\/li><\/ul><h3><b>Anmeldung &amp; Preise<\/b><\/h3><p>Der After School Club ist semesterweise buchbar.<br \/>Beispielpreis: <b>CHF 1684 f\u00fcr 3 Nachmittage pro Woche (12:00\u201318:00)<\/b><\/p><p>Weitere Buchungsoptionen auf Anfrage.<\/p><p>Unser After School Club ist der ideale Ort f\u00fcr Kinder, um sich nach dem Schulvormittag in einer famili\u00e4ren, inspirierenden Umgebung auszuleben, Neues zu entdecken, Freundschaften zu kn\u00fcpfen \u2013 und ganz nebenbei Englisch zu vertiefen.<\/p><p><b>Jetzt anmelden und ein Platz sichern \u2013 wir freuen uns auf euch!<\/b><\/p>\t\t\t\t\t\t\t\t<\/div>\n\t\t\t\t<\/div>\n\t\t\t\t<div class=\"elementor-element elementor-element-5a6f114 elementor-widget elementor-widget-button\" data-id=\"5a6f114\" data-element_type=\"widget\" data-e-type=\"widget\" data-widget_type=\"button.default\">\n\t\t\t\t<div class=\"elementor-widget-container\">\n\t\t\t\t\t\t\t\t\t<div class=\"elementor-button-wrapper\">\n\t\t\t\t\t<a class=\"elementor-button elementor-button-link elementor-size-sm\" href=\"https:\/\/www.childrenfirst.ch\/de\/bewerbungsformular\/\" target=\"_blank\">\n\t\t\t\t\t\t<span class=\"elementor-button-content-wrapper\">\n\t\t\t\t\t\t\t\t\t<span class=\"elementor-button-text\">Anmelden<\/span>\n\t\t\t\t\t<\/span>\n\t\t\t\t\t<\/a>\n\t\t\t\t<\/div>\n\t\t\t\t\t\t\t\t<\/div>\n\t\t\t\t<\/div>\n\t\t\t\t<\/div>\n\t\t\t\t<\/div>\n\t\t\t\t\t<\/div>\n\t\t\t\t<\/div>\n\t\t\t\t<\/div>\n\t\t","protected":false},"excerpt":{"rendered":"<p>Der After School Club ist der ideale Ort f\u00fcr Kinder, um sich nach dem Schulvormittag in einer geborgenen, anregenden Umgebung auszuleben, Neues zu entdecken, Freundschaften zu kn\u00fcpfen und ganz nebenbei Englisch zu vertiefen.<\/p>\n","protected":false},"author":1,"featured_media":3570,"comment_status":"closed","ping_status":"closed","sticky":false,"template":"","format":"standard","meta":{"_acf_changed":false,"footnotes":""},"categories":[23],"tags":[],"class_list":["post-6463","post","type-post","status-publish","format-standard","has-post-thumbnail","hentry","category-homepage"],"acf":[],"yoast_head":"<!-- This site is optimized with the Yoast SEO plugin v28.2 - https:\/\/yoast.com\/product\/yoast-seo-wordpress\/ -->\n<title>Kreativer Hort - Children First<\/title>\n<meta name=\"robots\" content=\"index, follow, max-snippet:-1, max-image-preview:large, max-video-preview:-1\" \/>\n<link rel=\"canonical\" href=\"https:\/\/www.childrenfirst.ch\/creative-hort\/\" \/>\n<meta property=\"og:locale\" content=\"de_DE\" \/>\n<meta property=\"og:type\" content=\"article\" \/>\n<meta property=\"og:title\" content=\"Kreativer Hort - Children First\" \/>\n<meta property=\"og:description\" content=\"Der After School Club ist der ideale Ort f\u00fcr Kinder, um sich nach dem Schulvormittag in einer geborgenen, anregenden Umgebung auszuleben, Neues zu entdecken, Freundschaften zu kn\u00fcpfen und ganz nebenbei Englisch zu vertiefen.\" \/>\n<meta property=\"og:url\" content=\"https:\/\/www.childrenfirst.ch\/creative-hort\/\" \/>\n<meta property=\"og:site_name\" content=\"Children First\" \/>\n<meta property=\"article:published_time\" content=\"1920-04-08T15:07:34+00:00\" \/>\n<meta property=\"article:modified_time\" content=\"2025-06-26T09:51:28+00:00\" \/>\n<meta property=\"og:image\" content=\"https:\/\/www.childrenfirst.ch\/wp-content\/uploads\/2025\/01\/art.jpg\" \/>\n\t<meta property=\"og:image:width\" content=\"320\" \/>\n\t<meta property=\"og:image:height\" content=\"322\" \/>\n\t<meta property=\"og:image:type\" content=\"image\/jpeg\" \/>\n<meta name=\"author\" content=\"admin\" \/>\n<meta name=\"twitter:card\" content=\"summary_large_image\" \/>\n<meta name=\"twitter:label1\" content=\"Verfasst von\" \/>\n\t<meta name=\"twitter:data1\" content=\"admin\" \/>\n\t<meta name=\"twitter:label2\" content=\"Gesch\u00e4tzte Lesezeit\" \/>\n\t<meta name=\"twitter:data2\" content=\"2\u00a0Minuten\" \/>\n<script type=\"application\/ld+json\" class=\"yoast-schema-graph\">{\"@context\":\"https:\\\/\\\/schema.org\",\"@graph\":[{\"@type\":\"Article\",\"@id\":\"https:\\\/\\\/www.childrenfirst.ch\\\/creative-hort\\\/#article\",\"isPartOf\":{\"@id\":\"https:\\\/\\\/www.childrenfirst.ch\\\/creative-hort\\\/\"},\"author\":{\"name\":\"admin\",\"@id\":\"https:\\\/\\\/www.childrenfirst.ch\\\/de\\\/#\\\/schema\\\/person\\\/a832af17dfc90d660f31f3157233c9fb\"},\"headline\":\"Kreativer Hort\",\"datePublished\":\"1920-04-08T15:07:34+00:00\",\"dateModified\":\"2025-06-26T09:51:28+00:00\",\"mainEntityOfPage\":{\"@id\":\"https:\\\/\\\/www.childrenfirst.ch\\\/creative-hort\\\/\"},\"wordCount\":172,\"publisher\":{\"@id\":\"https:\\\/\\\/www.childrenfirst.ch\\\/de\\\/#organization\"},\"image\":{\"@id\":\"https:\\\/\\\/www.childrenfirst.ch\\\/creative-hort\\\/#primaryimage\"},\"thumbnailUrl\":\"https:\\\/\\\/www.childrenfirst.ch\\\/wp-content\\\/uploads\\\/2025\\\/01\\\/art.jpg\",\"articleSection\":[\"Homepage\"],\"inLanguage\":\"de\"},{\"@type\":\"WebPage\",\"@id\":\"https:\\\/\\\/www.childrenfirst.ch\\\/creative-hort\\\/\",\"url\":\"https:\\\/\\\/www.childrenfirst.ch\\\/creative-hort\\\/\",\"name\":\"Kreativer Hort - Children First\",\"isPartOf\":{\"@id\":\"https:\\\/\\\/www.childrenfirst.ch\\\/de\\\/#website\"},\"primaryImageOfPage\":{\"@id\":\"https:\\\/\\\/www.childrenfirst.ch\\\/creative-hort\\\/#primaryimage\"},\"image\":{\"@id\":\"https:\\\/\\\/www.childrenfirst.ch\\\/creative-hort\\\/#primaryimage\"},\"thumbnailUrl\":\"https:\\\/\\\/www.childrenfirst.ch\\\/wp-content\\\/uploads\\\/2025\\\/01\\\/art.jpg\",\"datePublished\":\"1920-04-08T15:07:34+00:00\",\"dateModified\":\"2025-06-26T09:51:28+00:00\",\"breadcrumb\":{\"@id\":\"https:\\\/\\\/www.childrenfirst.ch\\\/creative-hort\\\/#breadcrumb\"},\"inLanguage\":\"de\",\"potentialAction\":[{\"@type\":\"ReadAction\",\"target\":[\"https:\\\/\\\/www.childrenfirst.ch\\\/creative-hort\\\/\"]}]},{\"@type\":\"ImageObject\",\"inLanguage\":\"de\",\"@id\":\"https:\\\/\\\/www.childrenfirst.ch\\\/creative-hort\\\/#primaryimage\",\"url\":\"https:\\\/\\\/www.childrenfirst.ch\\\/wp-content\\\/uploads\\\/2025\\\/01\\\/art.jpg\",\"contentUrl\":\"https:\\\/\\\/www.childrenfirst.ch\\\/wp-content\\\/uploads\\\/2025\\\/01\\\/art.jpg\",\"width\":320,\"height\":322},{\"@type\":\"BreadcrumbList\",\"@id\":\"https:\\\/\\\/www.childrenfirst.ch\\\/creative-hort\\\/#breadcrumb\",\"itemListElement\":[{\"@type\":\"ListItem\",\"position\":1,\"name\":\"Home\",\"item\":\"https:\\\/\\\/www.childrenfirst.ch\\\/de\\\/\"},{\"@type\":\"ListItem\",\"position\":2,\"name\":\"Kreativer Hort\"}]},{\"@type\":\"WebSite\",\"@id\":\"https:\\\/\\\/www.childrenfirst.ch\\\/de\\\/#website\",\"url\":\"https:\\\/\\\/www.childrenfirst.ch\\\/de\\\/\",\"name\":\"Children First\",\"description\":\"International daycare, preschool and kindergarten\",\"publisher\":{\"@id\":\"https:\\\/\\\/www.childrenfirst.ch\\\/de\\\/#organization\"},\"potentialAction\":[{\"@type\":\"SearchAction\",\"target\":{\"@type\":\"EntryPoint\",\"urlTemplate\":\"https:\\\/\\\/www.childrenfirst.ch\\\/de\\\/?s={search_term_string}\"},\"query-input\":{\"@type\":\"PropertyValueSpecification\",\"valueRequired\":true,\"valueName\":\"search_term_string\"}}],\"inLanguage\":\"de\"},{\"@type\":\"Organization\",\"@id\":\"https:\\\/\\\/www.childrenfirst.ch\\\/de\\\/#organization\",\"name\":\"Children First\",\"url\":\"https:\\\/\\\/www.childrenfirst.ch\\\/de\\\/\",\"logo\":{\"@type\":\"ImageObject\",\"inLanguage\":\"de\",\"@id\":\"https:\\\/\\\/www.childrenfirst.ch\\\/de\\\/#\\\/schema\\\/logo\\\/image\\\/\",\"url\":\"https:\\\/\\\/www.childrenfirst.ch\\\/wp-content\\\/uploads\\\/2024\\\/12\\\/logo-1.png\",\"contentUrl\":\"https:\\\/\\\/www.childrenfirst.ch\\\/wp-content\\\/uploads\\\/2024\\\/12\\\/logo-1.png\",\"width\":305,\"height\":82,\"caption\":\"Children First\"},\"image\":{\"@id\":\"https:\\\/\\\/www.childrenfirst.ch\\\/de\\\/#\\\/schema\\\/logo\\\/image\\\/\"}},{\"@type\":\"Person\",\"@id\":\"https:\\\/\\\/www.childrenfirst.ch\\\/de\\\/#\\\/schema\\\/person\\\/a832af17dfc90d660f31f3157233c9fb\",\"name\":\"admin\",\"image\":{\"@type\":\"ImageObject\",\"inLanguage\":\"de\",\"@id\":\"https:\\\/\\\/secure.gravatar.com\\\/avatar\\\/530c0b7176af0851ac965188da35d9c62dcefbfc429a0cd148df5cec3e2abc82?s=96&d=mm&r=g\",\"url\":\"https:\\\/\\\/secure.gravatar.com\\\/avatar\\\/530c0b7176af0851ac965188da35d9c62dcefbfc429a0cd148df5cec3e2abc82?s=96&d=mm&r=g\",\"contentUrl\":\"https:\\\/\\\/secure.gravatar.com\\\/avatar\\\/530c0b7176af0851ac965188da35d9c62dcefbfc429a0cd148df5cec3e2abc82?s=96&d=mm&r=g\",\"caption\":\"admin\"},\"url\":\"https:\\\/\\\/www.childrenfirst.ch\\\/de\\\/author\\\/mauricio\\\/\"}]}<\/script>\n<!-- \/ Yoast SEO plugin. -->","yoast_head_json":{"title":"Kreativer Hort - Children First","robots":{"index":"index","follow":"follow","max-snippet":"max-snippet:-1","max-image-preview":"max-image-preview:large","max-video-preview":"max-video-preview:-1"},"canonical":"https:\/\/www.childrenfirst.ch\/creative-hort\/","og_locale":"de_DE","og_type":"article","og_title":"Kreativer Hort - Children First","og_description":"Der After School Club ist der ideale Ort f\u00fcr Kinder, um sich nach dem Schulvormittag in einer geborgenen, anregenden Umgebung auszuleben, Neues zu entdecken, Freundschaften zu kn\u00fcpfen und ganz nebenbei Englisch zu vertiefen.","og_url":"https:\/\/www.childrenfirst.ch\/creative-hort\/","og_site_name":"Children First","article_published_time":"1920-04-08T15:07:34+00:00","article_modified_time":"2025-06-26T09:51:28+00:00","og_image":[{"width":320,"height":322,"url":"https:\/\/www.childrenfirst.ch\/wp-content\/uploads\/2025\/01\/art.jpg","type":"image\/jpeg"}],"author":"admin","twitter_card":"summary_large_image","twitter_misc":{"Verfasst von":"admin","Gesch\u00e4tzte Lesezeit":"2\u00a0Minuten"},"schema":{"@context":"https:\/\/schema.org","@graph":[{"@type":"Article","@id":"https:\/\/www.childrenfirst.ch\/creative-hort\/#article","isPartOf":{"@id":"https:\/\/www.childrenfirst.ch\/creative-hort\/"},"author":{"name":"admin","@id":"https:\/\/www.childrenfirst.ch\/de\/#\/schema\/person\/a832af17dfc90d660f31f3157233c9fb"},"headline":"Kreativer Hort","datePublished":"1920-04-08T15:07:34+00:00","dateModified":"2025-06-26T09:51:28+00:00","mainEntityOfPage":{"@id":"https:\/\/www.childrenfirst.ch\/creative-hort\/"},"wordCount":172,"publisher":{"@id":"https:\/\/www.childrenfirst.ch\/de\/#organization"},"image":{"@id":"https:\/\/www.childrenfirst.ch\/creative-hort\/#primaryimage"},"thumbnailUrl":"https:\/\/www.childrenfirst.ch\/wp-content\/uploads\/2025\/01\/art.jpg","articleSection":["Homepage"],"inLanguage":"de"},{"@type":"WebPage","@id":"https:\/\/www.childrenfirst.ch\/creative-hort\/","url":"https:\/\/www.childrenfirst.ch\/creative-hort\/","name":"Kreativer Hort - Children First","isPartOf":{"@id":"https:\/\/www.childrenfirst.ch\/de\/#website"},"primaryImageOfPage":{"@id":"https:\/\/www.childrenfirst.ch\/creative-hort\/#primaryimage"},"image":{"@id":"https:\/\/www.childrenfirst.ch\/creative-hort\/#primaryimage"},"thumbnailUrl":"https:\/\/www.childrenfirst.ch\/wp-content\/uploads\/2025\/01\/art.jpg","datePublished":"1920-04-08T15:07:34+00:00","dateModified":"2025-06-26T09:51:28+00:00","breadcrumb":{"@id":"https:\/\/www.childrenfirst.ch\/creative-hort\/#breadcrumb"},"inLanguage":"de","potentialAction":[{"@type":"ReadAction","target":["https:\/\/www.childrenfirst.ch\/creative-hort\/"]}]},{"@type":"ImageObject","inLanguage":"de","@id":"https:\/\/www.childrenfirst.ch\/creative-hort\/#primaryimage","url":"https:\/\/www.childrenfirst.ch\/wp-content\/uploads\/2025\/01\/art.jpg","contentUrl":"https:\/\/www.childrenfirst.ch\/wp-content\/uploads\/2025\/01\/art.jpg","width":320,"height":322},{"@type":"BreadcrumbList","@id":"https:\/\/www.childrenfirst.ch\/creative-hort\/#breadcrumb","itemListElement":[{"@type":"ListItem","position":1,"name":"Home","item":"https:\/\/www.childrenfirst.ch\/de\/"},{"@type":"ListItem","position":2,"name":"Kreativer Hort"}]},{"@type":"WebSite","@id":"https:\/\/www.childrenfirst.ch\/de\/#website","url":"https:\/\/www.childrenfirst.ch\/de\/","name":"Children First","description":"International daycare, preschool and kindergarten","publisher":{"@id":"https:\/\/www.childrenfirst.ch\/de\/#organization"},"potentialAction":[{"@type":"SearchAction","target":{"@type":"EntryPoint","urlTemplate":"https:\/\/www.childrenfirst.ch\/de\/?s={search_term_string}"},"query-input":{"@type":"PropertyValueSpecification","valueRequired":true,"valueName":"search_term_string"}}],"inLanguage":"de"},{"@type":"Organization","@id":"https:\/\/www.childrenfirst.ch\/de\/#organization","name":"Children First","url":"https:\/\/www.childrenfirst.ch\/de\/","logo":{"@type":"ImageObject","inLanguage":"de","@id":"https:\/\/www.childrenfirst.ch\/de\/#\/schema\/logo\/image\/","url":"https:\/\/www.childrenfirst.ch\/wp-content\/uploads\/2024\/12\/logo-1.png","contentUrl":"https:\/\/www.childrenfirst.ch\/wp-content\/uploads\/2024\/12\/logo-1.png","width":305,"height":82,"caption":"Children First"},"image":{"@id":"https:\/\/www.childrenfirst.ch\/de\/#\/schema\/logo\/image\/"}},{"@type":"Person","@id":"https:\/\/www.childrenfirst.ch\/de\/#\/schema\/person\/a832af17dfc90d660f31f3157233c9fb","name":"admin","image":{"@type":"ImageObject","inLanguage":"de","@id":"https:\/\/secure.gravatar.com\/avatar\/530c0b7176af0851ac965188da35d9c62dcefbfc429a0cd148df5cec3e2abc82?s=96&d=mm&r=g","url":"https:\/\/secure.gravatar.com\/avatar\/530c0b7176af0851ac965188da35d9c62dcefbfc429a0cd148df5cec3e2abc82?s=96&d=mm&r=g","contentUrl":"https:\/\/secure.gravatar.com\/avatar\/530c0b7176af0851ac965188da35d9c62dcefbfc429a0cd148df5cec3e2abc82?s=96&d=mm&r=g","caption":"admin"},"url":"https:\/\/www.childrenfirst.ch\/de\/author\/mauricio\/"}]}},"_links":{"self":[{"href":"https:\/\/www.childrenfirst.ch\/de\/wp-json\/wp\/v2\/posts\/6463","targetHints":{"allow":["GET"]}}],"collection":[{"href":"https:\/\/www.childrenfirst.ch\/de\/wp-json\/wp\/v2\/posts"}],"about":[{"href":"https:\/\/www.childrenfirst.ch\/de\/wp-json\/wp\/v2\/types\/post"}],"author":[{"embeddable":true,"href":"https:\/\/www.childrenfirst.ch\/de\/wp-json\/wp\/v2\/users\/1"}],"replies":[{"embeddable":true,"href":"https:\/\/www.childrenfirst.ch\/de\/wp-json\/wp\/v2\/comments?post=6463"}],"version-history":[{"count":27,"href":"https:\/\/www.childrenfirst.ch\/de\/wp-json\/wp\/v2\/posts\/6463\/revisions"}],"predecessor-version":[{"id":7339,"href":"https:\/\/www.childrenfirst.ch\/de\/wp-json\/wp\/v2\/posts\/6463\/revisions\/7339"}],"wp:attachment":[{"href":"https:\/\/www.childrenfirst.ch\/de\/wp-json\/wp\/v2\/media?parent=6463"}],"wp:term":[{"taxonomy":"category","embeddable":true,"href":"https:\/\/www.childrenfirst.ch\/de\/wp-json\/wp\/v2\/categories?post=6463"},{"taxonomy":"post_tag","embeddable":true,"href":"https:\/\/www.childrenfirst.ch\/de\/wp-json\/wp\/v2\/tags?post=6463"}],"curies":[{"name":"wp","href":"https:\/\/api.w.org\/{rel}","templated":true}]}}