{"id":4865,"date":"2025-01-27T07:42:23","date_gmt":"2025-01-27T07:42:23","guid":{"rendered":"https:\/\/www.childrenfirst.ch\/monicas-geschichte\/"},"modified":"2026-07-23T16:49:54","modified_gmt":"2026-07-23T16:49:54","slug":"monicas-geschichte","status":"publish","type":"post","link":"https:\/\/www.childrenfirst.ch\/de\/monicas-geschichte\/","title":{"rendered":"Monicas Geschichte"},"content":{"rendered":"\t\t<div data-elementor-type=\"wp-post\" data-elementor-id=\"4865\" class=\"elementor elementor-4865 elementor-4863\" data-elementor-post-type=\"post\">\n\t\t\t\t<div class=\"elementor-element elementor-element-6f382bb6 relative-section e-flex e-con-boxed e-con e-parent\" data-id=\"6f382bb6\" data-element_type=\"container\" data-e-type=\"container\">\n\t\t\t\t\t<div class=\"e-con-inner\">\n\t\t<div class=\"elementor-element elementor-element-6a944de7 e-con-full e-flex e-con e-child\" data-id=\"6a944de7\" data-element_type=\"container\" data-e-type=\"container\" data-settings=\"{&quot;background_background&quot;:&quot;classic&quot;}\">\n\t\t<div class=\"elementor-element elementor-element-6e1e9b12 e-con-full e-flex e-con e-child\" data-id=\"6e1e9b12\" data-element_type=\"container\" data-e-type=\"container\" data-settings=\"{&quot;background_background&quot;:&quot;classic&quot;}\">\n\t\t<div class=\"elementor-element elementor-element-5c6f6ccb e-con-full e-flex e-con e-child\" data-id=\"5c6f6ccb\" data-element_type=\"container\" data-e-type=\"container\" data-settings=\"{&quot;background_background&quot;:&quot;classic&quot;}\">\n\t\t\t\t<div class=\"elementor-element elementor-element-199090d1 elementor-widget__width-initial circle-box right-left elementor-widget elementor-widget-heading\" data-id=\"199090d1\" data-element_type=\"widget\" data-e-type=\"widget\" data-widget_type=\"heading.default\">\n\t\t\t\t<div class=\"elementor-widget-container\">\n\t\t\t\t\t<h1 class=\"elementor-heading-title elementor-size-default\">Monicas Geschichte<\/h1>\t\t\t\t<\/div>\n\t\t\t\t<\/div>\n\t\t\t\t<\/div>\n\t\t\t\t<\/div>\n\t\t\t\t<\/div>\n\t\t<div class=\"elementor-element elementor-element-51a7849a e-con-full e-flex e-con e-child\" data-id=\"51a7849a\" data-element_type=\"container\" data-e-type=\"container\" data-settings=\"{&quot;background_background&quot;:&quot;classic&quot;}\">\n\t\t<div class=\"elementor-element elementor-element-6e00c0c5 e-con-full e-flex e-con e-child\" data-id=\"6e00c0c5\" data-element_type=\"container\" data-e-type=\"container\" data-settings=\"{&quot;background_background&quot;:&quot;classic&quot;}\">\n\t\t\t\t<div class=\"elementor-element elementor-element-16c5ffc1 elementor-widget elementor-widget-text-editor\" data-id=\"16c5ffc1\" data-element_type=\"widget\" data-e-type=\"widget\" data-widget_type=\"text-editor.default\">\n\t\t\t\t<div class=\"elementor-widget-container\">\n\t\t\t\t\t\t\t\t\t<p><span style=\"font-weight: 400;\">Als Gr\u00fcnderin und Direktorin ist Monica eine tatkr\u00e4ftige Managerin. Sie garantiert unsere Standards und sorgt daf\u00fcr, dass die Servicequalit\u00e4t hervorragend bleibt.<\/span><\/p><p><span style=\"font-weight: 400;\">Die schweizerisch-britische Staatsb\u00fcrgerin indischer Abstammung hat einen Abschluss in psychoanalytischer Beobachtung von Kleinkindern und modernen Sprachen. Sie studierte die Forschungsergebnisse in den Neurowissenschaften, insbesondere die Neuroepigenetik, die die zentrale Bedeutung des Umfelds bei der Betreuung von Kindern aufzeigen. Diese psychoanalytische Sichtweise hat Monica beim Aufbau von Children First beibehalten: Die Umgebung, in der sich das Kind befindet, wird gr\u00fcndlich durchdacht, von Auswahlkriterien f\u00fcr das Personal bis hin zur Farbe der T\u00fcren. Die modernen Sprachen und die Forschung zur Zweisprachigkeit gaben Monica die Zuversicht, die Kinder in mehr als einer Sprache zu unterrichten.<\/span><\/p>\t\t\t\t\t\t\t\t<\/div>\n\t\t\t\t<\/div>\n\t\t\t\t<div class=\"elementor-element elementor-element-d3594be elementor-widget elementor-widget-image\" data-id=\"d3594be\" data-element_type=\"widget\" data-e-type=\"widget\" data-widget_type=\"image.default\">\n\t\t\t\t<div class=\"elementor-widget-container\">\n\t\t\t\t\t\t\t\t\t\t\t\t\t\t\t<img fetchpriority=\"high\" decoding=\"async\" width=\"800\" height=\"534\" src=\"https:\/\/www.childrenfirst.ch\/wp-content\/uploads\/2024\/11\/Indoor-activities-174-1024x683.jpg\" class=\"attachment-large size-large wp-image-1995\" alt=\"\" srcset=\"https:\/\/www.childrenfirst.ch\/wp-content\/uploads\/2024\/11\/Indoor-activities-174-1024x683.jpg 1024w, https:\/\/www.childrenfirst.ch\/wp-content\/uploads\/2024\/11\/Indoor-activities-174-300x200.jpg 300w, https:\/\/www.childrenfirst.ch\/wp-content\/uploads\/2024\/11\/Indoor-activities-174-768x512.jpg 768w, https:\/\/www.childrenfirst.ch\/wp-content\/uploads\/2024\/11\/Indoor-activities-174-1536x1025.jpg 1536w, https:\/\/www.childrenfirst.ch\/wp-content\/uploads\/2024\/11\/Indoor-activities-174.jpg 2000w\" sizes=\"(max-width: 800px) 100vw, 800px\" \/>\t\t\t\t\t\t\t\t\t\t\t\t\t\t\t<\/div>\n\t\t\t\t<\/div>\n\t\t\t\t<div class=\"elementor-element elementor-element-7e3712e elementor-widget elementor-widget-text-editor\" data-id=\"7e3712e\" data-element_type=\"widget\" data-e-type=\"widget\" data-widget_type=\"text-editor.default\">\n\t\t\t\t<div class=\"elementor-widget-container\">\n\t\t\t\t\t\t\t\t\t<p><span style=\"font-weight: 400;\">Als Monica 1986 an der Universit\u00e4t Oxford studierte, arbeitete sie ehrenamtlich f\u00fcr das Joint Action Committee Against Racial Intolerance (JACARI). In den Aussenbezirken von Oxford unterrichtete sie bangladeschische Kinder aus benachteiligten Familien im Lesen. Diese Erfahrung motivierte Monica, <\/span><b>eine Karriere anzustreben, um das Ungleichgewicht bei den Bildungschancen in den Schulen zu korrigieren<\/b><span style=\"font-weight: 400;\">.<\/span><\/p><p><span style=\"font-weight: 400;\">Im Rahmen ihrer allerersten Arbeit besuchte sie amerikanische Schulen in armen Vierteln. Die Atmosph\u00e4re war unglaublich: positiv, k\u00e4mpferisch, akademisch anspruchsvoll, erf\u00fcllend, unterst\u00fctzend, warm! Die \u00f6rtliche Gemeinschaft hatte dies mit einer starken Absicht und Unterst\u00fctzung m\u00f6glich gemacht. Monica brachte dies mit zur\u00fcck nach Grossbritannien und verbreitete das Modell im \u00f6ffentlichen Bildungssystem. Bis heute ist der Wunsch, gute Praktiken <\/span><b>\u00fcber Grenzen hinweg<\/b><span style=\"font-weight: 400;\"> zu verbreiten, eine starke Motivation von Monica, ebenso wie ihr <\/span><b>Know-how bei der Zusammenstellung neuer Lehrpl\u00e4ne<\/b><span style=\"font-weight: 400;\">.<\/span><\/p><p><span style=\"font-weight: 400;\">Sp\u00e4ter, als sie das MAYA-Zentrum in London leitete, erlebte Monica aus erster Hand<\/span><b>, welchen Belastungen Gemeinschaften ausgesetzt sind, wenn sie in ein neues Land umziehen<\/b><span style=\"font-weight: 400;\">. Monica fand sich in der gleichen Situation wieder, als sie dann nach Bern in die Schweiz zog. Sie war isoliert, sprach die Sprache nicht, hatte ein Kind, wusste nicht, welchen Bildungsweg sie einschlagen sollte und brauchte geistige und k\u00f6rperliche Unterst\u00fctzung. <\/span><i><span style=\"font-weight: 400;\">Sie hat ihre eigene Medizin gekostet<\/span><\/i><span style=\"font-weight: 400;\"> und die Mittel gefunden, um es zu schaffen! Und das werden Sie auch: Eltern, bitten Sie um Hilfe! Das ist in Ordnung! Wir unterst\u00fctzen Sie gerne.<\/span><\/p><p><span style=\"font-weight: 400;\">Gest\u00e4rkt durch diese Lebenserfahrungen verfasste Monica 2001 das Buch <\/span><i><span style=\"font-weight: 400;\">Working with Parents<\/span><\/i><span style=\"font-weight: 400;\"> und gr\u00fcndete 2006 Children First, das sie bis heute leitet.<\/span><\/p><p><b>Deshalb setzen wir uns f\u00fcr die fr\u00fche Bildung ein &#8211; das goldene Zeitalter des Lernens und der Entwicklung.<\/b><\/p>\t\t\t\t\t\t\t\t<\/div>\n\t\t\t\t<\/div>\n\t\t\t\t<\/div>\n\t\t\t\t<\/div>\n\t\t\t\t\t<\/div>\n\t\t\t\t<\/div>\n\t\t\t\t<\/div>\n\t\t","protected":false},"excerpt":{"rendered":"<p>Monicas Geschichte Als Gr\u00fcnderin und Direktorin ist Monica eine tatkr\u00e4ftige Managerin. Sie garantiert unsere Standards und sorgt daf\u00fcr, dass die Servicequalit\u00e4t hervorragend bleibt. Die schweizerisch-britische Staatsb\u00fcrgerin indischer Abstammung hat einen Abschluss in psychoanalytischer Beobachtung von Kleinkindern und modernen Sprachen. Sie studierte die Forschungsergebnisse in den Neurowissenschaften, insbesondere die Neuroepigenetik, die die zentrale Bedeutung des Umfelds [&hellip;]<\/p>\n","protected":false},"author":1,"featured_media":0,"comment_status":"closed","ping_status":"closed","sticky":false,"template":"","format":"standard","meta":{"_acf_changed":false,"footnotes":""},"categories":[4],"tags":[],"class_list":["post-4865","post","type-post","status-publish","format-standard","hentry","category-unkategorisiert"],"acf":[],"yoast_head":"<!-- This site is optimized with the Yoast SEO plugin v28.2 - https:\/\/yoast.com\/product\/yoast-seo-wordpress\/ -->\n<title>Monicas Geschichte - Children First<\/title>\n<meta name=\"robots\" content=\"index, follow, max-snippet:-1, max-image-preview:large, max-video-preview:-1\" \/>\n<link rel=\"canonical\" href=\"https:\/\/www.childrenfirst.ch\/de\/monicas-geschichte\/\" \/>\n<meta property=\"og:locale\" content=\"de_DE\" \/>\n<meta property=\"og:type\" content=\"article\" \/>\n<meta property=\"og:title\" content=\"Monicas Geschichte - Children First\" \/>\n<meta property=\"og:description\" content=\"Monicas Geschichte Als Gr\u00fcnderin und Direktorin ist Monica eine tatkr\u00e4ftige Managerin. Sie garantiert unsere Standards und sorgt daf\u00fcr, dass die Servicequalit\u00e4t hervorragend bleibt. Die schweizerisch-britische Staatsb\u00fcrgerin indischer Abstammung hat einen Abschluss in psychoanalytischer Beobachtung von Kleinkindern und modernen Sprachen. Sie studierte die Forschungsergebnisse in den Neurowissenschaften, insbesondere die Neuroepigenetik, die die zentrale Bedeutung des Umfelds [&hellip;]\" \/>\n<meta property=\"og:url\" content=\"https:\/\/www.childrenfirst.ch\/de\/monicas-geschichte\/\" \/>\n<meta property=\"og:site_name\" content=\"Children First\" \/>\n<meta property=\"article:published_time\" content=\"2025-01-27T07:42:23+00:00\" \/>\n<meta property=\"article:modified_time\" content=\"2026-07-23T16:49:54+00:00\" \/>\n<meta property=\"og:image\" content=\"https:\/\/www.childrenfirst.ch\/wp-content\/uploads\/2024\/11\/Indoor-activities-174.jpg\" \/>\n\t<meta property=\"og:image:width\" content=\"2000\" \/>\n\t<meta property=\"og:image:height\" content=\"1334\" \/>\n\t<meta property=\"og:image:type\" content=\"image\/jpeg\" \/>\n<meta name=\"author\" content=\"admin\" \/>\n<meta name=\"twitter:card\" content=\"summary_large_image\" \/>\n<meta name=\"twitter:label1\" content=\"Verfasst von\" \/>\n\t<meta name=\"twitter:data1\" content=\"admin\" \/>\n\t<meta name=\"twitter:label2\" content=\"Gesch\u00e4tzte Lesezeit\" \/>\n\t<meta name=\"twitter:data2\" content=\"3\u00a0Minuten\" \/>\n<script type=\"application\/ld+json\" class=\"yoast-schema-graph\">{\"@context\":\"https:\\\/\\\/schema.org\",\"@graph\":[{\"@type\":\"Article\",\"@id\":\"https:\\\/\\\/www.childrenfirst.ch\\\/de\\\/monicas-geschichte\\\/#article\",\"isPartOf\":{\"@id\":\"https:\\\/\\\/www.childrenfirst.ch\\\/de\\\/monicas-geschichte\\\/\"},\"author\":{\"name\":\"admin\",\"@id\":\"https:\\\/\\\/www.childrenfirst.ch\\\/de\\\/#\\\/schema\\\/person\\\/a832af17dfc90d660f31f3157233c9fb\"},\"headline\":\"Monicas Geschichte\",\"datePublished\":\"2025-01-27T07:42:23+00:00\",\"dateModified\":\"2026-07-23T16:49:54+00:00\",\"mainEntityOfPage\":{\"@id\":\"https:\\\/\\\/www.childrenfirst.ch\\\/de\\\/monicas-geschichte\\\/\"},\"wordCount\":405,\"publisher\":{\"@id\":\"https:\\\/\\\/www.childrenfirst.ch\\\/de\\\/#organization\"},\"image\":{\"@id\":\"https:\\\/\\\/www.childrenfirst.ch\\\/de\\\/monicas-geschichte\\\/#primaryimage\"},\"thumbnailUrl\":\"https:\\\/\\\/www.childrenfirst.ch\\\/wp-content\\\/uploads\\\/2024\\\/11\\\/Indoor-activities-174-1024x683.jpg\",\"articleSection\":[\"Unkategorisiert\"],\"inLanguage\":\"de\"},{\"@type\":\"WebPage\",\"@id\":\"https:\\\/\\\/www.childrenfirst.ch\\\/de\\\/monicas-geschichte\\\/\",\"url\":\"https:\\\/\\\/www.childrenfirst.ch\\\/de\\\/monicas-geschichte\\\/\",\"name\":\"Monicas Geschichte - Children First\",\"isPartOf\":{\"@id\":\"https:\\\/\\\/www.childrenfirst.ch\\\/de\\\/#website\"},\"primaryImageOfPage\":{\"@id\":\"https:\\\/\\\/www.childrenfirst.ch\\\/de\\\/monicas-geschichte\\\/#primaryimage\"},\"image\":{\"@id\":\"https:\\\/\\\/www.childrenfirst.ch\\\/de\\\/monicas-geschichte\\\/#primaryimage\"},\"thumbnailUrl\":\"https:\\\/\\\/www.childrenfirst.ch\\\/wp-content\\\/uploads\\\/2024\\\/11\\\/Indoor-activities-174-1024x683.jpg\",\"datePublished\":\"2025-01-27T07:42:23+00:00\",\"dateModified\":\"2026-07-23T16:49:54+00:00\",\"breadcrumb\":{\"@id\":\"https:\\\/\\\/www.childrenfirst.ch\\\/de\\\/monicas-geschichte\\\/#breadcrumb\"},\"inLanguage\":\"de\",\"potentialAction\":[{\"@type\":\"ReadAction\",\"target\":[\"https:\\\/\\\/www.childrenfirst.ch\\\/de\\\/monicas-geschichte\\\/\"]}]},{\"@type\":\"ImageObject\",\"inLanguage\":\"de\",\"@id\":\"https:\\\/\\\/www.childrenfirst.ch\\\/de\\\/monicas-geschichte\\\/#primaryimage\",\"url\":\"https:\\\/\\\/www.childrenfirst.ch\\\/wp-content\\\/uploads\\\/2024\\\/11\\\/Indoor-activities-174-1024x683.jpg\",\"contentUrl\":\"https:\\\/\\\/www.childrenfirst.ch\\\/wp-content\\\/uploads\\\/2024\\\/11\\\/Indoor-activities-174-1024x683.jpg\"},{\"@type\":\"BreadcrumbList\",\"@id\":\"https:\\\/\\\/www.childrenfirst.ch\\\/de\\\/monicas-geschichte\\\/#breadcrumb\",\"itemListElement\":[{\"@type\":\"ListItem\",\"position\":1,\"name\":\"Home\",\"item\":\"https:\\\/\\\/www.childrenfirst.ch\\\/de\\\/\"},{\"@type\":\"ListItem\",\"position\":2,\"name\":\"Monicas Geschichte\"}]},{\"@type\":\"WebSite\",\"@id\":\"https:\\\/\\\/www.childrenfirst.ch\\\/de\\\/#website\",\"url\":\"https:\\\/\\\/www.childrenfirst.ch\\\/de\\\/\",\"name\":\"Children First\",\"description\":\"International daycare, preschool and kindergarten\",\"publisher\":{\"@id\":\"https:\\\/\\\/www.childrenfirst.ch\\\/de\\\/#organization\"},\"potentialAction\":[{\"@type\":\"SearchAction\",\"target\":{\"@type\":\"EntryPoint\",\"urlTemplate\":\"https:\\\/\\\/www.childrenfirst.ch\\\/de\\\/?s={search_term_string}\"},\"query-input\":{\"@type\":\"PropertyValueSpecification\",\"valueRequired\":true,\"valueName\":\"search_term_string\"}}],\"inLanguage\":\"de\"},{\"@type\":\"Organization\",\"@id\":\"https:\\\/\\\/www.childrenfirst.ch\\\/de\\\/#organization\",\"name\":\"Children First\",\"url\":\"https:\\\/\\\/www.childrenfirst.ch\\\/de\\\/\",\"logo\":{\"@type\":\"ImageObject\",\"inLanguage\":\"de\",\"@id\":\"https:\\\/\\\/www.childrenfirst.ch\\\/de\\\/#\\\/schema\\\/logo\\\/image\\\/\",\"url\":\"https:\\\/\\\/www.childrenfirst.ch\\\/wp-content\\\/uploads\\\/2024\\\/12\\\/logo-1.png\",\"contentUrl\":\"https:\\\/\\\/www.childrenfirst.ch\\\/wp-content\\\/uploads\\\/2024\\\/12\\\/logo-1.png\",\"width\":305,\"height\":82,\"caption\":\"Children First\"},\"image\":{\"@id\":\"https:\\\/\\\/www.childrenfirst.ch\\\/de\\\/#\\\/schema\\\/logo\\\/image\\\/\"}},{\"@type\":\"Person\",\"@id\":\"https:\\\/\\\/www.childrenfirst.ch\\\/de\\\/#\\\/schema\\\/person\\\/a832af17dfc90d660f31f3157233c9fb\",\"name\":\"admin\",\"image\":{\"@type\":\"ImageObject\",\"inLanguage\":\"de\",\"@id\":\"https:\\\/\\\/secure.gravatar.com\\\/avatar\\\/530c0b7176af0851ac965188da35d9c62dcefbfc429a0cd148df5cec3e2abc82?s=96&d=mm&r=g\",\"url\":\"https:\\\/\\\/secure.gravatar.com\\\/avatar\\\/530c0b7176af0851ac965188da35d9c62dcefbfc429a0cd148df5cec3e2abc82?s=96&d=mm&r=g\",\"contentUrl\":\"https:\\\/\\\/secure.gravatar.com\\\/avatar\\\/530c0b7176af0851ac965188da35d9c62dcefbfc429a0cd148df5cec3e2abc82?s=96&d=mm&r=g\",\"caption\":\"admin\"},\"url\":\"https:\\\/\\\/www.childrenfirst.ch\\\/de\\\/author\\\/mauricio\\\/\"}]}<\/script>\n<!-- \/ Yoast SEO plugin. -->","yoast_head_json":{"title":"Monicas Geschichte - Children First","robots":{"index":"index","follow":"follow","max-snippet":"max-snippet:-1","max-image-preview":"max-image-preview:large","max-video-preview":"max-video-preview:-1"},"canonical":"https:\/\/www.childrenfirst.ch\/de\/monicas-geschichte\/","og_locale":"de_DE","og_type":"article","og_title":"Monicas Geschichte - Children First","og_description":"Monicas Geschichte Als Gr\u00fcnderin und Direktorin ist Monica eine tatkr\u00e4ftige Managerin. Sie garantiert unsere Standards und sorgt daf\u00fcr, dass die Servicequalit\u00e4t hervorragend bleibt. Die schweizerisch-britische Staatsb\u00fcrgerin indischer Abstammung hat einen Abschluss in psychoanalytischer Beobachtung von Kleinkindern und modernen Sprachen. Sie studierte die Forschungsergebnisse in den Neurowissenschaften, insbesondere die Neuroepigenetik, die die zentrale Bedeutung des Umfelds [&hellip;]","og_url":"https:\/\/www.childrenfirst.ch\/de\/monicas-geschichte\/","og_site_name":"Children First","article_published_time":"2025-01-27T07:42:23+00:00","article_modified_time":"2026-07-23T16:49:54+00:00","og_image":[{"width":2000,"height":1334,"url":"https:\/\/www.childrenfirst.ch\/wp-content\/uploads\/2024\/11\/Indoor-activities-174.jpg","type":"image\/jpeg"}],"author":"admin","twitter_card":"summary_large_image","twitter_misc":{"Verfasst von":"admin","Gesch\u00e4tzte Lesezeit":"3\u00a0Minuten"},"schema":{"@context":"https:\/\/schema.org","@graph":[{"@type":"Article","@id":"https:\/\/www.childrenfirst.ch\/de\/monicas-geschichte\/#article","isPartOf":{"@id":"https:\/\/www.childrenfirst.ch\/de\/monicas-geschichte\/"},"author":{"name":"admin","@id":"https:\/\/www.childrenfirst.ch\/de\/#\/schema\/person\/a832af17dfc90d660f31f3157233c9fb"},"headline":"Monicas Geschichte","datePublished":"2025-01-27T07:42:23+00:00","dateModified":"2026-07-23T16:49:54+00:00","mainEntityOfPage":{"@id":"https:\/\/www.childrenfirst.ch\/de\/monicas-geschichte\/"},"wordCount":405,"publisher":{"@id":"https:\/\/www.childrenfirst.ch\/de\/#organization"},"image":{"@id":"https:\/\/www.childrenfirst.ch\/de\/monicas-geschichte\/#primaryimage"},"thumbnailUrl":"https:\/\/www.childrenfirst.ch\/wp-content\/uploads\/2024\/11\/Indoor-activities-174-1024x683.jpg","articleSection":["Unkategorisiert"],"inLanguage":"de"},{"@type":"WebPage","@id":"https:\/\/www.childrenfirst.ch\/de\/monicas-geschichte\/","url":"https:\/\/www.childrenfirst.ch\/de\/monicas-geschichte\/","name":"Monicas Geschichte - Children First","isPartOf":{"@id":"https:\/\/www.childrenfirst.ch\/de\/#website"},"primaryImageOfPage":{"@id":"https:\/\/www.childrenfirst.ch\/de\/monicas-geschichte\/#primaryimage"},"image":{"@id":"https:\/\/www.childrenfirst.ch\/de\/monicas-geschichte\/#primaryimage"},"thumbnailUrl":"https:\/\/www.childrenfirst.ch\/wp-content\/uploads\/2024\/11\/Indoor-activities-174-1024x683.jpg","datePublished":"2025-01-27T07:42:23+00:00","dateModified":"2026-07-23T16:49:54+00:00","breadcrumb":{"@id":"https:\/\/www.childrenfirst.ch\/de\/monicas-geschichte\/#breadcrumb"},"inLanguage":"de","potentialAction":[{"@type":"ReadAction","target":["https:\/\/www.childrenfirst.ch\/de\/monicas-geschichte\/"]}]},{"@type":"ImageObject","inLanguage":"de","@id":"https:\/\/www.childrenfirst.ch\/de\/monicas-geschichte\/#primaryimage","url":"https:\/\/www.childrenfirst.ch\/wp-content\/uploads\/2024\/11\/Indoor-activities-174-1024x683.jpg","contentUrl":"https:\/\/www.childrenfirst.ch\/wp-content\/uploads\/2024\/11\/Indoor-activities-174-1024x683.jpg"},{"@type":"BreadcrumbList","@id":"https:\/\/www.childrenfirst.ch\/de\/monicas-geschichte\/#breadcrumb","itemListElement":[{"@type":"ListItem","position":1,"name":"Home","item":"https:\/\/www.childrenfirst.ch\/de\/"},{"@type":"ListItem","position":2,"name":"Monicas Geschichte"}]},{"@type":"WebSite","@id":"https:\/\/www.childrenfirst.ch\/de\/#website","url":"https:\/\/www.childrenfirst.ch\/de\/","name":"Children First","description":"International daycare, preschool and kindergarten","publisher":{"@id":"https:\/\/www.childrenfirst.ch\/de\/#organization"},"potentialAction":[{"@type":"SearchAction","target":{"@type":"EntryPoint","urlTemplate":"https:\/\/www.childrenfirst.ch\/de\/?s={search_term_string}"},"query-input":{"@type":"PropertyValueSpecification","valueRequired":true,"valueName":"search_term_string"}}],"inLanguage":"de"},{"@type":"Organization","@id":"https:\/\/www.childrenfirst.ch\/de\/#organization","name":"Children First","url":"https:\/\/www.childrenfirst.ch\/de\/","logo":{"@type":"ImageObject","inLanguage":"de","@id":"https:\/\/www.childrenfirst.ch\/de\/#\/schema\/logo\/image\/","url":"https:\/\/www.childrenfirst.ch\/wp-content\/uploads\/2024\/12\/logo-1.png","contentUrl":"https:\/\/www.childrenfirst.ch\/wp-content\/uploads\/2024\/12\/logo-1.png","width":305,"height":82,"caption":"Children First"},"image":{"@id":"https:\/\/www.childrenfirst.ch\/de\/#\/schema\/logo\/image\/"}},{"@type":"Person","@id":"https:\/\/www.childrenfirst.ch\/de\/#\/schema\/person\/a832af17dfc90d660f31f3157233c9fb","name":"admin","image":{"@type":"ImageObject","inLanguage":"de","@id":"https:\/\/secure.gravatar.com\/avatar\/530c0b7176af0851ac965188da35d9c62dcefbfc429a0cd148df5cec3e2abc82?s=96&d=mm&r=g","url":"https:\/\/secure.gravatar.com\/avatar\/530c0b7176af0851ac965188da35d9c62dcefbfc429a0cd148df5cec3e2abc82?s=96&d=mm&r=g","contentUrl":"https:\/\/secure.gravatar.com\/avatar\/530c0b7176af0851ac965188da35d9c62dcefbfc429a0cd148df5cec3e2abc82?s=96&d=mm&r=g","caption":"admin"},"url":"https:\/\/www.childrenfirst.ch\/de\/author\/mauricio\/"}]}},"_links":{"self":[{"href":"https:\/\/www.childrenfirst.ch\/de\/wp-json\/wp\/v2\/posts\/4865","targetHints":{"allow":["GET"]}}],"collection":[{"href":"https:\/\/www.childrenfirst.ch\/de\/wp-json\/wp\/v2\/posts"}],"about":[{"href":"https:\/\/www.childrenfirst.ch\/de\/wp-json\/wp\/v2\/types\/post"}],"author":[{"embeddable":true,"href":"https:\/\/www.childrenfirst.ch\/de\/wp-json\/wp\/v2\/users\/1"}],"replies":[{"embeddable":true,"href":"https:\/\/www.childrenfirst.ch\/de\/wp-json\/wp\/v2\/comments?post=4865"}],"version-history":[{"count":11,"href":"https:\/\/www.childrenfirst.ch\/de\/wp-json\/wp\/v2\/posts\/4865\/revisions"}],"predecessor-version":[{"id":8844,"href":"https:\/\/www.childrenfirst.ch\/de\/wp-json\/wp\/v2\/posts\/4865\/revisions\/8844"}],"wp:attachment":[{"href":"https:\/\/www.childrenfirst.ch\/de\/wp-json\/wp\/v2\/media?parent=4865"}],"wp:term":[{"taxonomy":"category","embeddable":true,"href":"https:\/\/www.childrenfirst.ch\/de\/wp-json\/wp\/v2\/categories?post=4865"},{"taxonomy":"post_tag","embeddable":true,"href":"https:\/\/www.childrenfirst.ch\/de\/wp-json\/wp\/v2\/tags?post=4865"}],"curies":[{"name":"wp","href":"https:\/\/api.w.org\/{rel}","templated":true}]}}