{"id":4646,"date":"2025-01-27T03:36:19","date_gmt":"2025-01-27T03:36:19","guid":{"rendered":"https:\/\/www.childrenfirst.ch\/ein-tag-bei-cf\/"},"modified":"2025-02-28T08:23:59","modified_gmt":"2025-02-28T08:23:59","slug":"ein-tag-bei-cf","status":"publish","type":"post","link":"https:\/\/www.childrenfirst.ch\/de\/ein-tag-bei-cf\/","title":{"rendered":"Ein Tag bei CF"},"content":{"rendered":"\t\t<div data-elementor-type=\"wp-post\" data-elementor-id=\"4646\" class=\"elementor elementor-4646 elementor-4644\" data-elementor-post-type=\"post\">\n\t\t\t\t<div class=\"elementor-element elementor-element-2cb06cc7 relative-section e-flex e-con-boxed e-con e-parent\" data-id=\"2cb06cc7\" data-element_type=\"container\" data-e-type=\"container\">\n\t\t\t\t\t<div class=\"e-con-inner\">\n\t\t<div class=\"elementor-element elementor-element-5c638645 e-con-full e-flex e-con e-child\" data-id=\"5c638645\" data-element_type=\"container\" data-e-type=\"container\" data-settings=\"{&quot;background_background&quot;:&quot;classic&quot;}\">\n\t\t<div class=\"elementor-element elementor-element-4832fce3 e-con-full e-flex e-con e-child\" data-id=\"4832fce3\" data-element_type=\"container\" data-e-type=\"container\" data-settings=\"{&quot;background_background&quot;:&quot;classic&quot;}\">\n\t\t<div class=\"elementor-element elementor-element-59dd2713 e-con-full e-flex e-con e-child\" data-id=\"59dd2713\" data-element_type=\"container\" data-e-type=\"container\" data-settings=\"{&quot;background_background&quot;:&quot;classic&quot;}\">\n\t\t\t\t<div class=\"elementor-element elementor-element-4383e25c elementor-widget__width-initial circle-box right-left elementor-widget elementor-widget-heading\" data-id=\"4383e25c\" data-element_type=\"widget\" data-e-type=\"widget\" data-widget_type=\"heading.default\">\n\t\t\t\t<div class=\"elementor-widget-container\">\n\t\t\t\t\t<h2 class=\"elementor-heading-title elementor-size-default\">Ein Tag bei CF<\/h2>\t\t\t\t<\/div>\n\t\t\t\t<\/div>\n\t\t\t\t<\/div>\n\t\t\t\t<\/div>\n\t\t\t\t<\/div>\n\t\t<div class=\"elementor-element elementor-element-776b548 e-con-full e-flex e-con e-child\" data-id=\"776b548\" data-element_type=\"container\" data-e-type=\"container\" data-settings=\"{&quot;background_background&quot;:&quot;classic&quot;}\">\n\t\t<div class=\"elementor-element elementor-element-1a9edbc3 e-con-full e-flex e-con e-child\" data-id=\"1a9edbc3\" data-element_type=\"container\" data-e-type=\"container\" data-settings=\"{&quot;background_background&quot;:&quot;classic&quot;}\">\n\t\t\t\t<div class=\"elementor-element elementor-element-2bdb0705 elementor-widget elementor-widget-text-editor\" data-id=\"2bdb0705\" data-element_type=\"widget\" data-e-type=\"widget\" data-widget_type=\"text-editor.default\">\n\t\t\t\t<div class=\"elementor-widget-container\">\n\t\t\t\t\t\t\t\t\t<h1>Erleben Sie einen Tag bei Children First mit Ihrem Kind (2 bis 4-Jahre):<\/h1><p><br \/><b>Der zweisprachige Kindergartentag beginnt um 9 Uhr.<\/b><\/p><ul style=\"margin-bottom: 1em;\"><li><span style=\"font-weight: 400;\">Wir bilden einen Morgenkreis auf Englisch oder Deutsch: Die erste Gruppenstunde des Tages: Wir singen und \u00fcben das Zuh\u00f6ren, Sprechen und die Kommunikationsf\u00e4higkeiten, um das Verst\u00e4ndnis in einer strukturierten Gruppe zu entwickeln. Ein Thema kann den Kindern vorgestellt, eine Geschichte erz\u00e4hlt oder ein Spiel erkl\u00e4rt werden. Bei diesen t\u00e4glichen Treffen werden auch emotionale Probleme angesprochen, die die Gruppendynamik beeintr\u00e4chtigen &#8211; wie zum Beispiel\u00a0 die Ankunft eines neuen Geschwisters zu Hause.<\/span><\/li><li><span style=\"font-weight: 400;\">Zn\u00fcni: Wir essen gemeinsam Obst &#8211; Gemeinsames Essen ist eine wichtige Tradition und Teil des Lehrplans bei Children First.<\/span><\/li><li><span style=\"font-weight: 400;\">Spiel und Bewegung in unseren G\u00e4rten und speziell angelegten Spielpl\u00e4tzen<\/span><\/li><\/ul><p><span style=\"font-weight: 400;\">Dann folgt das gemeinsame Mittagessen und eine stille Zeit bis<\/span><\/p><p><span style=\"font-weight: 400;\">13.30 Uhr.<\/span><\/p><p><b>Der Kindergartentag geht nach dem Zmittag und der Ruhezeit weiter:<\/b><\/p><ul style=\"margin-bottom: 1em;\"><li><span style=\"font-weight: 400;\">Nachmittagsunterricht mit individuellem Sprachunterricht und Gruppenaktivit\u00e4ten.<\/span><\/li><li><span style=\"font-weight: 400;\">Zvieri: Um ca. 15.30 Uhr treffen sich alle Kinder zu einem gemeinsamen Montessori-Snack, der meist herzhaft ist.<\/span><\/li><li><span style=\"font-weight: 400;\">Nach der Schule: Fachunterricht, individuelle Aktivit\u00e4ten oder angeleitetes Spielen im Freien unter qualifizierter Aufsicht von Erwachsenen.<\/span><\/li><\/ul><p><b>Die Abholzeit ist zwischen 17 und 18 Uhr.<\/b><\/p>\t\t\t\t\t\t\t\t<\/div>\n\t\t\t\t<\/div>\n\t\t\t\t<\/div>\n\t\t\t\t<\/div>\n\t\t\t\t\t<\/div>\n\t\t\t\t<\/div>\n\t\t\t\t<\/div>\n\t\t","protected":false},"excerpt":{"rendered":"<p>Ein Tag bei CF Erleben Sie einen Tag bei Children First mit Ihrem Kind (2 bis 4-Jahre): Der zweisprachige Kindergartentag beginnt um 9 Uhr. Wir bilden einen Morgenkreis auf Englisch oder Deutsch: Die erste Gruppenstunde des Tages: Wir singen und \u00fcben das Zuh\u00f6ren, Sprechen und die Kommunikationsf\u00e4higkeiten, um das Verst\u00e4ndnis in einer strukturierten Gruppe zu [&hellip;]<\/p>\n","protected":false},"author":1,"featured_media":0,"comment_status":"closed","ping_status":"closed","sticky":false,"template":"","format":"standard","meta":{"_acf_changed":false,"footnotes":""},"categories":[4],"tags":[],"class_list":["post-4646","post","type-post","status-publish","format-standard","hentry","category-unkategorisiert"],"acf":[],"yoast_head":"<!-- This site is optimized with the Yoast SEO plugin v28.2 - https:\/\/yoast.com\/product\/yoast-seo-wordpress\/ -->\n<title>Ein Tag bei CF - Children First<\/title>\n<meta name=\"robots\" content=\"index, follow, max-snippet:-1, max-image-preview:large, max-video-preview:-1\" \/>\n<link rel=\"canonical\" href=\"https:\/\/www.childrenfirst.ch\/de\/ein-tag-bei-cf\/\" \/>\n<meta property=\"og:locale\" content=\"de_DE\" \/>\n<meta property=\"og:type\" content=\"article\" \/>\n<meta property=\"og:title\" content=\"Ein Tag bei CF - Children First\" \/>\n<meta property=\"og:description\" content=\"Ein Tag bei CF Erleben Sie einen Tag bei Children First mit Ihrem Kind (2 bis 4-Jahre): Der zweisprachige Kindergartentag beginnt um 9 Uhr. Wir bilden einen Morgenkreis auf Englisch oder Deutsch: Die erste Gruppenstunde des Tages: Wir singen und \u00fcben das Zuh\u00f6ren, Sprechen und die Kommunikationsf\u00e4higkeiten, um das Verst\u00e4ndnis in einer strukturierten Gruppe zu [&hellip;]\" \/>\n<meta property=\"og:url\" content=\"https:\/\/www.childrenfirst.ch\/de\/ein-tag-bei-cf\/\" \/>\n<meta property=\"og:site_name\" content=\"Children First\" \/>\n<meta property=\"article:published_time\" content=\"2025-01-27T03:36:19+00:00\" \/>\n<meta property=\"article:modified_time\" content=\"2025-02-28T08:23:59+00:00\" \/>\n<meta property=\"og:image\" content=\"https:\/\/www.childrenfirst.ch\/wp-content\/uploads\/2024\/06\/josh-applegate-p_KJvKVsH14-unsplash-scaled.jpg\" \/>\n\t<meta property=\"og:image:width\" content=\"2560\" \/>\n\t<meta property=\"og:image:height\" content=\"1707\" \/>\n\t<meta property=\"og:image:type\" content=\"image\/jpeg\" \/>\n<meta name=\"author\" content=\"admin\" \/>\n<meta name=\"twitter:card\" content=\"summary_large_image\" \/>\n<meta name=\"twitter:label1\" content=\"Verfasst von\" \/>\n\t<meta name=\"twitter:data1\" content=\"admin\" \/>\n\t<meta name=\"twitter:label2\" content=\"Gesch\u00e4tzte Lesezeit\" \/>\n\t<meta name=\"twitter:data2\" content=\"2\u00a0Minuten\" \/>\n<script type=\"application\/ld+json\" class=\"yoast-schema-graph\">{\"@context\":\"https:\\\/\\\/schema.org\",\"@graph\":[{\"@type\":\"Article\",\"@id\":\"https:\\\/\\\/www.childrenfirst.ch\\\/de\\\/ein-tag-bei-cf\\\/#article\",\"isPartOf\":{\"@id\":\"https:\\\/\\\/www.childrenfirst.ch\\\/de\\\/ein-tag-bei-cf\\\/\"},\"author\":{\"name\":\"admin\",\"@id\":\"https:\\\/\\\/www.childrenfirst.ch\\\/de\\\/#\\\/schema\\\/person\\\/a832af17dfc90d660f31f3157233c9fb\"},\"headline\":\"Ein Tag bei CF\",\"datePublished\":\"2025-01-27T03:36:19+00:00\",\"dateModified\":\"2025-02-28T08:23:59+00:00\",\"mainEntityOfPage\":{\"@id\":\"https:\\\/\\\/www.childrenfirst.ch\\\/de\\\/ein-tag-bei-cf\\\/\"},\"wordCount\":202,\"publisher\":{\"@id\":\"https:\\\/\\\/www.childrenfirst.ch\\\/de\\\/#organization\"},\"articleSection\":[\"Unkategorisiert\"],\"inLanguage\":\"de\"},{\"@type\":\"WebPage\",\"@id\":\"https:\\\/\\\/www.childrenfirst.ch\\\/de\\\/ein-tag-bei-cf\\\/\",\"url\":\"https:\\\/\\\/www.childrenfirst.ch\\\/de\\\/ein-tag-bei-cf\\\/\",\"name\":\"Ein Tag bei CF - Children First\",\"isPartOf\":{\"@id\":\"https:\\\/\\\/www.childrenfirst.ch\\\/de\\\/#website\"},\"datePublished\":\"2025-01-27T03:36:19+00:00\",\"dateModified\":\"2025-02-28T08:23:59+00:00\",\"breadcrumb\":{\"@id\":\"https:\\\/\\\/www.childrenfirst.ch\\\/de\\\/ein-tag-bei-cf\\\/#breadcrumb\"},\"inLanguage\":\"de\",\"potentialAction\":[{\"@type\":\"ReadAction\",\"target\":[\"https:\\\/\\\/www.childrenfirst.ch\\\/de\\\/ein-tag-bei-cf\\\/\"]}]},{\"@type\":\"BreadcrumbList\",\"@id\":\"https:\\\/\\\/www.childrenfirst.ch\\\/de\\\/ein-tag-bei-cf\\\/#breadcrumb\",\"itemListElement\":[{\"@type\":\"ListItem\",\"position\":1,\"name\":\"Home\",\"item\":\"https:\\\/\\\/www.childrenfirst.ch\\\/de\\\/\"},{\"@type\":\"ListItem\",\"position\":2,\"name\":\"Ein Tag bei CF\"}]},{\"@type\":\"WebSite\",\"@id\":\"https:\\\/\\\/www.childrenfirst.ch\\\/de\\\/#website\",\"url\":\"https:\\\/\\\/www.childrenfirst.ch\\\/de\\\/\",\"name\":\"Children First\",\"description\":\"International daycare, preschool and kindergarten\",\"publisher\":{\"@id\":\"https:\\\/\\\/www.childrenfirst.ch\\\/de\\\/#organization\"},\"potentialAction\":[{\"@type\":\"SearchAction\",\"target\":{\"@type\":\"EntryPoint\",\"urlTemplate\":\"https:\\\/\\\/www.childrenfirst.ch\\\/de\\\/?s={search_term_string}\"},\"query-input\":{\"@type\":\"PropertyValueSpecification\",\"valueRequired\":true,\"valueName\":\"search_term_string\"}}],\"inLanguage\":\"de\"},{\"@type\":\"Organization\",\"@id\":\"https:\\\/\\\/www.childrenfirst.ch\\\/de\\\/#organization\",\"name\":\"Children First\",\"url\":\"https:\\\/\\\/www.childrenfirst.ch\\\/de\\\/\",\"logo\":{\"@type\":\"ImageObject\",\"inLanguage\":\"de\",\"@id\":\"https:\\\/\\\/www.childrenfirst.ch\\\/de\\\/#\\\/schema\\\/logo\\\/image\\\/\",\"url\":\"https:\\\/\\\/www.childrenfirst.ch\\\/wp-content\\\/uploads\\\/2024\\\/12\\\/logo-1.png\",\"contentUrl\":\"https:\\\/\\\/www.childrenfirst.ch\\\/wp-content\\\/uploads\\\/2024\\\/12\\\/logo-1.png\",\"width\":305,\"height\":82,\"caption\":\"Children First\"},\"image\":{\"@id\":\"https:\\\/\\\/www.childrenfirst.ch\\\/de\\\/#\\\/schema\\\/logo\\\/image\\\/\"}},{\"@type\":\"Person\",\"@id\":\"https:\\\/\\\/www.childrenfirst.ch\\\/de\\\/#\\\/schema\\\/person\\\/a832af17dfc90d660f31f3157233c9fb\",\"name\":\"admin\",\"image\":{\"@type\":\"ImageObject\",\"inLanguage\":\"de\",\"@id\":\"https:\\\/\\\/secure.gravatar.com\\\/avatar\\\/530c0b7176af0851ac965188da35d9c62dcefbfc429a0cd148df5cec3e2abc82?s=96&d=mm&r=g\",\"url\":\"https:\\\/\\\/secure.gravatar.com\\\/avatar\\\/530c0b7176af0851ac965188da35d9c62dcefbfc429a0cd148df5cec3e2abc82?s=96&d=mm&r=g\",\"contentUrl\":\"https:\\\/\\\/secure.gravatar.com\\\/avatar\\\/530c0b7176af0851ac965188da35d9c62dcefbfc429a0cd148df5cec3e2abc82?s=96&d=mm&r=g\",\"caption\":\"admin\"},\"url\":\"https:\\\/\\\/www.childrenfirst.ch\\\/de\\\/author\\\/mauricio\\\/\"}]}<\/script>\n<!-- \/ Yoast SEO plugin. -->","yoast_head_json":{"title":"Ein Tag bei CF - Children First","robots":{"index":"index","follow":"follow","max-snippet":"max-snippet:-1","max-image-preview":"max-image-preview:large","max-video-preview":"max-video-preview:-1"},"canonical":"https:\/\/www.childrenfirst.ch\/de\/ein-tag-bei-cf\/","og_locale":"de_DE","og_type":"article","og_title":"Ein Tag bei CF - Children First","og_description":"Ein Tag bei CF Erleben Sie einen Tag bei Children First mit Ihrem Kind (2 bis 4-Jahre): Der zweisprachige Kindergartentag beginnt um 9 Uhr. Wir bilden einen Morgenkreis auf Englisch oder Deutsch: Die erste Gruppenstunde des Tages: Wir singen und \u00fcben das Zuh\u00f6ren, Sprechen und die Kommunikationsf\u00e4higkeiten, um das Verst\u00e4ndnis in einer strukturierten Gruppe zu [&hellip;]","og_url":"https:\/\/www.childrenfirst.ch\/de\/ein-tag-bei-cf\/","og_site_name":"Children First","article_published_time":"2025-01-27T03:36:19+00:00","article_modified_time":"2025-02-28T08:23:59+00:00","og_image":[{"width":2560,"height":1707,"url":"https:\/\/www.childrenfirst.ch\/wp-content\/uploads\/2024\/06\/josh-applegate-p_KJvKVsH14-unsplash-scaled.jpg","type":"image\/jpeg"}],"author":"admin","twitter_card":"summary_large_image","twitter_misc":{"Verfasst von":"admin","Gesch\u00e4tzte Lesezeit":"2\u00a0Minuten"},"schema":{"@context":"https:\/\/schema.org","@graph":[{"@type":"Article","@id":"https:\/\/www.childrenfirst.ch\/de\/ein-tag-bei-cf\/#article","isPartOf":{"@id":"https:\/\/www.childrenfirst.ch\/de\/ein-tag-bei-cf\/"},"author":{"name":"admin","@id":"https:\/\/www.childrenfirst.ch\/de\/#\/schema\/person\/a832af17dfc90d660f31f3157233c9fb"},"headline":"Ein Tag bei CF","datePublished":"2025-01-27T03:36:19+00:00","dateModified":"2025-02-28T08:23:59+00:00","mainEntityOfPage":{"@id":"https:\/\/www.childrenfirst.ch\/de\/ein-tag-bei-cf\/"},"wordCount":202,"publisher":{"@id":"https:\/\/www.childrenfirst.ch\/de\/#organization"},"articleSection":["Unkategorisiert"],"inLanguage":"de"},{"@type":"WebPage","@id":"https:\/\/www.childrenfirst.ch\/de\/ein-tag-bei-cf\/","url":"https:\/\/www.childrenfirst.ch\/de\/ein-tag-bei-cf\/","name":"Ein Tag bei CF - Children First","isPartOf":{"@id":"https:\/\/www.childrenfirst.ch\/de\/#website"},"datePublished":"2025-01-27T03:36:19+00:00","dateModified":"2025-02-28T08:23:59+00:00","breadcrumb":{"@id":"https:\/\/www.childrenfirst.ch\/de\/ein-tag-bei-cf\/#breadcrumb"},"inLanguage":"de","potentialAction":[{"@type":"ReadAction","target":["https:\/\/www.childrenfirst.ch\/de\/ein-tag-bei-cf\/"]}]},{"@type":"BreadcrumbList","@id":"https:\/\/www.childrenfirst.ch\/de\/ein-tag-bei-cf\/#breadcrumb","itemListElement":[{"@type":"ListItem","position":1,"name":"Home","item":"https:\/\/www.childrenfirst.ch\/de\/"},{"@type":"ListItem","position":2,"name":"Ein Tag bei CF"}]},{"@type":"WebSite","@id":"https:\/\/www.childrenfirst.ch\/de\/#website","url":"https:\/\/www.childrenfirst.ch\/de\/","name":"Children First","description":"International daycare, preschool and kindergarten","publisher":{"@id":"https:\/\/www.childrenfirst.ch\/de\/#organization"},"potentialAction":[{"@type":"SearchAction","target":{"@type":"EntryPoint","urlTemplate":"https:\/\/www.childrenfirst.ch\/de\/?s={search_term_string}"},"query-input":{"@type":"PropertyValueSpecification","valueRequired":true,"valueName":"search_term_string"}}],"inLanguage":"de"},{"@type":"Organization","@id":"https:\/\/www.childrenfirst.ch\/de\/#organization","name":"Children First","url":"https:\/\/www.childrenfirst.ch\/de\/","logo":{"@type":"ImageObject","inLanguage":"de","@id":"https:\/\/www.childrenfirst.ch\/de\/#\/schema\/logo\/image\/","url":"https:\/\/www.childrenfirst.ch\/wp-content\/uploads\/2024\/12\/logo-1.png","contentUrl":"https:\/\/www.childrenfirst.ch\/wp-content\/uploads\/2024\/12\/logo-1.png","width":305,"height":82,"caption":"Children First"},"image":{"@id":"https:\/\/www.childrenfirst.ch\/de\/#\/schema\/logo\/image\/"}},{"@type":"Person","@id":"https:\/\/www.childrenfirst.ch\/de\/#\/schema\/person\/a832af17dfc90d660f31f3157233c9fb","name":"admin","image":{"@type":"ImageObject","inLanguage":"de","@id":"https:\/\/secure.gravatar.com\/avatar\/530c0b7176af0851ac965188da35d9c62dcefbfc429a0cd148df5cec3e2abc82?s=96&d=mm&r=g","url":"https:\/\/secure.gravatar.com\/avatar\/530c0b7176af0851ac965188da35d9c62dcefbfc429a0cd148df5cec3e2abc82?s=96&d=mm&r=g","contentUrl":"https:\/\/secure.gravatar.com\/avatar\/530c0b7176af0851ac965188da35d9c62dcefbfc429a0cd148df5cec3e2abc82?s=96&d=mm&r=g","caption":"admin"},"url":"https:\/\/www.childrenfirst.ch\/de\/author\/mauricio\/"}]}},"_links":{"self":[{"href":"https:\/\/www.childrenfirst.ch\/de\/wp-json\/wp\/v2\/posts\/4646","targetHints":{"allow":["GET"]}}],"collection":[{"href":"https:\/\/www.childrenfirst.ch\/de\/wp-json\/wp\/v2\/posts"}],"about":[{"href":"https:\/\/www.childrenfirst.ch\/de\/wp-json\/wp\/v2\/types\/post"}],"author":[{"embeddable":true,"href":"https:\/\/www.childrenfirst.ch\/de\/wp-json\/wp\/v2\/users\/1"}],"replies":[{"embeddable":true,"href":"https:\/\/www.childrenfirst.ch\/de\/wp-json\/wp\/v2\/comments?post=4646"}],"version-history":[{"count":8,"href":"https:\/\/www.childrenfirst.ch\/de\/wp-json\/wp\/v2\/posts\/4646\/revisions"}],"predecessor-version":[{"id":6225,"href":"https:\/\/www.childrenfirst.ch\/de\/wp-json\/wp\/v2\/posts\/4646\/revisions\/6225"}],"wp:attachment":[{"href":"https:\/\/www.childrenfirst.ch\/de\/wp-json\/wp\/v2\/media?parent=4646"}],"wp:term":[{"taxonomy":"category","embeddable":true,"href":"https:\/\/www.childrenfirst.ch\/de\/wp-json\/wp\/v2\/categories?post=4646"},{"taxonomy":"post_tag","embeddable":true,"href":"https:\/\/www.childrenfirst.ch\/de\/wp-json\/wp\/v2\/tags?post=4646"}],"curies":[{"name":"wp","href":"https:\/\/api.w.org\/{rel}","templated":true}]}}