{"id":4554,"date":"2025-01-26T03:57:26","date_gmt":"2025-01-26T03:57:26","guid":{"rendered":"https:\/\/www.childrenfirst.ch\/es-gibt-kein-schlechtes-wetter-kopieren\/"},"modified":"2025-02-28T08:28:55","modified_gmt":"2025-02-28T08:28:55","slug":"es-gibt-kein-schlechtes-wetter-kopieren","status":"publish","type":"post","link":"https:\/\/www.childrenfirst.ch\/de\/es-gibt-kein-schlechtes-wetter-kopieren\/","title":{"rendered":"Generations\u00fcbergreifendes Lernen"},"content":{"rendered":"\t\t<div data-elementor-type=\"wp-post\" data-elementor-id=\"4554\" class=\"elementor elementor-4554 elementor-4546\" data-elementor-post-type=\"post\">\n\t\t\t\t<div class=\"elementor-element elementor-element-7f33c79b relative-section e-flex e-con-boxed e-con e-parent\" data-id=\"7f33c79b\" data-element_type=\"container\" data-e-type=\"container\">\n\t\t\t\t\t<div class=\"e-con-inner\">\n\t\t<div class=\"elementor-element elementor-element-60ff7ff9 e-con-full e-flex e-con e-child\" data-id=\"60ff7ff9\" data-element_type=\"container\" data-e-type=\"container\" data-settings=\"{&quot;background_background&quot;:&quot;classic&quot;}\">\n\t\t<div class=\"elementor-element elementor-element-600a23a4 e-con-full e-flex e-con e-child\" data-id=\"600a23a4\" data-element_type=\"container\" data-e-type=\"container\" data-settings=\"{&quot;background_background&quot;:&quot;classic&quot;}\">\n\t\t<div class=\"elementor-element elementor-element-7091c7be e-con-full e-flex e-con e-child\" data-id=\"7091c7be\" data-element_type=\"container\" data-e-type=\"container\" data-settings=\"{&quot;background_background&quot;:&quot;classic&quot;}\">\n\t\t\t\t<div class=\"elementor-element elementor-element-2778f74 elementor-widget elementor-widget-image\" data-id=\"2778f74\" data-element_type=\"widget\" data-e-type=\"widget\" data-widget_type=\"image.default\">\n\t\t\t\t<div class=\"elementor-widget-container\">\n\t\t\t\t\t\t\t\t\t\t\t\t\t\t\t<img decoding=\"async\" src=\"https:\/\/www.childrenfirst.ch\/wp-content\/uploads\/elementor\/thumbs\/Snow--e1739267221688-r1cdluvfz5767yaseng0tgnxq31rwdvc2yiq53r734.jpg\" title=\"Snow\" alt=\"Snow\" loading=\"lazy\" \/>\t\t\t\t\t\t\t\t\t\t\t\t\t\t\t<\/div>\n\t\t\t\t<\/div>\n\t\t\t\t<\/div>\n\t\t\t\t<\/div>\n\t\t\t\t<\/div>\n\t\t<div class=\"elementor-element elementor-element-6c4fedee e-con-full e-flex e-con e-child\" data-id=\"6c4fedee\" data-element_type=\"container\" data-e-type=\"container\" data-settings=\"{&quot;background_background&quot;:&quot;classic&quot;}\">\n\t\t<div class=\"elementor-element elementor-element-75aa4d3 e-con-full e-flex e-con e-child\" data-id=\"75aa4d3\" data-element_type=\"container\" data-e-type=\"container\" data-settings=\"{&quot;background_background&quot;:&quot;classic&quot;}\">\n\t\t\t\t<div class=\"elementor-element elementor-element-ed81f11 elementor-widget elementor-widget-heading\" data-id=\"ed81f11\" data-element_type=\"widget\" data-e-type=\"widget\" data-widget_type=\"heading.default\">\n\t\t\t\t<div class=\"elementor-widget-container\">\n\t\t\t\t\t<h1 class=\"elementor-heading-title elementor-size-default\">Generations\u00fcbergreifendes Lernen<\/h1>\t\t\t\t<\/div>\n\t\t\t\t<\/div>\n\t\t\t\t<div class=\"elementor-element elementor-element-514fb034 elementor-widget elementor-widget-text-editor\" data-id=\"514fb034\" data-element_type=\"widget\" data-e-type=\"widget\" data-widget_type=\"text-editor.default\">\n\t\t\t\t<div class=\"elementor-widget-container\">\n\t\t\t\t\t\t\t\t\t<p>W\u00e4hrend unserer Besuche im letzten Schuljahr hatten die Kinder und die Bewohner viel Spa\u00df bei Kunstprojekten, Musik und Handwerk. Einer der H\u00f6hepunkte war das Kennenlernen der bolivianischen Gitarre namens Charango. Ein Bewohner hatte sie mitgebracht, als er als junger Mann in die Schweiz eingewandert war, und spielt sie jetzt, in seinen sp\u00e4teren Lebensjahren, immer noch regelm\u00e4\u00dfig f\u00fcr Freunde und Besucher. Er teilte einige Lieder mit uns und die Kinder hatten die Gelegenheit, es selbst zu versuchen. Wir hatten auch das Vergn\u00fcgen, eine wunderbare Frau zu treffen, die in ihren fr\u00fcheren Jahren Lehrerin war. Sie war \u00fcbergl\u00fccklich, Zeit mit den kleinen Kindern zu verbringen, ihr Lachen und ihre Energie zu teilen, und es war klar, wie viel ihr diese Verbindung bedeutete. Ihr L\u00e4cheln und ihre Herzlichkeit machten die Erfahrung f\u00fcr alle Beteiligten zu etwas ganz Besonderem.      <\/p>\n<p>Der Austausch soll das Verst\u00e4ndnis f\u00fcr die Bed\u00fcrfnisse der \u00e4lteren Menschen sowie die sozialen und sprachlichen F\u00e4higkeiten der Kinder f\u00f6rdern. Das generationen\u00fcbergreifende Lernen basiert auf dem doppelten Nutzen, den es sowohl den Bewohnern der Pflegeheime als auch den beteiligten Kindern bietet. <\/p>\n<p>Gemeinschaften, die sich f\u00fcr generationen\u00fcbergreifendes Lernen einsetzen, haben in der Regel st\u00e4rkere soziale Bindungen. Es f\u00f6rdert das Gef\u00fchl der Solidarit\u00e4t, des gegenseitigen Respekts und des gemeinsamen Ziels zwischen den verschiedenen Altersgruppen und macht die Gemeinschaften widerstandsf\u00e4higer gegen\u00fcber Herausforderungen. <\/p>\n<p>Es st\u00e4rkt nicht nur das Gef\u00fcge von Gemeinschaften, sondern f\u00f6rdert auch einen kontinuierlichen Kreislauf des Lernens und der Entwicklung, der sich \u00fcber das ganze Leben erstreckt.<\/p>\n<p>Wir bei Children First waren stolz darauf, 2024 mit unserer Gastlehrerin aus Cambridge Fenella Symes Pionierarbeit f\u00fcr dieses Programm geleistet zu haben und freuen uns jedes Jahr auf weitere Besuche in Heimen.<\/p>\n\t\t\t\t\t\t\t\t<\/div>\n\t\t\t\t<\/div>\n\t\t\t\t<div class=\"elementor-element elementor-element-819fb7d elementor-widget elementor-widget-image\" data-id=\"819fb7d\" data-element_type=\"widget\" data-e-type=\"widget\" data-widget_type=\"image.default\">\n\t\t\t\t<div class=\"elementor-widget-container\">\n\t\t\t\t\t\t\t\t\t\t\t\t\t\t\t<img fetchpriority=\"high\" decoding=\"async\" width=\"512\" height=\"254\" src=\"https:\/\/www.childrenfirst.ch\/wp-content\/uploads\/2025\/01\/unnamed.jpg\" class=\"attachment-full size-full wp-image-4549\" alt=\"\" srcset=\"https:\/\/www.childrenfirst.ch\/wp-content\/uploads\/2025\/01\/unnamed.jpg 512w, https:\/\/www.childrenfirst.ch\/wp-content\/uploads\/2025\/01\/unnamed-300x149.jpg 300w\" sizes=\"(max-width: 512px) 100vw, 512px\" \/>\t\t\t\t\t\t\t\t\t\t\t\t\t\t\t<\/div>\n\t\t\t\t<\/div>\n\t\t\t\t<div class=\"elementor-element elementor-element-20615c4 elementor-widget elementor-widget-text-editor\" data-id=\"20615c4\" data-element_type=\"widget\" data-e-type=\"widget\" data-widget_type=\"text-editor.default\">\n\t\t\t\t<div class=\"elementor-widget-container\">\n\t\t\t\t\t\t\t\t\t<p>Der Austausch soll das Verst\u00e4ndnis f\u00fcr die Bed\u00fcrfnisse der \u00e4lteren Menschen sowie die sozialen und sprachlichen F\u00e4higkeiten der Kinder f\u00f6rdern. Das generationen\u00fcbergreifende Lernen basiert auf dem doppelten Nutzen, den es sowohl den Bewohnern der Pflegeheime als auch den beteiligten Kindern bietet. <\/p>\n<p>Gemeinschaften, die sich f\u00fcr generationen\u00fcbergreifendes Lernen einsetzen, haben in der Regel st\u00e4rkere soziale Bindungen. Es f\u00f6rdert das Gef\u00fchl der Solidarit\u00e4t, des gegenseitigen Respekts und des gemeinsamen Ziels zwischen den verschiedenen Altersgruppen und macht die Gemeinschaften widerstandsf\u00e4higer gegen\u00fcber Herausforderungen. <\/p>\n<p>Es st\u00e4rkt nicht nur das Gef\u00fcge von Gemeinschaften, sondern f\u00f6rdert auch einen kontinuierlichen Kreislauf des Lernens und der Entwicklung, der sich \u00fcber das ganze Leben erstreckt.<\/p>\n<p>Wir bei Children First waren stolz darauf, 2024 mit unserer Gastlehrerin aus Cambridge Fenella Symes Pionierarbeit f\u00fcr dieses Programm geleistet zu haben und freuen uns jedes Jahr auf weitere Besuche in Heimen.<\/p>\n\t\t\t\t\t\t\t\t<\/div>\n\t\t\t\t<\/div>\n\t\t\t\t<\/div>\n\t\t\t\t<\/div>\n\t\t\t\t\t<\/div>\n\t\t\t\t<\/div>\n\t\t\t\t<\/div>\n\t\t","protected":false},"excerpt":{"rendered":"<p>Children First f\u00f6rdert in Zusammenarbeit mit \u00f6rtlichen Pflegeheimen die spielerische Interaktion mit Schwerpunkt auf Beziehungsentwicklung, Sprache und Spiel.  <\/p>\n","protected":false},"author":1,"featured_media":5142,"comment_status":"closed","ping_status":"closed","sticky":false,"template":"","format":"standard","meta":{"_acf_changed":false,"footnotes":""},"categories":[22],"tags":[],"class_list":["post-4554","post","type-post","status-publish","format-standard","has-post-thumbnail","hentry","category-gemeinschaft"],"acf":[],"yoast_head":"<!-- This site is optimized with the Yoast SEO plugin v28.2 - https:\/\/yoast.com\/product\/yoast-seo-wordpress\/ -->\n<title>Generations\u00fcbergreifendes Lernen - Children First<\/title>\n<meta name=\"robots\" content=\"index, follow, max-snippet:-1, max-image-preview:large, max-video-preview:-1\" \/>\n<link rel=\"canonical\" href=\"https:\/\/www.childrenfirst.ch\/de\/es-gibt-kein-schlechtes-wetter-kopieren\/\" \/>\n<meta property=\"og:locale\" content=\"de_DE\" \/>\n<meta property=\"og:type\" content=\"article\" \/>\n<meta property=\"og:title\" content=\"Generations\u00fcbergreifendes Lernen - Children First\" \/>\n<meta property=\"og:description\" content=\"Children First f\u00f6rdert in Zusammenarbeit mit \u00f6rtlichen Pflegeheimen die spielerische Interaktion mit Schwerpunkt auf Beziehungsentwicklung, Sprache und Spiel.\" \/>\n<meta property=\"og:url\" content=\"https:\/\/www.childrenfirst.ch\/de\/es-gibt-kein-schlechtes-wetter-kopieren\/\" \/>\n<meta property=\"og:site_name\" content=\"Children First\" \/>\n<meta property=\"article:published_time\" content=\"2025-01-26T03:57:26+00:00\" \/>\n<meta property=\"article:modified_time\" content=\"2025-02-28T08:28:55+00:00\" \/>\n<meta property=\"og:image\" content=\"https:\/\/www.childrenfirst.ch\/wp-content\/uploads\/2025\/01\/Intergenerational-Learning-e1738203576448.jpg\" \/>\n\t<meta property=\"og:image:width\" content=\"300\" \/>\n\t<meta property=\"og:image:height\" content=\"210\" \/>\n\t<meta property=\"og:image:type\" content=\"image\/jpeg\" \/>\n<meta name=\"author\" content=\"admin\" \/>\n<meta name=\"twitter:card\" content=\"summary_large_image\" \/>\n<meta name=\"twitter:label1\" content=\"Verfasst von\" \/>\n\t<meta name=\"twitter:data1\" content=\"admin\" \/>\n\t<meta name=\"twitter:label2\" content=\"Gesch\u00e4tzte Lesezeit\" \/>\n\t<meta name=\"twitter:data2\" content=\"3\u00a0Minuten\" \/>\n<script type=\"application\/ld+json\" class=\"yoast-schema-graph\">{\"@context\":\"https:\\\/\\\/schema.org\",\"@graph\":[{\"@type\":\"Article\",\"@id\":\"https:\\\/\\\/www.childrenfirst.ch\\\/de\\\/es-gibt-kein-schlechtes-wetter-kopieren\\\/#article\",\"isPartOf\":{\"@id\":\"https:\\\/\\\/www.childrenfirst.ch\\\/de\\\/es-gibt-kein-schlechtes-wetter-kopieren\\\/\"},\"author\":{\"name\":\"admin\",\"@id\":\"https:\\\/\\\/www.childrenfirst.ch\\\/de\\\/#\\\/schema\\\/person\\\/a832af17dfc90d660f31f3157233c9fb\"},\"headline\":\"Generations\u00fcbergreifendes Lernen\",\"datePublished\":\"2025-01-26T03:57:26+00:00\",\"dateModified\":\"2025-02-28T08:28:55+00:00\",\"mainEntityOfPage\":{\"@id\":\"https:\\\/\\\/www.childrenfirst.ch\\\/de\\\/es-gibt-kein-schlechtes-wetter-kopieren\\\/\"},\"wordCount\":459,\"publisher\":{\"@id\":\"https:\\\/\\\/www.childrenfirst.ch\\\/de\\\/#organization\"},\"image\":{\"@id\":\"https:\\\/\\\/www.childrenfirst.ch\\\/de\\\/es-gibt-kein-schlechtes-wetter-kopieren\\\/#primaryimage\"},\"thumbnailUrl\":\"https:\\\/\\\/www.childrenfirst.ch\\\/wp-content\\\/uploads\\\/2025\\\/01\\\/Intergenerational-Learning-e1738203576448.jpg\",\"articleSection\":[\"Gemeinschaft\"],\"inLanguage\":\"de\"},{\"@type\":\"WebPage\",\"@id\":\"https:\\\/\\\/www.childrenfirst.ch\\\/de\\\/es-gibt-kein-schlechtes-wetter-kopieren\\\/\",\"url\":\"https:\\\/\\\/www.childrenfirst.ch\\\/de\\\/es-gibt-kein-schlechtes-wetter-kopieren\\\/\",\"name\":\"Generations\u00fcbergreifendes Lernen - Children First\",\"isPartOf\":{\"@id\":\"https:\\\/\\\/www.childrenfirst.ch\\\/de\\\/#website\"},\"primaryImageOfPage\":{\"@id\":\"https:\\\/\\\/www.childrenfirst.ch\\\/de\\\/es-gibt-kein-schlechtes-wetter-kopieren\\\/#primaryimage\"},\"image\":{\"@id\":\"https:\\\/\\\/www.childrenfirst.ch\\\/de\\\/es-gibt-kein-schlechtes-wetter-kopieren\\\/#primaryimage\"},\"thumbnailUrl\":\"https:\\\/\\\/www.childrenfirst.ch\\\/wp-content\\\/uploads\\\/2025\\\/01\\\/Intergenerational-Learning-e1738203576448.jpg\",\"datePublished\":\"2025-01-26T03:57:26+00:00\",\"dateModified\":\"2025-02-28T08:28:55+00:00\",\"breadcrumb\":{\"@id\":\"https:\\\/\\\/www.childrenfirst.ch\\\/de\\\/es-gibt-kein-schlechtes-wetter-kopieren\\\/#breadcrumb\"},\"inLanguage\":\"de\",\"potentialAction\":[{\"@type\":\"ReadAction\",\"target\":[\"https:\\\/\\\/www.childrenfirst.ch\\\/de\\\/es-gibt-kein-schlechtes-wetter-kopieren\\\/\"]}]},{\"@type\":\"ImageObject\",\"inLanguage\":\"de\",\"@id\":\"https:\\\/\\\/www.childrenfirst.ch\\\/de\\\/es-gibt-kein-schlechtes-wetter-kopieren\\\/#primaryimage\",\"url\":\"https:\\\/\\\/www.childrenfirst.ch\\\/wp-content\\\/uploads\\\/2025\\\/01\\\/Intergenerational-Learning-e1738203576448.jpg\",\"contentUrl\":\"https:\\\/\\\/www.childrenfirst.ch\\\/wp-content\\\/uploads\\\/2025\\\/01\\\/Intergenerational-Learning-e1738203576448.jpg\",\"width\":300,\"height\":210},{\"@type\":\"BreadcrumbList\",\"@id\":\"https:\\\/\\\/www.childrenfirst.ch\\\/de\\\/es-gibt-kein-schlechtes-wetter-kopieren\\\/#breadcrumb\",\"itemListElement\":[{\"@type\":\"ListItem\",\"position\":1,\"name\":\"Home\",\"item\":\"https:\\\/\\\/www.childrenfirst.ch\\\/de\\\/\"},{\"@type\":\"ListItem\",\"position\":2,\"name\":\"Generations\u00fcbergreifendes Lernen\"}]},{\"@type\":\"WebSite\",\"@id\":\"https:\\\/\\\/www.childrenfirst.ch\\\/de\\\/#website\",\"url\":\"https:\\\/\\\/www.childrenfirst.ch\\\/de\\\/\",\"name\":\"Children First\",\"description\":\"International daycare, preschool and kindergarten\",\"publisher\":{\"@id\":\"https:\\\/\\\/www.childrenfirst.ch\\\/de\\\/#organization\"},\"potentialAction\":[{\"@type\":\"SearchAction\",\"target\":{\"@type\":\"EntryPoint\",\"urlTemplate\":\"https:\\\/\\\/www.childrenfirst.ch\\\/de\\\/?s={search_term_string}\"},\"query-input\":{\"@type\":\"PropertyValueSpecification\",\"valueRequired\":true,\"valueName\":\"search_term_string\"}}],\"inLanguage\":\"de\"},{\"@type\":\"Organization\",\"@id\":\"https:\\\/\\\/www.childrenfirst.ch\\\/de\\\/#organization\",\"name\":\"Children First\",\"url\":\"https:\\\/\\\/www.childrenfirst.ch\\\/de\\\/\",\"logo\":{\"@type\":\"ImageObject\",\"inLanguage\":\"de\",\"@id\":\"https:\\\/\\\/www.childrenfirst.ch\\\/de\\\/#\\\/schema\\\/logo\\\/image\\\/\",\"url\":\"https:\\\/\\\/www.childrenfirst.ch\\\/wp-content\\\/uploads\\\/2024\\\/12\\\/logo-1.png\",\"contentUrl\":\"https:\\\/\\\/www.childrenfirst.ch\\\/wp-content\\\/uploads\\\/2024\\\/12\\\/logo-1.png\",\"width\":305,\"height\":82,\"caption\":\"Children First\"},\"image\":{\"@id\":\"https:\\\/\\\/www.childrenfirst.ch\\\/de\\\/#\\\/schema\\\/logo\\\/image\\\/\"}},{\"@type\":\"Person\",\"@id\":\"https:\\\/\\\/www.childrenfirst.ch\\\/de\\\/#\\\/schema\\\/person\\\/a832af17dfc90d660f31f3157233c9fb\",\"name\":\"admin\",\"image\":{\"@type\":\"ImageObject\",\"inLanguage\":\"de\",\"@id\":\"https:\\\/\\\/secure.gravatar.com\\\/avatar\\\/530c0b7176af0851ac965188da35d9c62dcefbfc429a0cd148df5cec3e2abc82?s=96&d=mm&r=g\",\"url\":\"https:\\\/\\\/secure.gravatar.com\\\/avatar\\\/530c0b7176af0851ac965188da35d9c62dcefbfc429a0cd148df5cec3e2abc82?s=96&d=mm&r=g\",\"contentUrl\":\"https:\\\/\\\/secure.gravatar.com\\\/avatar\\\/530c0b7176af0851ac965188da35d9c62dcefbfc429a0cd148df5cec3e2abc82?s=96&d=mm&r=g\",\"caption\":\"admin\"},\"url\":\"https:\\\/\\\/www.childrenfirst.ch\\\/de\\\/author\\\/mauricio\\\/\"}]}<\/script>\n<!-- \/ Yoast SEO plugin. -->","yoast_head_json":{"title":"Generations\u00fcbergreifendes Lernen - Children First","robots":{"index":"index","follow":"follow","max-snippet":"max-snippet:-1","max-image-preview":"max-image-preview:large","max-video-preview":"max-video-preview:-1"},"canonical":"https:\/\/www.childrenfirst.ch\/de\/es-gibt-kein-schlechtes-wetter-kopieren\/","og_locale":"de_DE","og_type":"article","og_title":"Generations\u00fcbergreifendes Lernen - Children First","og_description":"Children First f\u00f6rdert in Zusammenarbeit mit \u00f6rtlichen Pflegeheimen die spielerische Interaktion mit Schwerpunkt auf Beziehungsentwicklung, Sprache und Spiel.","og_url":"https:\/\/www.childrenfirst.ch\/de\/es-gibt-kein-schlechtes-wetter-kopieren\/","og_site_name":"Children First","article_published_time":"2025-01-26T03:57:26+00:00","article_modified_time":"2025-02-28T08:28:55+00:00","og_image":[{"width":300,"height":210,"url":"https:\/\/www.childrenfirst.ch\/wp-content\/uploads\/2025\/01\/Intergenerational-Learning-e1738203576448.jpg","type":"image\/jpeg"}],"author":"admin","twitter_card":"summary_large_image","twitter_misc":{"Verfasst von":"admin","Gesch\u00e4tzte Lesezeit":"3\u00a0Minuten"},"schema":{"@context":"https:\/\/schema.org","@graph":[{"@type":"Article","@id":"https:\/\/www.childrenfirst.ch\/de\/es-gibt-kein-schlechtes-wetter-kopieren\/#article","isPartOf":{"@id":"https:\/\/www.childrenfirst.ch\/de\/es-gibt-kein-schlechtes-wetter-kopieren\/"},"author":{"name":"admin","@id":"https:\/\/www.childrenfirst.ch\/de\/#\/schema\/person\/a832af17dfc90d660f31f3157233c9fb"},"headline":"Generations\u00fcbergreifendes Lernen","datePublished":"2025-01-26T03:57:26+00:00","dateModified":"2025-02-28T08:28:55+00:00","mainEntityOfPage":{"@id":"https:\/\/www.childrenfirst.ch\/de\/es-gibt-kein-schlechtes-wetter-kopieren\/"},"wordCount":459,"publisher":{"@id":"https:\/\/www.childrenfirst.ch\/de\/#organization"},"image":{"@id":"https:\/\/www.childrenfirst.ch\/de\/es-gibt-kein-schlechtes-wetter-kopieren\/#primaryimage"},"thumbnailUrl":"https:\/\/www.childrenfirst.ch\/wp-content\/uploads\/2025\/01\/Intergenerational-Learning-e1738203576448.jpg","articleSection":["Gemeinschaft"],"inLanguage":"de"},{"@type":"WebPage","@id":"https:\/\/www.childrenfirst.ch\/de\/es-gibt-kein-schlechtes-wetter-kopieren\/","url":"https:\/\/www.childrenfirst.ch\/de\/es-gibt-kein-schlechtes-wetter-kopieren\/","name":"Generations\u00fcbergreifendes Lernen - Children First","isPartOf":{"@id":"https:\/\/www.childrenfirst.ch\/de\/#website"},"primaryImageOfPage":{"@id":"https:\/\/www.childrenfirst.ch\/de\/es-gibt-kein-schlechtes-wetter-kopieren\/#primaryimage"},"image":{"@id":"https:\/\/www.childrenfirst.ch\/de\/es-gibt-kein-schlechtes-wetter-kopieren\/#primaryimage"},"thumbnailUrl":"https:\/\/www.childrenfirst.ch\/wp-content\/uploads\/2025\/01\/Intergenerational-Learning-e1738203576448.jpg","datePublished":"2025-01-26T03:57:26+00:00","dateModified":"2025-02-28T08:28:55+00:00","breadcrumb":{"@id":"https:\/\/www.childrenfirst.ch\/de\/es-gibt-kein-schlechtes-wetter-kopieren\/#breadcrumb"},"inLanguage":"de","potentialAction":[{"@type":"ReadAction","target":["https:\/\/www.childrenfirst.ch\/de\/es-gibt-kein-schlechtes-wetter-kopieren\/"]}]},{"@type":"ImageObject","inLanguage":"de","@id":"https:\/\/www.childrenfirst.ch\/de\/es-gibt-kein-schlechtes-wetter-kopieren\/#primaryimage","url":"https:\/\/www.childrenfirst.ch\/wp-content\/uploads\/2025\/01\/Intergenerational-Learning-e1738203576448.jpg","contentUrl":"https:\/\/www.childrenfirst.ch\/wp-content\/uploads\/2025\/01\/Intergenerational-Learning-e1738203576448.jpg","width":300,"height":210},{"@type":"BreadcrumbList","@id":"https:\/\/www.childrenfirst.ch\/de\/es-gibt-kein-schlechtes-wetter-kopieren\/#breadcrumb","itemListElement":[{"@type":"ListItem","position":1,"name":"Home","item":"https:\/\/www.childrenfirst.ch\/de\/"},{"@type":"ListItem","position":2,"name":"Generations\u00fcbergreifendes Lernen"}]},{"@type":"WebSite","@id":"https:\/\/www.childrenfirst.ch\/de\/#website","url":"https:\/\/www.childrenfirst.ch\/de\/","name":"Children First","description":"International daycare, preschool and kindergarten","publisher":{"@id":"https:\/\/www.childrenfirst.ch\/de\/#organization"},"potentialAction":[{"@type":"SearchAction","target":{"@type":"EntryPoint","urlTemplate":"https:\/\/www.childrenfirst.ch\/de\/?s={search_term_string}"},"query-input":{"@type":"PropertyValueSpecification","valueRequired":true,"valueName":"search_term_string"}}],"inLanguage":"de"},{"@type":"Organization","@id":"https:\/\/www.childrenfirst.ch\/de\/#organization","name":"Children First","url":"https:\/\/www.childrenfirst.ch\/de\/","logo":{"@type":"ImageObject","inLanguage":"de","@id":"https:\/\/www.childrenfirst.ch\/de\/#\/schema\/logo\/image\/","url":"https:\/\/www.childrenfirst.ch\/wp-content\/uploads\/2024\/12\/logo-1.png","contentUrl":"https:\/\/www.childrenfirst.ch\/wp-content\/uploads\/2024\/12\/logo-1.png","width":305,"height":82,"caption":"Children First"},"image":{"@id":"https:\/\/www.childrenfirst.ch\/de\/#\/schema\/logo\/image\/"}},{"@type":"Person","@id":"https:\/\/www.childrenfirst.ch\/de\/#\/schema\/person\/a832af17dfc90d660f31f3157233c9fb","name":"admin","image":{"@type":"ImageObject","inLanguage":"de","@id":"https:\/\/secure.gravatar.com\/avatar\/530c0b7176af0851ac965188da35d9c62dcefbfc429a0cd148df5cec3e2abc82?s=96&d=mm&r=g","url":"https:\/\/secure.gravatar.com\/avatar\/530c0b7176af0851ac965188da35d9c62dcefbfc429a0cd148df5cec3e2abc82?s=96&d=mm&r=g","contentUrl":"https:\/\/secure.gravatar.com\/avatar\/530c0b7176af0851ac965188da35d9c62dcefbfc429a0cd148df5cec3e2abc82?s=96&d=mm&r=g","caption":"admin"},"url":"https:\/\/www.childrenfirst.ch\/de\/author\/mauricio\/"}]}},"_links":{"self":[{"href":"https:\/\/www.childrenfirst.ch\/de\/wp-json\/wp\/v2\/posts\/4554","targetHints":{"allow":["GET"]}}],"collection":[{"href":"https:\/\/www.childrenfirst.ch\/de\/wp-json\/wp\/v2\/posts"}],"about":[{"href":"https:\/\/www.childrenfirst.ch\/de\/wp-json\/wp\/v2\/types\/post"}],"author":[{"embeddable":true,"href":"https:\/\/www.childrenfirst.ch\/de\/wp-json\/wp\/v2\/users\/1"}],"replies":[{"embeddable":true,"href":"https:\/\/www.childrenfirst.ch\/de\/wp-json\/wp\/v2\/comments?post=4554"}],"version-history":[{"count":6,"href":"https:\/\/www.childrenfirst.ch\/de\/wp-json\/wp\/v2\/posts\/4554\/revisions"}],"predecessor-version":[{"id":6231,"href":"https:\/\/www.childrenfirst.ch\/de\/wp-json\/wp\/v2\/posts\/4554\/revisions\/6231"}],"wp:featuredmedia":[{"embeddable":true,"href":"https:\/\/www.childrenfirst.ch\/de\/wp-json\/wp\/v2\/media\/5142"}],"wp:attachment":[{"href":"https:\/\/www.childrenfirst.ch\/de\/wp-json\/wp\/v2\/media?parent=4554"}],"wp:term":[{"taxonomy":"category","embeddable":true,"href":"https:\/\/www.childrenfirst.ch\/de\/wp-json\/wp\/v2\/categories?post=4554"},{"taxonomy":"post_tag","embeddable":true,"href":"https:\/\/www.childrenfirst.ch\/de\/wp-json\/wp\/v2\/tags?post=4554"}],"curies":[{"name":"wp","href":"https:\/\/api.w.org\/{rel}","templated":true}]}}