{"id":4039,"date":"2025-05-11T10:17:30","date_gmt":"2025-05-11T10:17:30","guid":{"rendered":"https:\/\/www.childrenfirst.ch\/naechste-veranstaltung\/"},"modified":"2025-09-04T08:10:46","modified_gmt":"2025-09-04T08:10:46","slug":"naechste-veranstaltung","status":"publish","type":"post","link":"https:\/\/www.childrenfirst.ch\/de\/naechste-veranstaltung\/","title":{"rendered":"Gespr\u00e4ch f\u00fcr Eltern"},"content":{"rendered":"\t\t<div data-elementor-type=\"wp-post\" data-elementor-id=\"4039\" class=\"elementor elementor-4039 elementor-929\" data-elementor-post-type=\"post\">\n\t\t\t\t<div class=\"elementor-element elementor-element-2f30af9a relative-section e-flex e-con-boxed e-con e-parent\" data-id=\"2f30af9a\" data-element_type=\"container\" data-e-type=\"container\">\n\t\t\t\t\t<div class=\"e-con-inner\">\n\t\t<div class=\"elementor-element elementor-element-730e8c8 e-con-full e-flex e-con e-child\" data-id=\"730e8c8\" data-element_type=\"container\" data-e-type=\"container\" data-settings=\"{&quot;background_background&quot;:&quot;classic&quot;}\">\n\t\t<div class=\"elementor-element elementor-element-51d287d8 e-con-full e-flex e-con e-child\" data-id=\"51d287d8\" data-element_type=\"container\" data-e-type=\"container\" data-settings=\"{&quot;background_background&quot;:&quot;classic&quot;}\">\n\t\t\t\t<div class=\"elementor-element elementor-element-336eb42 elementor-widget elementor-widget-image\" data-id=\"336eb42\" data-element_type=\"widget\" data-e-type=\"widget\" data-widget_type=\"image.default\">\n\t\t\t\t<div class=\"elementor-widget-container\">\n\t\t\t\t\t\t\t\t\t\t\t\t\t\t\t<img fetchpriority=\"high\" decoding=\"async\" width=\"768\" height=\"960\" src=\"https:\/\/www.childrenfirst.ch\/wp-content\/uploads\/1910\/05\/Sleep-Clinic-17-Sept-2025-1-768x960.jpeg\" class=\"attachment-medium_large size-medium_large wp-image-7523\" alt=\"\" srcset=\"https:\/\/www.childrenfirst.ch\/wp-content\/uploads\/1910\/05\/Sleep-Clinic-17-Sept-2025-1-768x960.jpeg 768w, https:\/\/www.childrenfirst.ch\/wp-content\/uploads\/1910\/05\/Sleep-Clinic-17-Sept-2025-1-240x300.jpeg 240w, https:\/\/www.childrenfirst.ch\/wp-content\/uploads\/1910\/05\/Sleep-Clinic-17-Sept-2025-1-819x1024.jpeg 819w, https:\/\/www.childrenfirst.ch\/wp-content\/uploads\/1910\/05\/Sleep-Clinic-17-Sept-2025-1.jpeg 1080w\" sizes=\"(max-width: 768px) 100vw, 768px\" \/>\t\t\t\t\t\t\t\t\t\t\t\t\t\t\t<\/div>\n\t\t\t\t<\/div>\n\t\t\t\t<div class=\"elementor-element elementor-element-e11599a elementor-widget-divider--view-line elementor-widget elementor-widget-divider\" data-id=\"e11599a\" data-element_type=\"widget\" data-e-type=\"widget\" data-widget_type=\"divider.default\">\n\t\t\t\t<div class=\"elementor-widget-container\">\n\t\t\t\t\t\t\t<div class=\"elementor-divider\">\n\t\t\t<span class=\"elementor-divider-separator\">\n\t\t\t\t\t\t<\/span>\n\t\t<\/div>\n\t\t\t\t\t\t<\/div>\n\t\t\t\t<\/div>\n\t\t<div class=\"elementor-element elementor-element-e7f2ffb e-con-full e-flex e-con e-child\" data-id=\"e7f2ffb\" data-element_type=\"container\" data-e-type=\"container\">\n\t\t\t\t<\/div>\n\t\t\t\t<div class=\"elementor-element elementor-element-54d7e76c elementor-widget elementor-widget-text-editor\" data-id=\"54d7e76c\" data-element_type=\"widget\" data-e-type=\"widget\" data-widget_type=\"text-editor.default\">\n\t\t\t\t<div class=\"elementor-widget-container\">\n\t\t\t\t\t\t\t\t\t<h3><b>Haben Sie Probleme mit dem Schlaf Ihres Kindes? Sie sind nicht allein. Wir von Children First haben es uns zur Aufgabe gemacht, Familien mit Expertenwissen zu unterst\u00fctzen, das den Erziehungsalltag ein wenig leichter macht. <\/b><b><\/b><\/h3><p>Viele Eltern haben Probleme mit der Schlafroutine &#8211; vom Kampf um die Schlafenszeit bis hin zum \u00dcbergang zum Mittagsschlaf. In dieser Q&amp;A-Mittagspause (auf Englisch) wird Monica Shah Zeeman, die Gr\u00fcnderin von Children First und zertifizierte Schlafberaterin, praktische Tipps geben, wie Sie und Ihr Kind besser einschlafen k\u00f6nnen.<\/p><p>Sie werden es lernen:<\/p><ul><li>Wie Sie gesunde Schlafgewohnheiten entwickeln<\/li><li>Wann und wie Sie den Mittagsschlaf nach Alter anpassen<\/li><li>Tipps aus der Praxis f\u00fcr den Umgang mit h\u00e4ufigen Schlafproblemen<\/li><\/ul><p>Wir freuen uns darauf, Sie bei dieser wertvollen Sitzung begr\u00fc\u00dfen zu d\u00fcrfen!<\/p>\t\t\t\t\t\t\t\t<\/div>\n\t\t\t\t<\/div>\n\t\t\t\t<div class=\"elementor-element elementor-element-dd8d581 elementor-widget elementor-widget-text-editor\" data-id=\"dd8d581\" data-element_type=\"widget\" data-e-type=\"widget\" data-widget_type=\"text-editor.default\">\n\t\t\t\t<div class=\"elementor-widget-container\">\n\t\t\t\t\t\t\t\t\t<p><b>Mittwoch, 17. September 2025<\/b><br \/><b>12:00 &#8211; 13:00 (CEST)<br \/>Online | 15 CHF<br \/><\/b><\/p>\t\t\t\t\t\t\t\t<\/div>\n\t\t\t\t<\/div>\n\t\t\t\t<div class=\"elementor-element elementor-element-b6702a8 elementor-widget elementor-widget-button\" data-id=\"b6702a8\" data-element_type=\"widget\" data-e-type=\"widget\" data-widget_type=\"button.default\">\n\t\t\t\t<div class=\"elementor-widget-container\">\n\t\t\t\t\t\t\t\t\t<div class=\"elementor-button-wrapper\">\n\t\t\t\t\t<a class=\"elementor-button elementor-button-link elementor-size-sm\" href=\"https:\/\/us06web.zoom.us\/meeting\/register\/cdbry0_8TzWNv15dG4zL5Q%20%20\">\n\t\t\t\t\t\t<span class=\"elementor-button-content-wrapper\">\n\t\t\t\t\t\t\t\t\t<span class=\"elementor-button-text\">Hier klicken zum Registrieren: 17.9.25<\/span>\n\t\t\t\t\t<\/span>\n\t\t\t\t\t<\/a>\n\t\t\t\t<\/div>\n\t\t\t\t\t\t\t\t<\/div>\n\t\t\t\t<\/div>\n\t\t\t\t<\/div>\n\t\t\t\t<\/div>\n\t\t<div class=\"elementor-element elementor-element-191c4892 e-con-full e-flex e-con e-child\" data-id=\"191c4892\" data-element_type=\"container\" data-e-type=\"container\" data-settings=\"{&quot;background_background&quot;:&quot;classic&quot;}\">\n\t\t<div class=\"elementor-element elementor-element-155b825e e-con-full e-flex e-con e-child\" data-id=\"155b825e\" data-element_type=\"container\" data-e-type=\"container\" data-settings=\"{&quot;background_background&quot;:&quot;classic&quot;}\">\n\t\t<div class=\"elementor-element elementor-element-229d59fe e-con-full e-flex e-con e-child\" data-id=\"229d59fe\" data-element_type=\"container\" data-e-type=\"container\" data-settings=\"{&quot;background_background&quot;:&quot;classic&quot;}\">\n\t\t\t\t<div class=\"elementor-element elementor-element-40d10048 elementor-widget__width-initial circle-box right-left elementor-widget elementor-widget-heading\" data-id=\"40d10048\" data-element_type=\"widget\" data-e-type=\"widget\" data-widget_type=\"heading.default\">\n\t\t\t\t<div class=\"elementor-widget-container\">\n\t\t\t\t\t<h2 class=\"elementor-heading-title elementor-size-default\">Vortr\u00e4ge &amp; Veranstaltungen<\/h2>\t\t\t\t<\/div>\n\t\t\t\t<\/div>\n\t\t\t\t<\/div>\n\t\t\t\t<\/div>\n\t\t\t\t<\/div>\n\t\t\t\t\t<\/div>\n\t\t\t\t<\/div>\n\t\t\t\t<\/div>\n\t\t","protected":false},"excerpt":{"rendered":"<p>Nehmen Sie an unserem kostenlosen Q&#038;A am 3.9.25 oder 17.9.25 um 12 Uhr mit Monica Shah Zeeman, Gr\u00fcnderin von Children First und zertifizierte Schlafberaterin, teil, um Expertentipps zu erhalten, die zu ruhigeren N\u00e4chten und gl\u00fccklicheren Tagen f\u00fchren!<\/p>\n","protected":false},"author":1,"featured_media":7261,"comment_status":"closed","ping_status":"open","sticky":false,"template":"","format":"standard","meta":{"_acf_changed":false,"footnotes":""},"categories":[16,25],"tags":[],"class_list":["post-4039","post","type-post","status-publish","format-standard","has-post-thumbnail","hentry","category-blog-de","category-homepage-de"],"acf":[],"yoast_head":"<!-- This site is optimized with the Yoast SEO plugin v28.2 - https:\/\/yoast.com\/product\/yoast-seo-wordpress\/ -->\n<title>Gespr\u00e4ch f\u00fcr Eltern - Children First<\/title>\n<meta name=\"robots\" content=\"index, follow, max-snippet:-1, max-image-preview:large, max-video-preview:-1\" \/>\n<link rel=\"canonical\" href=\"https:\/\/www.childrenfirst.ch\/de\/naechste-veranstaltung\/\" \/>\n<meta property=\"og:locale\" content=\"de_DE\" \/>\n<meta property=\"og:type\" content=\"article\" \/>\n<meta property=\"og:title\" content=\"Gespr\u00e4ch f\u00fcr Eltern - Children First\" \/>\n<meta property=\"og:description\" content=\"Nehmen Sie an unserem kostenlosen Q&amp;A am 3.9.25 oder 17.9.25 um 12 Uhr mit Monica Shah Zeeman, Gr\u00fcnderin von Children First und zertifizierte Schlafberaterin, teil, um Expertentipps zu erhalten, die zu ruhigeren N\u00e4chten und gl\u00fccklicheren Tagen f\u00fchren!\" \/>\n<meta property=\"og:url\" content=\"https:\/\/www.childrenfirst.ch\/de\/naechste-veranstaltung\/\" \/>\n<meta property=\"og:site_name\" content=\"Children First\" \/>\n<meta property=\"article:published_time\" content=\"2025-05-11T10:17:30+00:00\" \/>\n<meta property=\"article:modified_time\" content=\"2025-09-04T08:10:46+00:00\" \/>\n<meta property=\"og:image\" content=\"https:\/\/www.childrenfirst.ch\/wp-content\/uploads\/1910\/05\/tamara-govedarovic-eU8f07kfQ2Y-unsplash-1.jpg\" \/>\n\t<meta property=\"og:image:width\" content=\"397\" \/>\n\t<meta property=\"og:image:height\" content=\"336\" \/>\n\t<meta property=\"og:image:type\" content=\"image\/jpeg\" \/>\n<meta name=\"author\" content=\"admin\" \/>\n<meta name=\"twitter:card\" content=\"summary_large_image\" \/>\n<meta name=\"twitter:label1\" content=\"Verfasst von\" \/>\n\t<meta name=\"twitter:data1\" content=\"admin\" \/>\n\t<meta name=\"twitter:label2\" content=\"Gesch\u00e4tzte Lesezeit\" \/>\n\t<meta name=\"twitter:data2\" content=\"1\u00a0Minute\" \/>\n<script type=\"application\/ld+json\" class=\"yoast-schema-graph\">{\"@context\":\"https:\\\/\\\/schema.org\",\"@graph\":[{\"@type\":\"Article\",\"@id\":\"https:\\\/\\\/www.childrenfirst.ch\\\/de\\\/naechste-veranstaltung\\\/#article\",\"isPartOf\":{\"@id\":\"https:\\\/\\\/www.childrenfirst.ch\\\/de\\\/naechste-veranstaltung\\\/\"},\"author\":{\"name\":\"admin\",\"@id\":\"https:\\\/\\\/www.childrenfirst.ch\\\/de\\\/#\\\/schema\\\/person\\\/a832af17dfc90d660f31f3157233c9fb\"},\"headline\":\"Gespr\u00e4ch f\u00fcr Eltern\",\"datePublished\":\"2025-05-11T10:17:30+00:00\",\"dateModified\":\"2025-09-04T08:10:46+00:00\",\"mainEntityOfPage\":{\"@id\":\"https:\\\/\\\/www.childrenfirst.ch\\\/de\\\/naechste-veranstaltung\\\/\"},\"wordCount\":149,\"publisher\":{\"@id\":\"https:\\\/\\\/www.childrenfirst.ch\\\/de\\\/#organization\"},\"image\":{\"@id\":\"https:\\\/\\\/www.childrenfirst.ch\\\/de\\\/naechste-veranstaltung\\\/#primaryimage\"},\"thumbnailUrl\":\"https:\\\/\\\/www.childrenfirst.ch\\\/wp-content\\\/uploads\\\/1910\\\/05\\\/tamara-govedarovic-eU8f07kfQ2Y-unsplash-1.jpg\",\"articleSection\":[\"Blog\",\"Homepage\"],\"inLanguage\":\"de\"},{\"@type\":\"WebPage\",\"@id\":\"https:\\\/\\\/www.childrenfirst.ch\\\/de\\\/naechste-veranstaltung\\\/\",\"url\":\"https:\\\/\\\/www.childrenfirst.ch\\\/de\\\/naechste-veranstaltung\\\/\",\"name\":\"Gespr\u00e4ch f\u00fcr Eltern - Children First\",\"isPartOf\":{\"@id\":\"https:\\\/\\\/www.childrenfirst.ch\\\/de\\\/#website\"},\"primaryImageOfPage\":{\"@id\":\"https:\\\/\\\/www.childrenfirst.ch\\\/de\\\/naechste-veranstaltung\\\/#primaryimage\"},\"image\":{\"@id\":\"https:\\\/\\\/www.childrenfirst.ch\\\/de\\\/naechste-veranstaltung\\\/#primaryimage\"},\"thumbnailUrl\":\"https:\\\/\\\/www.childrenfirst.ch\\\/wp-content\\\/uploads\\\/1910\\\/05\\\/tamara-govedarovic-eU8f07kfQ2Y-unsplash-1.jpg\",\"datePublished\":\"2025-05-11T10:17:30+00:00\",\"dateModified\":\"2025-09-04T08:10:46+00:00\",\"breadcrumb\":{\"@id\":\"https:\\\/\\\/www.childrenfirst.ch\\\/de\\\/naechste-veranstaltung\\\/#breadcrumb\"},\"inLanguage\":\"de\",\"potentialAction\":[{\"@type\":\"ReadAction\",\"target\":[\"https:\\\/\\\/www.childrenfirst.ch\\\/de\\\/naechste-veranstaltung\\\/\"]}]},{\"@type\":\"ImageObject\",\"inLanguage\":\"de\",\"@id\":\"https:\\\/\\\/www.childrenfirst.ch\\\/de\\\/naechste-veranstaltung\\\/#primaryimage\",\"url\":\"https:\\\/\\\/www.childrenfirst.ch\\\/wp-content\\\/uploads\\\/1910\\\/05\\\/tamara-govedarovic-eU8f07kfQ2Y-unsplash-1.jpg\",\"contentUrl\":\"https:\\\/\\\/www.childrenfirst.ch\\\/wp-content\\\/uploads\\\/1910\\\/05\\\/tamara-govedarovic-eU8f07kfQ2Y-unsplash-1.jpg\",\"width\":397,\"height\":336},{\"@type\":\"BreadcrumbList\",\"@id\":\"https:\\\/\\\/www.childrenfirst.ch\\\/de\\\/naechste-veranstaltung\\\/#breadcrumb\",\"itemListElement\":[{\"@type\":\"ListItem\",\"position\":1,\"name\":\"Home\",\"item\":\"https:\\\/\\\/www.childrenfirst.ch\\\/de\\\/\"},{\"@type\":\"ListItem\",\"position\":2,\"name\":\"Gespr\u00e4ch f\u00fcr Eltern\"}]},{\"@type\":\"WebSite\",\"@id\":\"https:\\\/\\\/www.childrenfirst.ch\\\/de\\\/#website\",\"url\":\"https:\\\/\\\/www.childrenfirst.ch\\\/de\\\/\",\"name\":\"Children First\",\"description\":\"International daycare, preschool and kindergarten\",\"publisher\":{\"@id\":\"https:\\\/\\\/www.childrenfirst.ch\\\/de\\\/#organization\"},\"potentialAction\":[{\"@type\":\"SearchAction\",\"target\":{\"@type\":\"EntryPoint\",\"urlTemplate\":\"https:\\\/\\\/www.childrenfirst.ch\\\/de\\\/?s={search_term_string}\"},\"query-input\":{\"@type\":\"PropertyValueSpecification\",\"valueRequired\":true,\"valueName\":\"search_term_string\"}}],\"inLanguage\":\"de\"},{\"@type\":\"Organization\",\"@id\":\"https:\\\/\\\/www.childrenfirst.ch\\\/de\\\/#organization\",\"name\":\"Children First\",\"url\":\"https:\\\/\\\/www.childrenfirst.ch\\\/de\\\/\",\"logo\":{\"@type\":\"ImageObject\",\"inLanguage\":\"de\",\"@id\":\"https:\\\/\\\/www.childrenfirst.ch\\\/de\\\/#\\\/schema\\\/logo\\\/image\\\/\",\"url\":\"https:\\\/\\\/www.childrenfirst.ch\\\/wp-content\\\/uploads\\\/2024\\\/12\\\/logo-1.png\",\"contentUrl\":\"https:\\\/\\\/www.childrenfirst.ch\\\/wp-content\\\/uploads\\\/2024\\\/12\\\/logo-1.png\",\"width\":305,\"height\":82,\"caption\":\"Children First\"},\"image\":{\"@id\":\"https:\\\/\\\/www.childrenfirst.ch\\\/de\\\/#\\\/schema\\\/logo\\\/image\\\/\"}},{\"@type\":\"Person\",\"@id\":\"https:\\\/\\\/www.childrenfirst.ch\\\/de\\\/#\\\/schema\\\/person\\\/a832af17dfc90d660f31f3157233c9fb\",\"name\":\"admin\",\"image\":{\"@type\":\"ImageObject\",\"inLanguage\":\"de\",\"@id\":\"https:\\\/\\\/secure.gravatar.com\\\/avatar\\\/530c0b7176af0851ac965188da35d9c62dcefbfc429a0cd148df5cec3e2abc82?s=96&d=mm&r=g\",\"url\":\"https:\\\/\\\/secure.gravatar.com\\\/avatar\\\/530c0b7176af0851ac965188da35d9c62dcefbfc429a0cd148df5cec3e2abc82?s=96&d=mm&r=g\",\"contentUrl\":\"https:\\\/\\\/secure.gravatar.com\\\/avatar\\\/530c0b7176af0851ac965188da35d9c62dcefbfc429a0cd148df5cec3e2abc82?s=96&d=mm&r=g\",\"caption\":\"admin\"},\"url\":\"https:\\\/\\\/www.childrenfirst.ch\\\/de\\\/author\\\/mauricio\\\/\"}]}<\/script>\n<!-- \/ Yoast SEO plugin. -->","yoast_head_json":{"title":"Gespr\u00e4ch f\u00fcr Eltern - Children First","robots":{"index":"index","follow":"follow","max-snippet":"max-snippet:-1","max-image-preview":"max-image-preview:large","max-video-preview":"max-video-preview:-1"},"canonical":"https:\/\/www.childrenfirst.ch\/de\/naechste-veranstaltung\/","og_locale":"de_DE","og_type":"article","og_title":"Gespr\u00e4ch f\u00fcr Eltern - Children First","og_description":"Nehmen Sie an unserem kostenlosen Q&A am 3.9.25 oder 17.9.25 um 12 Uhr mit Monica Shah Zeeman, Gr\u00fcnderin von Children First und zertifizierte Schlafberaterin, teil, um Expertentipps zu erhalten, die zu ruhigeren N\u00e4chten und gl\u00fccklicheren Tagen f\u00fchren!","og_url":"https:\/\/www.childrenfirst.ch\/de\/naechste-veranstaltung\/","og_site_name":"Children First","article_published_time":"2025-05-11T10:17:30+00:00","article_modified_time":"2025-09-04T08:10:46+00:00","og_image":[{"width":397,"height":336,"url":"https:\/\/www.childrenfirst.ch\/wp-content\/uploads\/1910\/05\/tamara-govedarovic-eU8f07kfQ2Y-unsplash-1.jpg","type":"image\/jpeg"}],"author":"admin","twitter_card":"summary_large_image","twitter_misc":{"Verfasst von":"admin","Gesch\u00e4tzte Lesezeit":"1\u00a0Minute"},"schema":{"@context":"https:\/\/schema.org","@graph":[{"@type":"Article","@id":"https:\/\/www.childrenfirst.ch\/de\/naechste-veranstaltung\/#article","isPartOf":{"@id":"https:\/\/www.childrenfirst.ch\/de\/naechste-veranstaltung\/"},"author":{"name":"admin","@id":"https:\/\/www.childrenfirst.ch\/de\/#\/schema\/person\/a832af17dfc90d660f31f3157233c9fb"},"headline":"Gespr\u00e4ch f\u00fcr Eltern","datePublished":"2025-05-11T10:17:30+00:00","dateModified":"2025-09-04T08:10:46+00:00","mainEntityOfPage":{"@id":"https:\/\/www.childrenfirst.ch\/de\/naechste-veranstaltung\/"},"wordCount":149,"publisher":{"@id":"https:\/\/www.childrenfirst.ch\/de\/#organization"},"image":{"@id":"https:\/\/www.childrenfirst.ch\/de\/naechste-veranstaltung\/#primaryimage"},"thumbnailUrl":"https:\/\/www.childrenfirst.ch\/wp-content\/uploads\/1910\/05\/tamara-govedarovic-eU8f07kfQ2Y-unsplash-1.jpg","articleSection":["Blog","Homepage"],"inLanguage":"de"},{"@type":"WebPage","@id":"https:\/\/www.childrenfirst.ch\/de\/naechste-veranstaltung\/","url":"https:\/\/www.childrenfirst.ch\/de\/naechste-veranstaltung\/","name":"Gespr\u00e4ch f\u00fcr Eltern - Children First","isPartOf":{"@id":"https:\/\/www.childrenfirst.ch\/de\/#website"},"primaryImageOfPage":{"@id":"https:\/\/www.childrenfirst.ch\/de\/naechste-veranstaltung\/#primaryimage"},"image":{"@id":"https:\/\/www.childrenfirst.ch\/de\/naechste-veranstaltung\/#primaryimage"},"thumbnailUrl":"https:\/\/www.childrenfirst.ch\/wp-content\/uploads\/1910\/05\/tamara-govedarovic-eU8f07kfQ2Y-unsplash-1.jpg","datePublished":"2025-05-11T10:17:30+00:00","dateModified":"2025-09-04T08:10:46+00:00","breadcrumb":{"@id":"https:\/\/www.childrenfirst.ch\/de\/naechste-veranstaltung\/#breadcrumb"},"inLanguage":"de","potentialAction":[{"@type":"ReadAction","target":["https:\/\/www.childrenfirst.ch\/de\/naechste-veranstaltung\/"]}]},{"@type":"ImageObject","inLanguage":"de","@id":"https:\/\/www.childrenfirst.ch\/de\/naechste-veranstaltung\/#primaryimage","url":"https:\/\/www.childrenfirst.ch\/wp-content\/uploads\/1910\/05\/tamara-govedarovic-eU8f07kfQ2Y-unsplash-1.jpg","contentUrl":"https:\/\/www.childrenfirst.ch\/wp-content\/uploads\/1910\/05\/tamara-govedarovic-eU8f07kfQ2Y-unsplash-1.jpg","width":397,"height":336},{"@type":"BreadcrumbList","@id":"https:\/\/www.childrenfirst.ch\/de\/naechste-veranstaltung\/#breadcrumb","itemListElement":[{"@type":"ListItem","position":1,"name":"Home","item":"https:\/\/www.childrenfirst.ch\/de\/"},{"@type":"ListItem","position":2,"name":"Gespr\u00e4ch f\u00fcr Eltern"}]},{"@type":"WebSite","@id":"https:\/\/www.childrenfirst.ch\/de\/#website","url":"https:\/\/www.childrenfirst.ch\/de\/","name":"Children First","description":"International daycare, preschool and kindergarten","publisher":{"@id":"https:\/\/www.childrenfirst.ch\/de\/#organization"},"potentialAction":[{"@type":"SearchAction","target":{"@type":"EntryPoint","urlTemplate":"https:\/\/www.childrenfirst.ch\/de\/?s={search_term_string}"},"query-input":{"@type":"PropertyValueSpecification","valueRequired":true,"valueName":"search_term_string"}}],"inLanguage":"de"},{"@type":"Organization","@id":"https:\/\/www.childrenfirst.ch\/de\/#organization","name":"Children First","url":"https:\/\/www.childrenfirst.ch\/de\/","logo":{"@type":"ImageObject","inLanguage":"de","@id":"https:\/\/www.childrenfirst.ch\/de\/#\/schema\/logo\/image\/","url":"https:\/\/www.childrenfirst.ch\/wp-content\/uploads\/2024\/12\/logo-1.png","contentUrl":"https:\/\/www.childrenfirst.ch\/wp-content\/uploads\/2024\/12\/logo-1.png","width":305,"height":82,"caption":"Children First"},"image":{"@id":"https:\/\/www.childrenfirst.ch\/de\/#\/schema\/logo\/image\/"}},{"@type":"Person","@id":"https:\/\/www.childrenfirst.ch\/de\/#\/schema\/person\/a832af17dfc90d660f31f3157233c9fb","name":"admin","image":{"@type":"ImageObject","inLanguage":"de","@id":"https:\/\/secure.gravatar.com\/avatar\/530c0b7176af0851ac965188da35d9c62dcefbfc429a0cd148df5cec3e2abc82?s=96&d=mm&r=g","url":"https:\/\/secure.gravatar.com\/avatar\/530c0b7176af0851ac965188da35d9c62dcefbfc429a0cd148df5cec3e2abc82?s=96&d=mm&r=g","contentUrl":"https:\/\/secure.gravatar.com\/avatar\/530c0b7176af0851ac965188da35d9c62dcefbfc429a0cd148df5cec3e2abc82?s=96&d=mm&r=g","caption":"admin"},"url":"https:\/\/www.childrenfirst.ch\/de\/author\/mauricio\/"}]}},"_links":{"self":[{"href":"https:\/\/www.childrenfirst.ch\/de\/wp-json\/wp\/v2\/posts\/4039","targetHints":{"allow":["GET"]}}],"collection":[{"href":"https:\/\/www.childrenfirst.ch\/de\/wp-json\/wp\/v2\/posts"}],"about":[{"href":"https:\/\/www.childrenfirst.ch\/de\/wp-json\/wp\/v2\/types\/post"}],"author":[{"embeddable":true,"href":"https:\/\/www.childrenfirst.ch\/de\/wp-json\/wp\/v2\/users\/1"}],"replies":[{"embeddable":true,"href":"https:\/\/www.childrenfirst.ch\/de\/wp-json\/wp\/v2\/comments?post=4039"}],"version-history":[{"count":33,"href":"https:\/\/www.childrenfirst.ch\/de\/wp-json\/wp\/v2\/posts\/4039\/revisions"}],"predecessor-version":[{"id":7527,"href":"https:\/\/www.childrenfirst.ch\/de\/wp-json\/wp\/v2\/posts\/4039\/revisions\/7527"}],"wp:featuredmedia":[{"embeddable":true,"href":"https:\/\/www.childrenfirst.ch\/de\/wp-json\/wp\/v2\/media\/7261"}],"wp:attachment":[{"href":"https:\/\/www.childrenfirst.ch\/de\/wp-json\/wp\/v2\/media?parent=4039"}],"wp:term":[{"taxonomy":"category","embeddable":true,"href":"https:\/\/www.childrenfirst.ch\/de\/wp-json\/wp\/v2\/categories?post=4039"},{"taxonomy":"post_tag","embeddable":true,"href":"https:\/\/www.childrenfirst.ch\/de\/wp-json\/wp\/v2\/tags?post=4039"}],"curies":[{"name":"wp","href":"https:\/\/api.w.org\/{rel}","templated":true}]}}