{"id":4035,"date":"1500-11-22T10:00:19","date_gmt":"1500-11-22T10:00:19","guid":{"rendered":"https:\/\/www.childrenfirst.ch\/offenes-haus\/"},"modified":"2026-02-10T08:47:17","modified_gmt":"2026-02-10T08:47:17","slug":"open-house","status":"publish","type":"post","link":"https:\/\/www.childrenfirst.ch\/de\/open-house\/","title":{"rendered":"Vergangene Veranstaltung: Tag der offenen T\u00fcr 2026 bei Children First in Z\u00fcrich"},"content":{"rendered":"\t\t<div data-elementor-type=\"wp-post\" data-elementor-id=\"4035\" class=\"elementor elementor-4035 elementor-3796\" data-elementor-post-type=\"post\">\n\t\t\t\t<div class=\"elementor-element elementor-element-1458fff5 relative-section e-flex e-con-boxed e-con e-parent\" data-id=\"1458fff5\" data-element_type=\"container\" data-e-type=\"container\" data-settings=\"{&quot;background_background&quot;:&quot;classic&quot;}\">\n\t\t\t\t\t<div class=\"e-con-inner\">\n\t\t<div class=\"elementor-element elementor-element-30f4dac4 e-con-full e-flex e-con e-child\" data-id=\"30f4dac4\" data-element_type=\"container\" data-e-type=\"container\" data-settings=\"{&quot;background_background&quot;:&quot;classic&quot;}\">\n\t\t<div class=\"elementor-element elementor-element-1ef0d793 e-con-full e-flex e-con e-child\" data-id=\"1ef0d793\" data-element_type=\"container\" data-e-type=\"container\" data-settings=\"{&quot;background_background&quot;:&quot;classic&quot;}\">\n\t\t\t\t<div class=\"elementor-element elementor-element-ca22b19 elementor-widget elementor-widget-image\" data-id=\"ca22b19\" data-element_type=\"widget\" data-e-type=\"widget\" data-widget_type=\"image.default\">\n\t\t\t\t<div class=\"elementor-widget-container\">\n\t\t\t\t\t\t\t\t\t\t\t\t\t\t\t<img fetchpriority=\"high\" decoding=\"async\" width=\"1536\" height=\"864\" src=\"https:\/\/www.childrenfirst.ch\/wp-content\/uploads\/1856\/11\/Saturday-24.01.2026-0930-1300-Freiestrasse-175-8032-Zurich-1536x864.png\" class=\"attachment-1536x1536 size-1536x1536 wp-image-7808\" alt=\"\" srcset=\"https:\/\/www.childrenfirst.ch\/wp-content\/uploads\/1856\/11\/Saturday-24.01.2026-0930-1300-Freiestrasse-175-8032-Zurich-1536x864.png 1536w, https:\/\/www.childrenfirst.ch\/wp-content\/uploads\/1856\/11\/Saturday-24.01.2026-0930-1300-Freiestrasse-175-8032-Zurich-300x169.png 300w, https:\/\/www.childrenfirst.ch\/wp-content\/uploads\/1856\/11\/Saturday-24.01.2026-0930-1300-Freiestrasse-175-8032-Zurich-1024x576.png 1024w, https:\/\/www.childrenfirst.ch\/wp-content\/uploads\/1856\/11\/Saturday-24.01.2026-0930-1300-Freiestrasse-175-8032-Zurich-768x432.png 768w, https:\/\/www.childrenfirst.ch\/wp-content\/uploads\/1856\/11\/Saturday-24.01.2026-0930-1300-Freiestrasse-175-8032-Zurich.png 1920w\" sizes=\"(max-width: 1536px) 100vw, 1536px\" \/>\t\t\t\t\t\t\t\t\t\t\t\t\t\t\t<\/div>\n\t\t\t\t<\/div>\n\t\t\t\t<div class=\"elementor-element elementor-element-41d4754 elementor-widget elementor-widget-text-editor\" data-id=\"41d4754\" data-element_type=\"widget\" data-e-type=\"widget\" data-widget_type=\"text-editor.default\">\n\t\t\t\t<div class=\"elementor-widget-container\">\n\t\t\t\t\t\t\t\t\t<h5>Sie sind eingeladen, die Lehrer, die Children First so besonders machen, in unserer sch\u00f6nen Villa f\u00fcr Kinder im Z\u00fcrcher Seefeld kennenzulernen. Wir freuen uns darauf, Sie am <strong>Samstag, den 24. Januar 2026<\/strong> <strong>an der Freiestrasse 175, Z\u00fcrich 8032,<\/strong> begr\u00fc\u00dfen zu d\u00fcrfen <strong>.<\/strong> <\/h5><h5>N\u00e4chste Bushaltestelle: B31, B33 | Hegibachplatz: T11, S18 | Klusplatz: T3, T8<\/h5><h5>Was Sie erwarten k\u00f6nnen:<\/h5><h5>Kommen Sie zu unserem Tag der offenen T\u00fcr in unsere sch\u00f6ne Villa im Seefeld in Z\u00fcrich. Gehen Sie durch die Klassenzimmer, sprechen Sie mit den Lehrern und erfahren Sie mehr \u00fcber unser Konzept. <\/h5><h5>Entdecken Sie Lernabenteuer, sprechen Sie mit den Lehrern und erleben Sie unser einzigartiges Konzept. Nehmen Sie an einem Vortrag f\u00fcr Eltern teil, w\u00e4hrend Ihr Kind Kunst und Kunsthandwerk mit <a href=\"https:\/\/www.linkedin.com\/company\/kidsatelier\/\">KidsAtelier<\/a> und <a href=\"https:\/\/www.linkedin.com\/company\/playballkids\/\">Playball<\/a> mit <a href=\"https:\/\/www.linkedin.com\/in\/byronmcgaw\/\">Byron McGaw<\/a> genie\u00dft. <span class=\"Apple-converted-space\"> <\/span><\/h5><h5>Ab 9:30: Erfahren Sie mehr \u00fcber unseren einzigartigen Kindergarten auf Englisch und Deutsch. Unsere Klassenzimmer sind den ganzen Vormittag bis 13:00 Uhr ge\u00f6ffnet &#8211; Bleiben Sie und spielen Sie!   <\/h5><h5>Wenn Sie nicht dabei sein k\u00f6nnen, schreiben Sie uns an contact@childrenfirst.ch, wir arrangieren gerne eine individuelle oder Online-Tour.<\/h5>\t\t\t\t\t\t\t\t<\/div>\n\t\t\t\t<\/div>\n\t\t\t\t<div class=\"elementor-element elementor-element-51d596c elementor-widget-divider--view-line elementor-widget elementor-widget-divider\" data-id=\"51d596c\" data-element_type=\"widget\" data-e-type=\"widget\" data-widget_type=\"divider.default\">\n\t\t\t\t<div class=\"elementor-widget-container\">\n\t\t\t\t\t\t\t<div class=\"elementor-divider\">\n\t\t\t<span class=\"elementor-divider-separator\">\n\t\t\t\t\t\t<\/span>\n\t\t<\/div>\n\t\t\t\t\t\t<\/div>\n\t\t\t\t<\/div>\n\t\t\t\t<div class=\"elementor-element elementor-element-2c3e0ec elementor-widget elementor-widget-n-accordion\" data-id=\"2c3e0ec\" data-element_type=\"widget\" data-e-type=\"widget\" data-settings=\"{&quot;default_state&quot;:&quot;all_collapsed&quot;,&quot;max_items_expended&quot;:&quot;one&quot;,&quot;n_accordion_animation_duration&quot;:{&quot;unit&quot;:&quot;ms&quot;,&quot;size&quot;:400,&quot;sizes&quot;:[]}}\" data-widget_type=\"nested-accordion.default\">\n\t\t\t\t<div class=\"elementor-widget-container\">\n\t\t\t\t\t\t\t<div class=\"e-n-accordion\" aria-label=\"Accordion. Open links with Enter or Space, close with Escape, and navigate with Arrow Keys\">\n\t\t\t\t\t\t<details id=\"e-n-accordion-item-4630\" class=\"e-n-accordion-item\" >\n\t\t\t\t<summary class=\"e-n-accordion-item-title\" data-accordion-index=\"1\" tabindex=\"0\" aria-expanded=\"false\" aria-controls=\"e-n-accordion-item-4630\" >\n\t\t\t\t\t<span class='e-n-accordion-item-title-header'><div class=\"e-n-accordion-item-title-text\"> Vortrag f\u00fcr Eltern: Erste Schritte zum Lesen | Reservieren Sie Ihren Platz <\/div><\/span>\n\t\t\t\t\t\t\t<span class='e-n-accordion-item-title-icon'>\n\t\t\t<span class='e-opened' ><svg aria-hidden=\"true\" class=\"e-font-icon-svg e-fas-minus\" viewBox=\"0 0 448 512\" xmlns=\"http:\/\/www.w3.org\/2000\/svg\"><path d=\"M416 208H32c-17.67 0-32 14.33-32 32v32c0 17.67 14.33 32 32 32h384c17.67 0 32-14.33 32-32v-32c0-17.67-14.33-32-32-32z\"><\/path><\/svg><\/span>\n\t\t\t<span class='e-closed'><svg aria-hidden=\"true\" class=\"e-font-icon-svg e-fas-plus\" viewBox=\"0 0 448 512\" xmlns=\"http:\/\/www.w3.org\/2000\/svg\"><path d=\"M416 208H272V64c0-17.67-14.33-32-32-32h-32c-17.67 0-32 14.33-32 32v144H32c-17.67 0-32 14.33-32 32v32c0 17.67 14.33 32 32 32h144v144c0 17.67 14.33 32 32 32h32c17.67 0 32-14.33 32-32V304h144c17.67 0 32-14.33 32-32v-32c0-17.67-14.33-32-32-32z\"><\/path><\/svg><\/span>\n\t\t<\/span>\n\n\t\t\t\t\t\t<\/summary>\n\t\t\t\t<div role=\"region\" aria-labelledby=\"e-n-accordion-item-4630\" class=\"elementor-element elementor-element-8b9f30c e-con-full e-flex e-con e-child\" data-id=\"8b9f30c\" data-element_type=\"container\" data-e-type=\"container\">\n\t\t\t\t<div class=\"elementor-element elementor-element-aeba6e2 elementor-widget elementor-widget-text-editor\" data-id=\"aeba6e2\" data-element_type=\"widget\" data-e-type=\"widget\" data-widget_type=\"text-editor.default\">\n\t\t\t\t<div class=\"elementor-widget-container\">\n\t\t\t\t\t\t\t\t\t<h5>In diesem Vortrag wird unsere Children First-Kinderg\u00e4rtnerin den Eltern wertvolle Tipps geben, wie sie ihr Kind am besten beim Lesenlernen unterst\u00fctzen k\u00f6nnen. Sie wird den Prozess des fr\u00fchen Lesens, den Ansatz von Children First sowie unterhaltsame Aktivit\u00e4ten erkl\u00e4ren, die Sie mit Ihrem Kind zu Hause durchf\u00fchren k\u00f6nnen. <\/h5><h5>Zeit: 11:00 Uhr<\/h5><h5>Eintrittskarten:<\/h5><h5>CHF 35 pro Erwachsener inklusive Babysitting<\/h5><h5>CHF 60 pro Paar inklusive Babysitting<\/h5><h5>Bitte melden Sie sich im Voraus unten an. Vermerken Sie in den Kommentaren, ob Sie einen Babysitter ben\u00f6tigen. <\/h5>\t\t\t\t\t\t\t\t<\/div>\n\t\t\t\t<\/div>\n\t\t\t\t<\/div>\n\t\t\t\t\t<\/details>\n\t\t\t\t\t\t<details id=\"e-n-accordion-item-4631\" class=\"e-n-accordion-item\" >\n\t\t\t\t<summary class=\"e-n-accordion-item-title\" data-accordion-index=\"2\" tabindex=\"-1\" aria-expanded=\"false\" aria-controls=\"e-n-accordion-item-4631\" >\n\t\t\t\t\t<span class='e-n-accordion-item-title-header'><div class=\"e-n-accordion-item-title-text\"> Kostenloses Kunsthandwerk und Spa\u00df <\/div><\/span>\n\t\t\t\t\t\t\t<span class='e-n-accordion-item-title-icon'>\n\t\t\t<span class='e-opened' ><svg aria-hidden=\"true\" class=\"e-font-icon-svg e-fas-minus\" viewBox=\"0 0 448 512\" xmlns=\"http:\/\/www.w3.org\/2000\/svg\"><path d=\"M416 208H32c-17.67 0-32 14.33-32 32v32c0 17.67 14.33 32 32 32h384c17.67 0 32-14.33 32-32v-32c0-17.67-14.33-32-32-32z\"><\/path><\/svg><\/span>\n\t\t\t<span class='e-closed'><svg aria-hidden=\"true\" class=\"e-font-icon-svg e-fas-plus\" viewBox=\"0 0 448 512\" xmlns=\"http:\/\/www.w3.org\/2000\/svg\"><path d=\"M416 208H272V64c0-17.67-14.33-32-32-32h-32c-17.67 0-32 14.33-32 32v144H32c-17.67 0-32 14.33-32 32v32c0 17.67 14.33 32 32 32h144v144c0 17.67 14.33 32 32 32h32c17.67 0 32-14.33 32-32V304h144c17.67 0 32-14.33 32-32v-32c0-17.67-14.33-32-32-32z\"><\/path><\/svg><\/span>\n\t\t<\/span>\n\n\t\t\t\t\t\t<\/summary>\n\t\t\t\t<div role=\"region\" aria-labelledby=\"e-n-accordion-item-4631\" class=\"elementor-element elementor-element-d8a4877 e-flex e-con-boxed e-con e-child\" data-id=\"d8a4877\" data-element_type=\"container\" data-e-type=\"container\">\n\t\t\t\t\t<div class=\"e-con-inner\">\n\t\t\t\t<div class=\"elementor-element elementor-element-a83faea elementor-widget elementor-widget-text-editor\" data-id=\"a83faea\" data-element_type=\"widget\" data-e-type=\"widget\" data-widget_type=\"text-editor.default\">\n\t\t\t\t<div class=\"elementor-widget-container\">\n\t\t\t\t\t\t\t\t\t<p><b>Lassen Sie uns kreativ werden!<\/b><\/p><p>Kommen Sie zu <b>Bianca<\/b> an den Bastelstand von <b>KidsAtelier<\/b> und erleben Sie eine Welt voller Federn, leuchtender Farben und Bastelspa\u00df! \u2728<\/p><p>Lassen Sie Ihre Kleinen bei unserem Tag der offenen T\u00fcr kreativ werden, experimentieren und ihre k\u00fcnstlerische Seite entdecken.<\/p>\t\t\t\t\t\t\t\t<\/div>\n\t\t\t\t<\/div>\n\t\t\t\t\t<\/div>\n\t\t\t\t<\/div>\n\t\t\t\t\t<\/details>\n\t\t\t\t\t\t<details id=\"e-n-accordion-item-4632\" class=\"e-n-accordion-item\" >\n\t\t\t\t<summary class=\"e-n-accordion-item-title\" data-accordion-index=\"3\" tabindex=\"-1\" aria-expanded=\"false\" aria-controls=\"e-n-accordion-item-4632\" >\n\t\t\t\t\t<span class='e-n-accordion-item-title-header'><div class=\"e-n-accordion-item-title-text\"> Kostenloses Geschichtenerz\u00e4hlen 0-8 Jahre   <\/div><\/span>\n\t\t\t\t\t\t\t<span class='e-n-accordion-item-title-icon'>\n\t\t\t<span class='e-opened' ><svg aria-hidden=\"true\" class=\"e-font-icon-svg e-fas-minus\" viewBox=\"0 0 448 512\" xmlns=\"http:\/\/www.w3.org\/2000\/svg\"><path d=\"M416 208H32c-17.67 0-32 14.33-32 32v32c0 17.67 14.33 32 32 32h384c17.67 0 32-14.33 32-32v-32c0-17.67-14.33-32-32-32z\"><\/path><\/svg><\/span>\n\t\t\t<span class='e-closed'><svg aria-hidden=\"true\" class=\"e-font-icon-svg e-fas-plus\" viewBox=\"0 0 448 512\" xmlns=\"http:\/\/www.w3.org\/2000\/svg\"><path d=\"M416 208H272V64c0-17.67-14.33-32-32-32h-32c-17.67 0-32 14.33-32 32v144H32c-17.67 0-32 14.33-32 32v32c0 17.67 14.33 32 32 32h144v144c0 17.67 14.33 32 32 32h32c17.67 0 32-14.33 32-32V304h144c17.67 0 32-14.33 32-32v-32c0-17.67-14.33-32-32-32z\"><\/path><\/svg><\/span>\n\t\t<\/span>\n\n\t\t\t\t\t\t<\/summary>\n\t\t\t\t<div role=\"region\" aria-labelledby=\"e-n-accordion-item-4632\" class=\"elementor-element elementor-element-2b75bf7 e-flex e-con-boxed e-con e-child\" data-id=\"2b75bf7\" data-element_type=\"container\" data-e-type=\"container\">\n\t\t\t\t\t<div class=\"e-con-inner\">\n\t\t\t\t<div class=\"elementor-element elementor-element-bda8728 elementor-widget elementor-widget-text-editor\" data-id=\"bda8728\" data-element_type=\"widget\" data-e-type=\"widget\" data-widget_type=\"text-editor.default\">\n\t\t\t\t<div class=\"elementor-widget-container\">\n\t\t\t\t\t\t\t\t\t<h5 data-start=\"140\" data-end=\"356\">Erz\u00e4hlen Sie uns den ganzen Vormittag lang Geschichten aus den beliebten B\u00fcchern von <strong data-start=\"264\" data-end=\"283\">Julia Donaldson<\/strong>, der Autorin von <em data-start=\"295\" data-end=\"309\">The Gruffalo<\/em>, <em data-start=\"311\" data-end=\"322\">Stick Man<\/em> und <em data-start=\"328\" data-end=\"353\" data-is-only-node=\"\">The Snail and the Whale<\/em>, auf <strong data-start=\"238\" data-end=\"260\">Deutsch und Englisch<\/strong>.<\/h5><h5 data-start=\"358\" data-end=\"414\"><strong data-start=\"361\" data-end=\"371\">Zeiten:<\/strong> 10:00 &amp; 11:30<\/h5>\t\t\t\t\t\t\t\t<\/div>\n\t\t\t\t<\/div>\n\t\t\t\t\t<\/div>\n\t\t\t\t<\/div>\n\t\t\t\t\t<\/details>\n\t\t\t\t\t\t<details id=\"e-n-accordion-item-4633\" class=\"e-n-accordion-item\" >\n\t\t\t\t<summary class=\"e-n-accordion-item-title\" data-accordion-index=\"4\" tabindex=\"-1\" aria-expanded=\"false\" aria-controls=\"e-n-accordion-item-4633\" >\n\t\t\t\t\t<span class='e-n-accordion-item-title-header'><div class=\"e-n-accordion-item-title-text\"> Gesundes Mittagessen | Reservieren Sie Ihren Platz <\/div><\/span>\n\t\t\t\t\t\t\t<span class='e-n-accordion-item-title-icon'>\n\t\t\t<span class='e-opened' ><svg aria-hidden=\"true\" class=\"e-font-icon-svg e-fas-minus\" viewBox=\"0 0 448 512\" xmlns=\"http:\/\/www.w3.org\/2000\/svg\"><path d=\"M416 208H32c-17.67 0-32 14.33-32 32v32c0 17.67 14.33 32 32 32h384c17.67 0 32-14.33 32-32v-32c0-17.67-14.33-32-32-32z\"><\/path><\/svg><\/span>\n\t\t\t<span class='e-closed'><svg aria-hidden=\"true\" class=\"e-font-icon-svg e-fas-plus\" viewBox=\"0 0 448 512\" xmlns=\"http:\/\/www.w3.org\/2000\/svg\"><path d=\"M416 208H272V64c0-17.67-14.33-32-32-32h-32c-17.67 0-32 14.33-32 32v144H32c-17.67 0-32 14.33-32 32v32c0 17.67 14.33 32 32 32h144v144c0 17.67 14.33 32 32 32h32c17.67 0 32-14.33 32-32V304h144c17.67 0 32-14.33 32-32v-32c0-17.67-14.33-32-32-32z\"><\/path><\/svg><\/span>\n\t\t<\/span>\n\n\t\t\t\t\t\t<\/summary>\n\t\t\t\t<div role=\"region\" aria-labelledby=\"e-n-accordion-item-4633\" class=\"elementor-element elementor-element-eb8424c e-flex e-con-boxed e-con e-child\" data-id=\"eb8424c\" data-element_type=\"container\" data-e-type=\"container\">\n\t\t\t\t\t<div class=\"e-con-inner\">\n\t\t\t\t<div class=\"elementor-element elementor-element-49707d6 elementor-widget elementor-widget-text-editor\" data-id=\"49707d6\" data-element_type=\"widget\" data-e-type=\"widget\" data-widget_type=\"text-editor.default\">\n\t\t\t\t<div class=\"elementor-widget-container\">\n\t\t\t\t\t\t\t\t\t<h5 data-start=\"306\" data-end=\"495\">Genie\u00dfen Sie ein <strong data-start=\"357\" data-end=\"375\">hausgemachtes Mittagessen<\/strong> und erleben Sie unseren Ansatz einer <strong data-start=\"407\" data-end=\"434\">gesunden, achtsamen Ern\u00e4hrung<\/strong>. Unsere Mahlzeiten unterst\u00fctzen die <strong data-start=\"454\" data-end=\"492\">k\u00f6rperliche und kognitive Entwicklung<\/strong>. <\/h5><h5 data-start=\"497\" data-end=\"607\"><strong data-start=\"509\" data-end=\"539\">CHF 10 Erwachsene &amp; CHF 5 Kinder<\/strong><br data-start=\"539\" data-end=\"542\"><strong data-start=\"545\" data-end=\"578\">Voranmeldung erforderlich<\/strong><\/h5>\t\t\t\t\t\t\t\t<\/div>\n\t\t\t\t<\/div>\n\t\t\t\t\t<\/div>\n\t\t\t\t<\/div>\n\t\t\t\t\t<\/details>\n\t\t\t\t\t\t<details id=\"e-n-accordion-item-4634\" class=\"e-n-accordion-item\" >\n\t\t\t\t<summary class=\"e-n-accordion-item-title\" data-accordion-index=\"5\" tabindex=\"-1\" aria-expanded=\"false\" aria-controls=\"e-n-accordion-item-4634\" >\n\t\t\t\t\t<span class='e-n-accordion-item-title-header'><div class=\"e-n-accordion-item-title-text\"> Buchverkauf <\/div><\/span>\n\t\t\t\t\t\t\t<span class='e-n-accordion-item-title-icon'>\n\t\t\t<span class='e-opened' ><svg aria-hidden=\"true\" class=\"e-font-icon-svg e-fas-minus\" viewBox=\"0 0 448 512\" xmlns=\"http:\/\/www.w3.org\/2000\/svg\"><path d=\"M416 208H32c-17.67 0-32 14.33-32 32v32c0 17.67 14.33 32 32 32h384c17.67 0 32-14.33 32-32v-32c0-17.67-14.33-32-32-32z\"><\/path><\/svg><\/span>\n\t\t\t<span class='e-closed'><svg aria-hidden=\"true\" class=\"e-font-icon-svg e-fas-plus\" viewBox=\"0 0 448 512\" xmlns=\"http:\/\/www.w3.org\/2000\/svg\"><path d=\"M416 208H272V64c0-17.67-14.33-32-32-32h-32c-17.67 0-32 14.33-32 32v144H32c-17.67 0-32 14.33-32 32v32c0 17.67 14.33 32 32 32h144v144c0 17.67 14.33 32 32 32h32c17.67 0 32-14.33 32-32V304h144c17.67 0 32-14.33 32-32v-32c0-17.67-14.33-32-32-32z\"><\/path><\/svg><\/span>\n\t\t<\/span>\n\n\t\t\t\t\t\t<\/summary>\n\t\t\t\t<div role=\"region\" aria-labelledby=\"e-n-accordion-item-4634\" class=\"elementor-element elementor-element-3eed80f e-flex e-con-boxed e-con e-child\" data-id=\"3eed80f\" data-element_type=\"container\" data-e-type=\"container\">\n\t\t\t\t\t<div class=\"e-con-inner\">\n\t\t\t\t<div class=\"elementor-element elementor-element-2d9c6b0 elementor-widget elementor-widget-text-editor\" data-id=\"2d9c6b0\" data-element_type=\"widget\" data-e-type=\"widget\" data-widget_type=\"text-editor.default\">\n\t\t\t\t<div class=\"elementor-widget-container\">\n\t\t\t\t\t\t\t\t\t<h5>Entdecken Sie eine Auswahl an Kinderb\u00fcchern auf Deutsch, Englisch und Franz\u00f6sisch. Alle B\u00fccher kosten zwischen CHF 2 und CHF 5. <\/h5>\t\t\t\t\t\t\t\t<\/div>\n\t\t\t\t<\/div>\n\t\t\t\t\t<\/div>\n\t\t\t\t<\/div>\n\t\t\t\t\t<\/details>\n\t\t\t\t\t<\/div>\n\t\t\t\t\t\t<\/div>\n\t\t\t\t<\/div>\n\t\t<div class=\"elementor-element elementor-element-c8576a9 e-con-full e-flex e-con e-child\" data-id=\"c8576a9\" data-element_type=\"container\" data-e-type=\"container\">\n\t\t<div class=\"elementor-element elementor-element-7f2d9e5 e-con-full e-flex e-con e-child\" data-id=\"7f2d9e5\" data-element_type=\"container\" data-e-type=\"container\">\n\t\t\t\t<\/div>\n\t\t\t\t<\/div>\n\t\t\t\t<\/div>\n\t\t\t\t<\/div>\n\t\t\t\t\t<\/div>\n\t\t\t\t<\/div>\n\t\t<div class=\"elementor-element elementor-element-984b25e e-grid e-con-boxed e-con e-parent\" data-id=\"984b25e\" data-element_type=\"container\" data-e-type=\"container\">\n\t\t\t\t\t<div class=\"e-con-inner\">\n\t\t\t\t<div class=\"elementor-element elementor-element-a1f2305 elementor-widget elementor-widget-image\" data-id=\"a1f2305\" data-element_type=\"widget\" data-e-type=\"widget\" data-widget_type=\"image.default\">\n\t\t\t\t<div class=\"elementor-widget-container\">\n\t\t\t\t\t\t\t\t\t\t\t\t\t\t\t<img decoding=\"async\" width=\"800\" height=\"1000\" src=\"https:\/\/www.childrenfirst.ch\/wp-content\/uploads\/1500\/11\/1-819x1024.png\" class=\"attachment-large size-large wp-image-7931\" alt=\"\" srcset=\"https:\/\/www.childrenfirst.ch\/wp-content\/uploads\/1500\/11\/1-819x1024.png 819w, https:\/\/www.childrenfirst.ch\/wp-content\/uploads\/1500\/11\/1-240x300.png 240w, https:\/\/www.childrenfirst.ch\/wp-content\/uploads\/1500\/11\/1-768x960.png 768w, https:\/\/www.childrenfirst.ch\/wp-content\/uploads\/1500\/11\/1.png 1080w\" sizes=\"(max-width: 800px) 100vw, 800px\" \/>\t\t\t\t\t\t\t\t\t\t\t\t\t\t\t<\/div>\n\t\t\t\t<\/div>\n\t\t\t\t<div class=\"elementor-element elementor-element-8c060f7 elementor-widget elementor-widget-image\" data-id=\"8c060f7\" data-element_type=\"widget\" data-e-type=\"widget\" data-widget_type=\"image.default\">\n\t\t\t\t<div class=\"elementor-widget-container\">\n\t\t\t\t\t\t\t\t\t\t\t\t\t\t\t<img decoding=\"async\" width=\"800\" height=\"1000\" src=\"https:\/\/www.childrenfirst.ch\/wp-content\/uploads\/1500\/11\/1-819x1024.jpg\" class=\"attachment-large size-large wp-image-7895\" alt=\"\" srcset=\"https:\/\/www.childrenfirst.ch\/wp-content\/uploads\/1500\/11\/1-819x1024.jpg 819w, https:\/\/www.childrenfirst.ch\/wp-content\/uploads\/1500\/11\/1-240x300.jpg 240w, https:\/\/www.childrenfirst.ch\/wp-content\/uploads\/1500\/11\/1-768x960.jpg 768w, https:\/\/www.childrenfirst.ch\/wp-content\/uploads\/1500\/11\/1.jpg 1080w\" sizes=\"(max-width: 800px) 100vw, 800px\" \/>\t\t\t\t\t\t\t\t\t\t\t\t\t\t\t<\/div>\n\t\t\t\t<\/div>\n\t\t\t\t<div class=\"elementor-element elementor-element-f743aef elementor-widget elementor-widget-image\" data-id=\"f743aef\" data-element_type=\"widget\" data-e-type=\"widget\" data-widget_type=\"image.default\">\n\t\t\t\t<div class=\"elementor-widget-container\">\n\t\t\t\t\t\t\t\t\t\t\t\t\t\t\t<img loading=\"lazy\" decoding=\"async\" width=\"800\" height=\"1000\" src=\"https:\/\/www.childrenfirst.ch\/wp-content\/uploads\/1500\/11\/3-819x1024.png\" class=\"attachment-large size-large wp-image-7935\" alt=\"\" srcset=\"https:\/\/www.childrenfirst.ch\/wp-content\/uploads\/1500\/11\/3-819x1024.png 819w, https:\/\/www.childrenfirst.ch\/wp-content\/uploads\/1500\/11\/3-240x300.png 240w, https:\/\/www.childrenfirst.ch\/wp-content\/uploads\/1500\/11\/3-768x960.png 768w, https:\/\/www.childrenfirst.ch\/wp-content\/uploads\/1500\/11\/3.png 1080w\" sizes=\"(max-width: 800px) 100vw, 800px\" \/>\t\t\t\t\t\t\t\t\t\t\t\t\t\t\t<\/div>\n\t\t\t\t<\/div>\n\t\t\t\t<div class=\"elementor-element elementor-element-6e2f18b elementor-widget elementor-widget-image\" data-id=\"6e2f18b\" data-element_type=\"widget\" data-e-type=\"widget\" data-widget_type=\"image.default\">\n\t\t\t\t<div class=\"elementor-widget-container\">\n\t\t\t\t\t\t\t\t\t\t\t\t\t\t\t<img loading=\"lazy\" decoding=\"async\" width=\"800\" height=\"1000\" src=\"https:\/\/www.childrenfirst.ch\/wp-content\/uploads\/1500\/11\/4-819x1024.png\" class=\"attachment-large size-large wp-image-7937\" alt=\"\" srcset=\"https:\/\/www.childrenfirst.ch\/wp-content\/uploads\/1500\/11\/4-819x1024.png 819w, https:\/\/www.childrenfirst.ch\/wp-content\/uploads\/1500\/11\/4-240x300.png 240w, https:\/\/www.childrenfirst.ch\/wp-content\/uploads\/1500\/11\/4-768x960.png 768w, https:\/\/www.childrenfirst.ch\/wp-content\/uploads\/1500\/11\/4.png 1080w\" sizes=\"(max-width: 800px) 100vw, 800px\" \/>\t\t\t\t\t\t\t\t\t\t\t\t\t\t\t<\/div>\n\t\t\t\t<\/div>\n\t\t\t\t<div class=\"elementor-element elementor-element-4e74615 elementor-widget elementor-widget-image\" data-id=\"4e74615\" data-element_type=\"widget\" data-e-type=\"widget\" data-widget_type=\"image.default\">\n\t\t\t\t<div class=\"elementor-widget-container\">\n\t\t\t\t\t\t\t\t\t\t\t\t\t\t\t<img loading=\"lazy\" decoding=\"async\" width=\"800\" height=\"1000\" src=\"https:\/\/www.childrenfirst.ch\/wp-content\/uploads\/1500\/11\/5-819x1024.png\" class=\"attachment-large size-large wp-image-7939\" alt=\"\" srcset=\"https:\/\/www.childrenfirst.ch\/wp-content\/uploads\/1500\/11\/5-819x1024.png 819w, https:\/\/www.childrenfirst.ch\/wp-content\/uploads\/1500\/11\/5-240x300.png 240w, https:\/\/www.childrenfirst.ch\/wp-content\/uploads\/1500\/11\/5-768x960.png 768w, https:\/\/www.childrenfirst.ch\/wp-content\/uploads\/1500\/11\/5.png 1080w\" sizes=\"(max-width: 800px) 100vw, 800px\" \/>\t\t\t\t\t\t\t\t\t\t\t\t\t\t\t<\/div>\n\t\t\t\t<\/div>\n\t\t\t\t<div class=\"elementor-element elementor-element-442f796 elementor-widget elementor-widget-image\" data-id=\"442f796\" data-element_type=\"widget\" data-e-type=\"widget\" data-widget_type=\"image.default\">\n\t\t\t\t<div class=\"elementor-widget-container\">\n\t\t\t\t\t\t\t\t\t\t\t\t\t\t\t<img loading=\"lazy\" decoding=\"async\" width=\"800\" height=\"1000\" src=\"https:\/\/www.childrenfirst.ch\/wp-content\/uploads\/1500\/11\/6-819x1024.png\" class=\"attachment-large size-large wp-image-7941\" alt=\"\" srcset=\"https:\/\/www.childrenfirst.ch\/wp-content\/uploads\/1500\/11\/6-819x1024.png 819w, https:\/\/www.childrenfirst.ch\/wp-content\/uploads\/1500\/11\/6-240x300.png 240w, https:\/\/www.childrenfirst.ch\/wp-content\/uploads\/1500\/11\/6-768x960.png 768w, https:\/\/www.childrenfirst.ch\/wp-content\/uploads\/1500\/11\/6.png 1080w\" sizes=\"(max-width: 800px) 100vw, 800px\" \/>\t\t\t\t\t\t\t\t\t\t\t\t\t\t\t<\/div>\n\t\t\t\t<\/div>\n\t\t\t\t\t<\/div>\n\t\t\t\t<\/div>\n\t\t<div class=\"elementor-element elementor-element-a7736d7 e-flex e-con-boxed e-con e-parent\" data-id=\"a7736d7\" data-element_type=\"container\" data-e-type=\"container\">\n\t\t\t\t\t<div class=\"e-con-inner\">\n\t\t\t\t<div class=\"elementor-element elementor-element-4d6e0c5 elementor-widget elementor-widget-spacer\" data-id=\"4d6e0c5\" data-element_type=\"widget\" data-e-type=\"widget\" data-widget_type=\"spacer.default\">\n\t\t\t\t<div class=\"elementor-widget-container\">\n\t\t\t\t\t\t\t<div class=\"elementor-spacer\">\n\t\t\t<div class=\"elementor-spacer-inner\"><\/div>\n\t\t<\/div>\n\t\t\t\t\t\t<\/div>\n\t\t\t\t<\/div>\n\t\t\t\t<div class=\"elementor-element elementor-element-8d99ff4 elementor-widget elementor-widget-shortcode\" data-id=\"8d99ff4\" data-element_type=\"widget\" data-e-type=\"widget\" data-widget_type=\"shortcode.default\">\n\t\t\t\t<div class=\"elementor-widget-container\">\n\t\t\t\t\t\t\t<div class=\"elementor-shortcode\">\n<div class=\"wpcf7 no-js\" id=\"wpcf7-f5441-o1\" lang=\"en-US\" dir=\"ltr\" data-wpcf7-id=\"5441\">\n<div class=\"screen-reader-response\"><p role=\"status\" aria-live=\"polite\" aria-atomic=\"true\"><\/p> <ul><\/ul><\/div>\n<form action=\"\/de\/wp-json\/wp\/v2\/posts\/4035#wpcf7-f5441-o1\" method=\"post\" class=\"wpcf7-form init\" aria-label=\"Contact form\" novalidate=\"novalidate\" data-status=\"init\">\n<fieldset class=\"hidden-fields-container\"><input type=\"hidden\" name=\"_wpcf7\" value=\"5441\" \/><input type=\"hidden\" name=\"_wpcf7_version\" value=\"6.1.6\" \/><input type=\"hidden\" name=\"_wpcf7_locale\" value=\"en_US\" \/><input type=\"hidden\" name=\"_wpcf7_unit_tag\" value=\"wpcf7-f5441-o1\" \/><input type=\"hidden\" name=\"_wpcf7_container_post\" value=\"0\" \/><input type=\"hidden\" name=\"_wpcf7_posted_data_hash\" value=\"\" \/><input type=\"hidden\" name=\"_wpcf7_recaptcha_response\" value=\"\" \/>\n<\/fieldset>\n<div class=\"form-row\" style=\"text-align:left;\">\n\t<div class=\"form-field\" style=\"margin-bottom:0px;\">\n\t\t<p><label>Name <span class=\"asterik\">*<\/span><\/label>\n\t\t<\/p>\n\t<\/div>\n<\/div>\n<div class=\"form-row\">\n\t<div class=\"col-sm-6\">\n\t\t<div class=\"form-field\">\n\t\t\t<p><span class=\"wpcf7-form-control-wrap\" data-name=\"firstname\"><input size=\"40\" maxlength=\"400\" class=\"wpcf7-form-control wpcf7-text wpcf7-validates-as-required\" aria-required=\"true\" aria-invalid=\"false\" placeholder=\"First\" value=\"\" type=\"text\" name=\"firstname\" \/><\/span>\n\t\t\t<\/p>\n\t\t<\/div>\n\t<\/div>\n\t<div class=\"col-sm-6\">\n\t\t<div class=\"form-field\">\n\t\t\t<p><span class=\"wpcf7-form-control-wrap\" data-name=\"lastname\"><input size=\"40\" maxlength=\"400\" class=\"wpcf7-form-control wpcf7-text wpcf7-validates-as-required\" aria-required=\"true\" aria-invalid=\"false\" placeholder=\"Last\" value=\"\" type=\"text\" name=\"lastname\" \/><\/span>\n\t\t\t<\/p>\n\t\t<\/div>\n\t<\/div>\n<\/div>\n<div class=\"form-row\" style=\"text-align:left;\">\n\t<div class=\"form-field\" style=\"margin-bottom:0px;\">\n\t\t<p><label>Child's Name<span class=\"asterik\">*<\/span><\/label>\n\t\t<\/p>\n\t<\/div>\n<\/div>\n<div class=\"form-row\">\n\t<div class=\"col-sm-6\">\n\t\t<div class=\"form-field\">\n\t\t\t<p><span class=\"wpcf7-form-control-wrap\" data-name=\"child-first\"><input size=\"40\" maxlength=\"400\" class=\"wpcf7-form-control wpcf7-text wpcf7-validates-as-required\" aria-required=\"true\" aria-invalid=\"false\" placeholder=\"First\" value=\"\" type=\"text\" name=\"child-first\" \/><\/span>\n\t\t\t<\/p>\n\t\t<\/div>\n\t<\/div>\n\t<div class=\"col-sm-6\">\n\t\t<div class=\"form-field\">\n\t\t\t<p><span class=\"wpcf7-form-control-wrap\" data-name=\"child-last\"><input size=\"40\" maxlength=\"400\" class=\"wpcf7-form-control wpcf7-text wpcf7-validates-as-required\" aria-required=\"true\" aria-invalid=\"false\" placeholder=\"Last\" value=\"\" type=\"text\" name=\"child-last\" \/><\/span>\n\t\t\t<\/p>\n\t\t<\/div>\n\t<\/div>\n<\/div>\n<div class=\"form-row\">\n\t<div class=\"col-sm-12\">\n\t\t<div class=\"form-field\">\n\t\t\t<p><label>Child's date of birth<span class=\"asterik\">*<\/span><\/label><br \/>\n<span class=\"wpcf7-form-control-wrap\" data-name=\"child-dob\"><input size=\"40\" maxlength=\"400\" class=\"wpcf7-form-control wpcf7-text wpcf7-validates-as-required\" aria-required=\"true\" aria-invalid=\"false\" value=\"\" type=\"text\" name=\"child-dob\" \/><\/span>\n\t\t\t<\/p>\n\t\t<\/div>\n\t<\/div>\n<\/div>\n<div class=\"form-row\">\n\t<div class=\"col-sm-12\">\n\t\t<div class=\"form-field\">\n\t\t\t<p><label>Registration<\/label><br \/>\n<span class=\"wpcf7-form-control-wrap\" data-name=\"registration\"><span class=\"wpcf7-form-control wpcf7-checkbox\"><span class=\"wpcf7-list-item first last\"><label><input type=\"checkbox\" name=\"registration[]\" value=\"I would like to attend the open house on 29th August 2026\" \/><span class=\"wpcf7-list-item-label\">I would like to attend the open house on 29th August 2026<\/span><\/label><\/span><\/span><\/span>\n\t\t\t<\/p>\n\t\t<\/div>\n\t<\/div>\n<\/div>\n<div class=\"form-row\">\n\t<div class=\"col-sm-6\">\n\t\t<div class=\"form-field\">\n\t\t\t<p><label>Email<span class=\"asterik\">*<\/span><\/label><br \/>\n<span class=\"wpcf7-form-control-wrap\" data-name=\"email-925\"><input size=\"40\" maxlength=\"400\" class=\"wpcf7-form-control wpcf7-email wpcf7-validates-as-required wpcf7-text wpcf7-validates-as-email\" aria-required=\"true\" aria-invalid=\"false\" value=\"\" type=\"email\" name=\"email-925\" \/><\/span>\n\t\t\t<\/p>\n\t\t<\/div>\n\t<\/div>\n\t<div class=\"col-sm-6\">\n\t\t<div class=\"form-field\">\n\t\t\t<p><label>Phone<span class=\"asterik\">*<\/span><\/label><br \/>\n<span class=\"wpcf7-form-control-wrap\" data-name=\"phone\"><input size=\"40\" maxlength=\"400\" class=\"wpcf7-form-control wpcf7-text wpcf7-validates-as-required\" aria-required=\"true\" aria-invalid=\"false\" value=\"\" type=\"text\" name=\"phone\" \/><\/span>\n\t\t\t<\/p>\n\t\t<\/div>\n\t<\/div>\n<\/div>\n<div class=\"form-row\">\n\t<div class=\"col-sm-12\">\n\t\t<div class=\"form-field\">\n\t\t\t<p><label>How did you hear about us:<span class=\"asterik\">*<\/span><\/label><br \/>\n<span class=\"wpcf7-form-control-wrap\" data-name=\"how-hear\"><input size=\"40\" maxlength=\"400\" class=\"wpcf7-form-control wpcf7-text wpcf7-validates-as-required\" aria-required=\"true\" aria-invalid=\"false\" value=\"\" type=\"text\" name=\"how-hear\" \/><\/span>\n\t\t\t<\/p>\n\t\t<\/div>\n\t<\/div>\n<\/div>\n<div class=\"form-row\">\n\t<div class=\"col-sm-12\">\n\t\t<div class=\"form-field\">\n\t\t\t<p><label>Message:<\/label><br \/>\n<span class=\"wpcf7-form-control-wrap\" data-name=\"message\"><textarea cols=\"40\" rows=\"10\" maxlength=\"2000\" class=\"wpcf7-form-control wpcf7-textarea\" aria-invalid=\"false\" name=\"message\"><\/textarea><\/span><br \/>\n<span>If you are registering multiple children, please enter the additional information in the message section.<\/span>\n\t\t\t<\/p>\n\t\t<\/div>\n\t<\/div>\n<\/div>\n<div class=\"form-row\">\n\t<div class=\"col-sm-12\">\n\t\t<div class=\"form-field\">\n\t\t\t<p><label>News<\/label><br \/>\n<span class=\"wpcf7-form-control-wrap\" data-name=\"checkbox-news\"><span class=\"wpcf7-form-control wpcf7-checkbox\"><span class=\"wpcf7-list-item first last\"><label><input type=\"checkbox\" name=\"checkbox-news[]\" value=\"I would like to receive news from Children First\" \/><span class=\"wpcf7-list-item-label\">I would like to receive news from Children First<\/span><\/label><\/span><\/span><\/span>\n\t\t\t<\/p>\n\t\t<\/div>\n\t<\/div>\n<\/div>\n<div class=\"form-row\">\n\t<div class=\"col-sm-12\">\n\t\t<div class=\"form-field\">\n\t\t\t<p><span>Children First will not pass on your details to others.<\/span>\n\t\t\t<\/p>\n\t\t<\/div>\n\t<\/div>\n<\/div>\n<input class=\"wpcf7-form-control wpcf7-hidden\" value=\"\" type=\"hidden\" name=\"campaign-ref\" \/>\n<div class=\"form-row\">\n\t<div class=\"col-sm-12\">\n\t\t<div class=\"form-field submit-btn\">\n\t\t<input class=\"wpcf7-form-control wpcf7-hidden\" id=\"post-url\" value=\"\" type=\"hidden\" name=\"post-url\" \/>\n\t\t<input class=\"wpcf7-form-control wpcf7-hidden\" value=\"\" type=\"hidden\" name=\"campaign-ref\" \/>\n\t\t\t<p><input class=\"wpcf7-form-control wpcf7-submit has-spinner\" type=\"submit\" value=\"Send Message\" \/>\n\t\t\t<\/p>\n\t\t<\/div>\n\t<\/div>\n<\/div><div class=\"wpcf7-response-output\" aria-hidden=\"true\"><\/div>\n<\/form>\n<\/div>\n<\/div>\n\t\t\t\t\t\t<\/div>\n\t\t\t\t<\/div>\n\t\t\t\t\t<\/div>\n\t\t\t\t<\/div>\n\t\t<div class=\"elementor-element elementor-element-806e17b e-flex e-con-boxed e-con e-parent\" data-id=\"806e17b\" data-element_type=\"container\" data-e-type=\"container\">\n\t\t\t\t\t<div class=\"e-con-inner\">\n\t\t\t\t\t<\/div>\n\t\t\t\t<\/div>\n\t\t\t\t<\/div>\n\t\t","protected":false},"excerpt":{"rendered":"<p>Sie sind eingeladen, die Lehrer, die Children First so besonders machen, in unserer sch\u00f6nen Villa f\u00fcr Kinder im Z\u00fcrcher Seefeld kennenzulernen. Wir freuen uns darauf, Sie am Samstag, den 24. Januar 2026 an der Freiestrasse 175, Z\u00fcrich 8032, begr\u00fc\u00dfen zu d\u00fcrfen.   <\/p>\n","protected":false},"author":1,"featured_media":7801,"comment_status":"closed","ping_status":"open","sticky":false,"template":"","format":"standard","meta":{"_acf_changed":false,"footnotes":""},"categories":[25,15,4],"tags":[114,71,119,45,123,120,122,117,121,118,44],"class_list":["post-4035","post","type-post","status-publish","format-standard","has-post-thumbnail","hentry","category-homepage-de","category-konzept","category-unkategorisiert","tag-children-first-zurich-de","tag-fruhkindliche-bildung","tag-internationaler-kindergarten-zurich","tag-kindergarten-zurich-de","tag-tag-der-offenen-tur-2026-zurich-bilingualer-kindergarten","tag-tag-der-offenen-tur-im-kindergarten","tag-tag-der-offenen-tur-kindergarten-zurich","tag-tag-der-offenen-tur-zurich","tag-tag-der-offenen-tur-zurich-nursery","tag-vorschule-zurich","tag-zurich-familien"],"acf":[],"yoast_head":"<!-- This site is optimized with the Yoast SEO plugin v28.2 - https:\/\/yoast.com\/product\/yoast-seo-wordpress\/ -->\n<title>Tag der offenen T\u00fcr bei Children First in Z\u00fcrich - 24. Januar 2026<\/title>\n<meta name=\"description\" content=\"Kommen Sie am 24. Januar 2026 zu unserem Tag der offenen T\u00fcr bei Children First in Z\u00fcrich! Lernen Sie unsere Lehrer kennen, erkunden Sie die Montessori-Klassenzimmer und genie\u00dfen Sie praktische Workshops zu den Themen frische Lebensmittel, gesunde Ern\u00e4hrung und kindliche Entwicklung.\" \/>\n<meta name=\"robots\" content=\"index, follow, max-snippet:-1, max-image-preview:large, max-video-preview:-1\" \/>\n<link rel=\"canonical\" href=\"https:\/\/www.childrenfirst.ch\/de\/open-house\/\" \/>\n<meta property=\"og:locale\" content=\"de_DE\" \/>\n<meta property=\"og:type\" content=\"article\" \/>\n<meta property=\"og:title\" content=\"Tag der offenen T\u00fcr bei Children First in Z\u00fcrich - 24. Januar 2026\" \/>\n<meta property=\"og:description\" content=\"Kommen Sie am 24. Januar 2026 zu unserem Tag der offenen T\u00fcr bei Children First in Z\u00fcrich! Lernen Sie unsere Lehrer kennen, erkunden Sie die Montessori-Klassenzimmer und genie\u00dfen Sie praktische Workshops zu den Themen frische Lebensmittel, gesunde Ern\u00e4hrung und kindliche Entwicklung.\" \/>\n<meta property=\"og:url\" content=\"https:\/\/www.childrenfirst.ch\/de\/open-house\/\" \/>\n<meta property=\"og:site_name\" content=\"Children First\" \/>\n<meta property=\"article:published_time\" content=\"1500-11-22T10:00:19+00:00\" \/>\n<meta property=\"article:modified_time\" content=\"2026-02-10T08:47:17+00:00\" \/>\n<meta property=\"og:image\" content=\"https:\/\/www.childrenfirst.ch\/wp-content\/uploads\/1900\/11\/Saturday-8th-November-2025-930-1300-2.png\" \/>\n\t<meta property=\"og:image:width\" content=\"1080\" \/>\n\t<meta property=\"og:image:height\" content=\"1350\" \/>\n\t<meta property=\"og:image:type\" content=\"image\/png\" \/>\n<meta name=\"author\" content=\"admin\" \/>\n<meta name=\"twitter:card\" content=\"summary_large_image\" \/>\n<meta name=\"twitter:label1\" content=\"Verfasst von\" \/>\n\t<meta name=\"twitter:data1\" content=\"admin\" \/>\n\t<meta name=\"twitter:label2\" content=\"Gesch\u00e4tzte Lesezeit\" \/>\n\t<meta name=\"twitter:data2\" content=\"5\u00a0Minuten\" \/>\n<script type=\"application\/ld+json\" class=\"yoast-schema-graph\">{\"@context\":\"https:\\\/\\\/schema.org\",\"@graph\":[{\"@type\":\"Article\",\"@id\":\"https:\\\/\\\/www.childrenfirst.ch\\\/de\\\/open-house\\\/#article\",\"isPartOf\":{\"@id\":\"https:\\\/\\\/www.childrenfirst.ch\\\/de\\\/open-house\\\/\"},\"author\":{\"name\":\"admin\",\"@id\":\"https:\\\/\\\/www.childrenfirst.ch\\\/de\\\/#\\\/schema\\\/person\\\/a832af17dfc90d660f31f3157233c9fb\"},\"headline\":\"Vergangene Veranstaltung: Tag der offenen T\u00fcr 2026 bei Children First in Z\u00fcrich\",\"datePublished\":\"1500-11-22T10:00:19+00:00\",\"dateModified\":\"2026-02-10T08:47:17+00:00\",\"mainEntityOfPage\":{\"@id\":\"https:\\\/\\\/www.childrenfirst.ch\\\/de\\\/open-house\\\/\"},\"wordCount\":684,\"publisher\":{\"@id\":\"https:\\\/\\\/www.childrenfirst.ch\\\/de\\\/#organization\"},\"image\":{\"@id\":\"https:\\\/\\\/www.childrenfirst.ch\\\/de\\\/open-house\\\/#primaryimage\"},\"thumbnailUrl\":\"https:\\\/\\\/www.childrenfirst.ch\\\/wp-content\\\/uploads\\\/1900\\\/11\\\/Saturday-8th-November-2025-930-1300-2.png\",\"keywords\":[\"Children First Zurich\",\"Fr\u00fchkindliche Bildung\",\"Internationaler Kindergarten Z\u00fcrich\",\"Kindergarten Z\u00fcrich\",\"Tag der offenen T\u00fcr 2026 Z\u00fcrich Bilingualer Kindergarten\",\"Tag der offenen T\u00fcr im Kindergarten\",\"Tag der offenen T\u00fcr Kindergarten Z\u00fcrich\",\"Tag der offenen T\u00fcr Z\u00fcrich\",\"Tag der offenen T\u00fcr Zurich Nursery\",\"Vorschule Z\u00fcrich\",\"Z\u00fcrich Familien\"],\"articleSection\":[\"Homepage\",\"Konzept\",\"Unkategorisiert\"],\"inLanguage\":\"de\"},{\"@type\":\"WebPage\",\"@id\":\"https:\\\/\\\/www.childrenfirst.ch\\\/de\\\/open-house\\\/\",\"url\":\"https:\\\/\\\/www.childrenfirst.ch\\\/de\\\/open-house\\\/\",\"name\":\"Tag der offenen T\u00fcr bei Children First in Z\u00fcrich - 24. Januar 2026\",\"isPartOf\":{\"@id\":\"https:\\\/\\\/www.childrenfirst.ch\\\/de\\\/#website\"},\"primaryImageOfPage\":{\"@id\":\"https:\\\/\\\/www.childrenfirst.ch\\\/de\\\/open-house\\\/#primaryimage\"},\"image\":{\"@id\":\"https:\\\/\\\/www.childrenfirst.ch\\\/de\\\/open-house\\\/#primaryimage\"},\"thumbnailUrl\":\"https:\\\/\\\/www.childrenfirst.ch\\\/wp-content\\\/uploads\\\/1900\\\/11\\\/Saturday-8th-November-2025-930-1300-2.png\",\"datePublished\":\"1500-11-22T10:00:19+00:00\",\"dateModified\":\"2026-02-10T08:47:17+00:00\",\"description\":\"Kommen Sie am 24. Januar 2026 zu unserem Tag der offenen T\u00fcr bei Children First in Z\u00fcrich! Lernen Sie unsere Lehrer kennen, erkunden Sie die Montessori-Klassenzimmer und genie\u00dfen Sie praktische Workshops zu den Themen frische Lebensmittel, gesunde Ern\u00e4hrung und kindliche Entwicklung.\",\"breadcrumb\":{\"@id\":\"https:\\\/\\\/www.childrenfirst.ch\\\/de\\\/open-house\\\/#breadcrumb\"},\"inLanguage\":\"de\",\"potentialAction\":[{\"@type\":\"ReadAction\",\"target\":[\"https:\\\/\\\/www.childrenfirst.ch\\\/de\\\/open-house\\\/\"]}]},{\"@type\":\"ImageObject\",\"inLanguage\":\"de\",\"@id\":\"https:\\\/\\\/www.childrenfirst.ch\\\/de\\\/open-house\\\/#primaryimage\",\"url\":\"https:\\\/\\\/www.childrenfirst.ch\\\/wp-content\\\/uploads\\\/1900\\\/11\\\/Saturday-8th-November-2025-930-1300-2.png\",\"contentUrl\":\"https:\\\/\\\/www.childrenfirst.ch\\\/wp-content\\\/uploads\\\/1900\\\/11\\\/Saturday-8th-November-2025-930-1300-2.png\",\"width\":1080,\"height\":1350},{\"@type\":\"BreadcrumbList\",\"@id\":\"https:\\\/\\\/www.childrenfirst.ch\\\/de\\\/open-house\\\/#breadcrumb\",\"itemListElement\":[{\"@type\":\"ListItem\",\"position\":1,\"name\":\"Home\",\"item\":\"https:\\\/\\\/www.childrenfirst.ch\\\/de\\\/\"},{\"@type\":\"ListItem\",\"position\":2,\"name\":\"Vergangene Veranstaltung: Tag der offenen T\u00fcr 2026 bei Children First in Z\u00fcrich\"}]},{\"@type\":\"WebSite\",\"@id\":\"https:\\\/\\\/www.childrenfirst.ch\\\/de\\\/#website\",\"url\":\"https:\\\/\\\/www.childrenfirst.ch\\\/de\\\/\",\"name\":\"Children First\",\"description\":\"International daycare, preschool and kindergarten\",\"publisher\":{\"@id\":\"https:\\\/\\\/www.childrenfirst.ch\\\/de\\\/#organization\"},\"potentialAction\":[{\"@type\":\"SearchAction\",\"target\":{\"@type\":\"EntryPoint\",\"urlTemplate\":\"https:\\\/\\\/www.childrenfirst.ch\\\/de\\\/?s={search_term_string}\"},\"query-input\":{\"@type\":\"PropertyValueSpecification\",\"valueRequired\":true,\"valueName\":\"search_term_string\"}}],\"inLanguage\":\"de\"},{\"@type\":\"Organization\",\"@id\":\"https:\\\/\\\/www.childrenfirst.ch\\\/de\\\/#organization\",\"name\":\"Children First\",\"url\":\"https:\\\/\\\/www.childrenfirst.ch\\\/de\\\/\",\"logo\":{\"@type\":\"ImageObject\",\"inLanguage\":\"de\",\"@id\":\"https:\\\/\\\/www.childrenfirst.ch\\\/de\\\/#\\\/schema\\\/logo\\\/image\\\/\",\"url\":\"https:\\\/\\\/www.childrenfirst.ch\\\/wp-content\\\/uploads\\\/2024\\\/12\\\/logo-1.png\",\"contentUrl\":\"https:\\\/\\\/www.childrenfirst.ch\\\/wp-content\\\/uploads\\\/2024\\\/12\\\/logo-1.png\",\"width\":305,\"height\":82,\"caption\":\"Children First\"},\"image\":{\"@id\":\"https:\\\/\\\/www.childrenfirst.ch\\\/de\\\/#\\\/schema\\\/logo\\\/image\\\/\"}},{\"@type\":\"Person\",\"@id\":\"https:\\\/\\\/www.childrenfirst.ch\\\/de\\\/#\\\/schema\\\/person\\\/a832af17dfc90d660f31f3157233c9fb\",\"name\":\"admin\",\"image\":{\"@type\":\"ImageObject\",\"inLanguage\":\"de\",\"@id\":\"https:\\\/\\\/secure.gravatar.com\\\/avatar\\\/530c0b7176af0851ac965188da35d9c62dcefbfc429a0cd148df5cec3e2abc82?s=96&d=mm&r=g\",\"url\":\"https:\\\/\\\/secure.gravatar.com\\\/avatar\\\/530c0b7176af0851ac965188da35d9c62dcefbfc429a0cd148df5cec3e2abc82?s=96&d=mm&r=g\",\"contentUrl\":\"https:\\\/\\\/secure.gravatar.com\\\/avatar\\\/530c0b7176af0851ac965188da35d9c62dcefbfc429a0cd148df5cec3e2abc82?s=96&d=mm&r=g\",\"caption\":\"admin\"},\"url\":\"https:\\\/\\\/www.childrenfirst.ch\\\/de\\\/author\\\/mauricio\\\/\"}]}<\/script>\n<!-- \/ Yoast SEO plugin. -->","yoast_head_json":{"title":"Tag der offenen T\u00fcr bei Children First in Z\u00fcrich - 24. Januar 2026","description":"Kommen Sie am 24. Januar 2026 zu unserem Tag der offenen T\u00fcr bei Children First in Z\u00fcrich! Lernen Sie unsere Lehrer kennen, erkunden Sie die Montessori-Klassenzimmer und genie\u00dfen Sie praktische Workshops zu den Themen frische Lebensmittel, gesunde Ern\u00e4hrung und kindliche Entwicklung.","robots":{"index":"index","follow":"follow","max-snippet":"max-snippet:-1","max-image-preview":"max-image-preview:large","max-video-preview":"max-video-preview:-1"},"canonical":"https:\/\/www.childrenfirst.ch\/de\/open-house\/","og_locale":"de_DE","og_type":"article","og_title":"Tag der offenen T\u00fcr bei Children First in Z\u00fcrich - 24. Januar 2026","og_description":"Kommen Sie am 24. Januar 2026 zu unserem Tag der offenen T\u00fcr bei Children First in Z\u00fcrich! Lernen Sie unsere Lehrer kennen, erkunden Sie die Montessori-Klassenzimmer und genie\u00dfen Sie praktische Workshops zu den Themen frische Lebensmittel, gesunde Ern\u00e4hrung und kindliche Entwicklung.","og_url":"https:\/\/www.childrenfirst.ch\/de\/open-house\/","og_site_name":"Children First","article_published_time":"1500-11-22T10:00:19+00:00","article_modified_time":"2026-02-10T08:47:17+00:00","og_image":[{"width":1080,"height":1350,"url":"https:\/\/www.childrenfirst.ch\/wp-content\/uploads\/1900\/11\/Saturday-8th-November-2025-930-1300-2.png","type":"image\/png"}],"author":"admin","twitter_card":"summary_large_image","twitter_misc":{"Verfasst von":"admin","Gesch\u00e4tzte Lesezeit":"5\u00a0Minuten"},"schema":{"@context":"https:\/\/schema.org","@graph":[{"@type":"Article","@id":"https:\/\/www.childrenfirst.ch\/de\/open-house\/#article","isPartOf":{"@id":"https:\/\/www.childrenfirst.ch\/de\/open-house\/"},"author":{"name":"admin","@id":"https:\/\/www.childrenfirst.ch\/de\/#\/schema\/person\/a832af17dfc90d660f31f3157233c9fb"},"headline":"Vergangene Veranstaltung: Tag der offenen T\u00fcr 2026 bei Children First in Z\u00fcrich","datePublished":"1500-11-22T10:00:19+00:00","dateModified":"2026-02-10T08:47:17+00:00","mainEntityOfPage":{"@id":"https:\/\/www.childrenfirst.ch\/de\/open-house\/"},"wordCount":684,"publisher":{"@id":"https:\/\/www.childrenfirst.ch\/de\/#organization"},"image":{"@id":"https:\/\/www.childrenfirst.ch\/de\/open-house\/#primaryimage"},"thumbnailUrl":"https:\/\/www.childrenfirst.ch\/wp-content\/uploads\/1900\/11\/Saturday-8th-November-2025-930-1300-2.png","keywords":["Children First Zurich","Fr\u00fchkindliche Bildung","Internationaler Kindergarten Z\u00fcrich","Kindergarten Z\u00fcrich","Tag der offenen T\u00fcr 2026 Z\u00fcrich Bilingualer Kindergarten","Tag der offenen T\u00fcr im Kindergarten","Tag der offenen T\u00fcr Kindergarten Z\u00fcrich","Tag der offenen T\u00fcr Z\u00fcrich","Tag der offenen T\u00fcr Zurich Nursery","Vorschule Z\u00fcrich","Z\u00fcrich Familien"],"articleSection":["Homepage","Konzept","Unkategorisiert"],"inLanguage":"de"},{"@type":"WebPage","@id":"https:\/\/www.childrenfirst.ch\/de\/open-house\/","url":"https:\/\/www.childrenfirst.ch\/de\/open-house\/","name":"Tag der offenen T\u00fcr bei Children First in Z\u00fcrich - 24. Januar 2026","isPartOf":{"@id":"https:\/\/www.childrenfirst.ch\/de\/#website"},"primaryImageOfPage":{"@id":"https:\/\/www.childrenfirst.ch\/de\/open-house\/#primaryimage"},"image":{"@id":"https:\/\/www.childrenfirst.ch\/de\/open-house\/#primaryimage"},"thumbnailUrl":"https:\/\/www.childrenfirst.ch\/wp-content\/uploads\/1900\/11\/Saturday-8th-November-2025-930-1300-2.png","datePublished":"1500-11-22T10:00:19+00:00","dateModified":"2026-02-10T08:47:17+00:00","description":"Kommen Sie am 24. Januar 2026 zu unserem Tag der offenen T\u00fcr bei Children First in Z\u00fcrich! Lernen Sie unsere Lehrer kennen, erkunden Sie die Montessori-Klassenzimmer und genie\u00dfen Sie praktische Workshops zu den Themen frische Lebensmittel, gesunde Ern\u00e4hrung und kindliche Entwicklung.","breadcrumb":{"@id":"https:\/\/www.childrenfirst.ch\/de\/open-house\/#breadcrumb"},"inLanguage":"de","potentialAction":[{"@type":"ReadAction","target":["https:\/\/www.childrenfirst.ch\/de\/open-house\/"]}]},{"@type":"ImageObject","inLanguage":"de","@id":"https:\/\/www.childrenfirst.ch\/de\/open-house\/#primaryimage","url":"https:\/\/www.childrenfirst.ch\/wp-content\/uploads\/1900\/11\/Saturday-8th-November-2025-930-1300-2.png","contentUrl":"https:\/\/www.childrenfirst.ch\/wp-content\/uploads\/1900\/11\/Saturday-8th-November-2025-930-1300-2.png","width":1080,"height":1350},{"@type":"BreadcrumbList","@id":"https:\/\/www.childrenfirst.ch\/de\/open-house\/#breadcrumb","itemListElement":[{"@type":"ListItem","position":1,"name":"Home","item":"https:\/\/www.childrenfirst.ch\/de\/"},{"@type":"ListItem","position":2,"name":"Vergangene Veranstaltung: Tag der offenen T\u00fcr 2026 bei Children First in Z\u00fcrich"}]},{"@type":"WebSite","@id":"https:\/\/www.childrenfirst.ch\/de\/#website","url":"https:\/\/www.childrenfirst.ch\/de\/","name":"Children First","description":"International daycare, preschool and kindergarten","publisher":{"@id":"https:\/\/www.childrenfirst.ch\/de\/#organization"},"potentialAction":[{"@type":"SearchAction","target":{"@type":"EntryPoint","urlTemplate":"https:\/\/www.childrenfirst.ch\/de\/?s={search_term_string}"},"query-input":{"@type":"PropertyValueSpecification","valueRequired":true,"valueName":"search_term_string"}}],"inLanguage":"de"},{"@type":"Organization","@id":"https:\/\/www.childrenfirst.ch\/de\/#organization","name":"Children First","url":"https:\/\/www.childrenfirst.ch\/de\/","logo":{"@type":"ImageObject","inLanguage":"de","@id":"https:\/\/www.childrenfirst.ch\/de\/#\/schema\/logo\/image\/","url":"https:\/\/www.childrenfirst.ch\/wp-content\/uploads\/2024\/12\/logo-1.png","contentUrl":"https:\/\/www.childrenfirst.ch\/wp-content\/uploads\/2024\/12\/logo-1.png","width":305,"height":82,"caption":"Children First"},"image":{"@id":"https:\/\/www.childrenfirst.ch\/de\/#\/schema\/logo\/image\/"}},{"@type":"Person","@id":"https:\/\/www.childrenfirst.ch\/de\/#\/schema\/person\/a832af17dfc90d660f31f3157233c9fb","name":"admin","image":{"@type":"ImageObject","inLanguage":"de","@id":"https:\/\/secure.gravatar.com\/avatar\/530c0b7176af0851ac965188da35d9c62dcefbfc429a0cd148df5cec3e2abc82?s=96&d=mm&r=g","url":"https:\/\/secure.gravatar.com\/avatar\/530c0b7176af0851ac965188da35d9c62dcefbfc429a0cd148df5cec3e2abc82?s=96&d=mm&r=g","contentUrl":"https:\/\/secure.gravatar.com\/avatar\/530c0b7176af0851ac965188da35d9c62dcefbfc429a0cd148df5cec3e2abc82?s=96&d=mm&r=g","caption":"admin"},"url":"https:\/\/www.childrenfirst.ch\/de\/author\/mauricio\/"}]}},"_links":{"self":[{"href":"https:\/\/www.childrenfirst.ch\/de\/wp-json\/wp\/v2\/posts\/4035","targetHints":{"allow":["GET"]}}],"collection":[{"href":"https:\/\/www.childrenfirst.ch\/de\/wp-json\/wp\/v2\/posts"}],"about":[{"href":"https:\/\/www.childrenfirst.ch\/de\/wp-json\/wp\/v2\/types\/post"}],"author":[{"embeddable":true,"href":"https:\/\/www.childrenfirst.ch\/de\/wp-json\/wp\/v2\/users\/1"}],"replies":[{"embeddable":true,"href":"https:\/\/www.childrenfirst.ch\/de\/wp-json\/wp\/v2\/comments?post=4035"}],"version-history":[{"count":88,"href":"https:\/\/www.childrenfirst.ch\/de\/wp-json\/wp\/v2\/posts\/4035\/revisions"}],"predecessor-version":[{"id":8034,"href":"https:\/\/www.childrenfirst.ch\/de\/wp-json\/wp\/v2\/posts\/4035\/revisions\/8034"}],"wp:featuredmedia":[{"embeddable":true,"href":"https:\/\/www.childrenfirst.ch\/de\/wp-json\/wp\/v2\/media\/7801"}],"wp:attachment":[{"href":"https:\/\/www.childrenfirst.ch\/de\/wp-json\/wp\/v2\/media?parent=4035"}],"wp:term":[{"taxonomy":"category","embeddable":true,"href":"https:\/\/www.childrenfirst.ch\/de\/wp-json\/wp\/v2\/categories?post=4035"},{"taxonomy":"post_tag","embeddable":true,"href":"https:\/\/www.childrenfirst.ch\/de\/wp-json\/wp\/v2\/tags?post=4035"}],"curies":[{"name":"wp","href":"https:\/\/api.w.org\/{rel}","templated":true}]}}