{"id":4027,"date":"2024-01-22T10:06:03","date_gmt":"2024-01-22T10:06:03","guid":{"rendered":"https:\/\/www.childrenfirst.ch\/veranstaltung-konzert-fuer-kinder\/"},"modified":"2025-03-06T17:04:57","modified_gmt":"2025-03-06T17:04:57","slug":"veranstaltung-konzert-fuer-kinder","status":"publish","type":"post","link":"https:\/\/www.childrenfirst.ch\/de\/veranstaltung-konzert-fuer-kinder\/","title":{"rendered":"Veranstaltung: Konzert f\u00fcr Kinder"},"content":{"rendered":"\t\t<div data-elementor-type=\"wp-post\" data-elementor-id=\"4027\" class=\"elementor elementor-4027 elementor-3800\" data-elementor-post-type=\"post\">\n\t\t\t\t<div class=\"elementor-element elementor-element-4d8b9b83 e-con-full e-flex e-con e-parent\" data-id=\"4d8b9b83\" data-element_type=\"container\" data-e-type=\"container\">\n\t\t\t\t<\/div>\n\t\t<div class=\"elementor-element elementor-element-3c68dd3 relative-section e-flex e-con-boxed e-con e-parent\" data-id=\"3c68dd3\" data-element_type=\"container\" data-e-type=\"container\">\n\t\t\t\t\t<div class=\"e-con-inner\">\n\t\t<div class=\"elementor-element elementor-element-243d43d1 e-con-full e-flex e-con e-child\" data-id=\"243d43d1\" data-element_type=\"container\" data-e-type=\"container\" data-settings=\"{&quot;background_background&quot;:&quot;classic&quot;}\">\n\t\t<div class=\"elementor-element elementor-element-174447f1 e-con-full e-flex e-con e-child\" data-id=\"174447f1\" data-element_type=\"container\" data-e-type=\"container\" data-settings=\"{&quot;background_background&quot;:&quot;classic&quot;}\">\n\t\t\t\t<div class=\"elementor-element elementor-element-6625ae5c elementor-widget elementor-widget-text-editor\" data-id=\"6625ae5c\" data-element_type=\"widget\" data-e-type=\"widget\" data-widget_type=\"text-editor.default\">\n\t\t\t\t<div class=\"elementor-widget-container\">\n\t\t\t\t\t\t\t\t\t<p><img fetchpriority=\"high\" decoding=\"async\" class=\"wp-image-6301 size-full aligncenter\" src=\"https:\/\/www.childrenfirst.ch\/wp-content\/uploads\/2025\/03\/Children-First-Concert-DE.png\" alt=\"\" width=\"1080\" height=\"1350\" srcset=\"https:\/\/www.childrenfirst.ch\/wp-content\/uploads\/2025\/03\/Children-First-Concert-DE.png 1080w, https:\/\/www.childrenfirst.ch\/wp-content\/uploads\/2025\/03\/Children-First-Concert-DE-240x300.png 240w, https:\/\/www.childrenfirst.ch\/wp-content\/uploads\/2025\/03\/Children-First-Concert-DE-819x1024.png 819w, https:\/\/www.childrenfirst.ch\/wp-content\/uploads\/2025\/03\/Children-First-Concert-DE-768x960.png 768w\" sizes=\"(max-width: 1080px) 100vw, 1080px\" \/><\/p><p><strong>Kommen Sie am Sonntag, den 23.03.25 um 10 und 11 Uhr zu einem Benefizkonzert f\u00fcr Familien mit Klavier und Oboe und tauchen Sie ein in die Welt der Farben und Gef\u00fchle.<\/strong><\/p><p><span style=\"font-weight: 400;\">Inspiriert von dem beliebten Kinderbuch <em>Das Farbenmonster<\/em> pr\u00e4sentieren die Musikerinnen Ya\u00ebl du Toit (Klavier) und Anne-Laure Pr\u00e9ly-Dengler (Oboe) ein Konzert mit klassischen St\u00fccken von Mozart, Beethoven und Schumann sowie mit bekannten Liedern. Jede Emotion wird durch eine andere Farbe und ein anderes Musikst\u00fcck dargestellt. Das Konzert l\u00e4dt die Kinder ein, Emotionen durch Kl\u00e4nge zu erleben und sich mit ihnen zu verbinden. Lassen Sie sich dieses wunderbare Erlebnis voller Musik, Emotionen und Spass<\/span><span style=\"font-weight: 400;\">\u00a0nicht entgehen!<\/span><\/p><p><span style=\"font-weight: 400;\">Klavier: Ya\u00ebl du Toit; Oboe: Anne-Laure Pr\u00e9ly-Dengler<\/span><\/p><p><span style=\"font-weight: 400;\">Klicken Sie hier, um ein Ticket \u00fcber Event Frog zu kaufen:<br \/><a href=\"https:\/\/eventfrog.ch\/familyconcert\">https:\/\/eventfrog.ch\/familyconcert<\/a><br \/><br \/>Die Pl\u00e4tze sind begrenzt und die Karten m\u00fcssen im Voraus gekauft werden.\u00a0<\/span><\/p><p><span style=\"font-weight: 400;\">Ticket-Preise:\u00a0\u00a0<\/span><\/p><p><span style=\"font-weight: 400;\">Erwachsene: CHF 15\u00a0<\/span><\/p><p><span style=\"font-weight: 400;\">Kinder: CHF 5<\/span><\/p><p><span style=\"font-weight: 400;\">Kinder m\u00fcssen von einem Erwachsenen begleitet werden.\u00a0<\/span><\/p><p><span style=\"font-weight: 400;\">Der Erl\u00f6s geht an das <\/span><a href=\"https:\/\/www.sustainabilityinstitute.net\/\"><span style=\"font-weight: 400;\">Sustainability Institute<\/span><\/a><span style=\"font-weight: 400;\">.\u00a0<\/span><\/p>\t\t\t\t\t\t\t\t<\/div>\n\t\t\t\t<\/div>\n\t\t\t\t<\/div>\n\t\t\t\t<\/div>\n\t\t\t\t\t<\/div>\n\t\t\t\t<\/div>\n\t\t\t\t<\/div>\n\t\t","protected":false},"excerpt":{"rendered":"<p>Join us on Sunday 23.03.25 at 10am &#038; 11am for a charity children\u2019s piano and oboe concert that dives into the world of colour and emotion. Ticket sales open in February 2025. Proceeds go to the Sustainability Institute. <\/p>\n","protected":false},"author":1,"featured_media":5471,"comment_status":"closed","ping_status":"open","sticky":false,"template":"","format":"standard","meta":{"_acf_changed":false,"footnotes":""},"categories":[16,25],"tags":[],"class_list":["post-4027","post","type-post","status-publish","format-standard","has-post-thumbnail","hentry","category-blog-de","category-homepage-de"],"acf":[],"yoast_head":"<!-- This site is optimized with the Yoast SEO plugin v28.2 - https:\/\/yoast.com\/product\/yoast-seo-wordpress\/ -->\n<title>Veranstaltung: Konzert f\u00fcr Kinder - Children First<\/title>\n<meta name=\"robots\" content=\"index, follow, max-snippet:-1, max-image-preview:large, max-video-preview:-1\" \/>\n<link rel=\"canonical\" href=\"https:\/\/www.childrenfirst.ch\/de\/veranstaltung-konzert-fuer-kinder\/\" \/>\n<meta property=\"og:locale\" content=\"de_DE\" \/>\n<meta property=\"og:type\" content=\"article\" \/>\n<meta property=\"og:title\" content=\"Veranstaltung: Konzert f\u00fcr Kinder - Children First\" \/>\n<meta property=\"og:description\" content=\"Join us on Sunday 23.03.25 at 10am &amp; 11am for a charity children\u2019s piano and oboe concert that dives into the world of colour and emotion. Ticket sales open in February 2025. Proceeds go to the Sustainability Institute.\" \/>\n<meta property=\"og:url\" content=\"https:\/\/www.childrenfirst.ch\/de\/veranstaltung-konzert-fuer-kinder\/\" \/>\n<meta property=\"og:site_name\" content=\"Children First\" \/>\n<meta property=\"article:published_time\" content=\"2024-01-22T10:06:03+00:00\" \/>\n<meta property=\"article:modified_time\" content=\"2025-03-06T17:04:57+00:00\" \/>\n<meta property=\"og:image\" content=\"https:\/\/www.childrenfirst.ch\/wp-content\/uploads\/1917\/01\/Piano.jpg\" \/>\n\t<meta property=\"og:image:width\" content=\"400\" \/>\n\t<meta property=\"og:image:height\" content=\"501\" \/>\n\t<meta property=\"og:image:type\" content=\"image\/jpeg\" \/>\n<meta name=\"author\" content=\"admin\" \/>\n<meta name=\"twitter:card\" content=\"summary_large_image\" \/>\n<meta name=\"twitter:label1\" content=\"Verfasst von\" \/>\n\t<meta name=\"twitter:data1\" content=\"admin\" \/>\n\t<meta name=\"twitter:label2\" content=\"Gesch\u00e4tzte Lesezeit\" \/>\n\t<meta name=\"twitter:data2\" content=\"2\u00a0Minuten\" \/>\n<script type=\"application\/ld+json\" class=\"yoast-schema-graph\">{\"@context\":\"https:\\\/\\\/schema.org\",\"@graph\":[{\"@type\":\"Article\",\"@id\":\"https:\\\/\\\/www.childrenfirst.ch\\\/de\\\/veranstaltung-konzert-fuer-kinder\\\/#article\",\"isPartOf\":{\"@id\":\"https:\\\/\\\/www.childrenfirst.ch\\\/de\\\/veranstaltung-konzert-fuer-kinder\\\/\"},\"author\":{\"name\":\"admin\",\"@id\":\"https:\\\/\\\/www.childrenfirst.ch\\\/de\\\/#\\\/schema\\\/person\\\/a832af17dfc90d660f31f3157233c9fb\"},\"headline\":\"Veranstaltung: Konzert f\u00fcr Kinder\",\"datePublished\":\"2024-01-22T10:06:03+00:00\",\"dateModified\":\"2025-03-06T17:04:57+00:00\",\"mainEntityOfPage\":{\"@id\":\"https:\\\/\\\/www.childrenfirst.ch\\\/de\\\/veranstaltung-konzert-fuer-kinder\\\/\"},\"wordCount\":175,\"publisher\":{\"@id\":\"https:\\\/\\\/www.childrenfirst.ch\\\/de\\\/#organization\"},\"image\":{\"@id\":\"https:\\\/\\\/www.childrenfirst.ch\\\/de\\\/veranstaltung-konzert-fuer-kinder\\\/#primaryimage\"},\"thumbnailUrl\":\"https:\\\/\\\/www.childrenfirst.ch\\\/wp-content\\\/uploads\\\/1917\\\/01\\\/Piano.jpg\",\"articleSection\":[\"Blog\",\"Homepage\"],\"inLanguage\":\"de\"},{\"@type\":\"WebPage\",\"@id\":\"https:\\\/\\\/www.childrenfirst.ch\\\/de\\\/veranstaltung-konzert-fuer-kinder\\\/\",\"url\":\"https:\\\/\\\/www.childrenfirst.ch\\\/de\\\/veranstaltung-konzert-fuer-kinder\\\/\",\"name\":\"Veranstaltung: Konzert f\u00fcr Kinder - Children First\",\"isPartOf\":{\"@id\":\"https:\\\/\\\/www.childrenfirst.ch\\\/de\\\/#website\"},\"primaryImageOfPage\":{\"@id\":\"https:\\\/\\\/www.childrenfirst.ch\\\/de\\\/veranstaltung-konzert-fuer-kinder\\\/#primaryimage\"},\"image\":{\"@id\":\"https:\\\/\\\/www.childrenfirst.ch\\\/de\\\/veranstaltung-konzert-fuer-kinder\\\/#primaryimage\"},\"thumbnailUrl\":\"https:\\\/\\\/www.childrenfirst.ch\\\/wp-content\\\/uploads\\\/1917\\\/01\\\/Piano.jpg\",\"datePublished\":\"2024-01-22T10:06:03+00:00\",\"dateModified\":\"2025-03-06T17:04:57+00:00\",\"breadcrumb\":{\"@id\":\"https:\\\/\\\/www.childrenfirst.ch\\\/de\\\/veranstaltung-konzert-fuer-kinder\\\/#breadcrumb\"},\"inLanguage\":\"de\",\"potentialAction\":[{\"@type\":\"ReadAction\",\"target\":[\"https:\\\/\\\/www.childrenfirst.ch\\\/de\\\/veranstaltung-konzert-fuer-kinder\\\/\"]}]},{\"@type\":\"ImageObject\",\"inLanguage\":\"de\",\"@id\":\"https:\\\/\\\/www.childrenfirst.ch\\\/de\\\/veranstaltung-konzert-fuer-kinder\\\/#primaryimage\",\"url\":\"https:\\\/\\\/www.childrenfirst.ch\\\/wp-content\\\/uploads\\\/1917\\\/01\\\/Piano.jpg\",\"contentUrl\":\"https:\\\/\\\/www.childrenfirst.ch\\\/wp-content\\\/uploads\\\/1917\\\/01\\\/Piano.jpg\",\"width\":400,\"height\":501},{\"@type\":\"BreadcrumbList\",\"@id\":\"https:\\\/\\\/www.childrenfirst.ch\\\/de\\\/veranstaltung-konzert-fuer-kinder\\\/#breadcrumb\",\"itemListElement\":[{\"@type\":\"ListItem\",\"position\":1,\"name\":\"Home\",\"item\":\"https:\\\/\\\/www.childrenfirst.ch\\\/de\\\/\"},{\"@type\":\"ListItem\",\"position\":2,\"name\":\"Veranstaltung: Konzert f\u00fcr Kinder\"}]},{\"@type\":\"WebSite\",\"@id\":\"https:\\\/\\\/www.childrenfirst.ch\\\/de\\\/#website\",\"url\":\"https:\\\/\\\/www.childrenfirst.ch\\\/de\\\/\",\"name\":\"Children First\",\"description\":\"International daycare, preschool and kindergarten\",\"publisher\":{\"@id\":\"https:\\\/\\\/www.childrenfirst.ch\\\/de\\\/#organization\"},\"potentialAction\":[{\"@type\":\"SearchAction\",\"target\":{\"@type\":\"EntryPoint\",\"urlTemplate\":\"https:\\\/\\\/www.childrenfirst.ch\\\/de\\\/?s={search_term_string}\"},\"query-input\":{\"@type\":\"PropertyValueSpecification\",\"valueRequired\":true,\"valueName\":\"search_term_string\"}}],\"inLanguage\":\"de\"},{\"@type\":\"Organization\",\"@id\":\"https:\\\/\\\/www.childrenfirst.ch\\\/de\\\/#organization\",\"name\":\"Children First\",\"url\":\"https:\\\/\\\/www.childrenfirst.ch\\\/de\\\/\",\"logo\":{\"@type\":\"ImageObject\",\"inLanguage\":\"de\",\"@id\":\"https:\\\/\\\/www.childrenfirst.ch\\\/de\\\/#\\\/schema\\\/logo\\\/image\\\/\",\"url\":\"https:\\\/\\\/www.childrenfirst.ch\\\/wp-content\\\/uploads\\\/2024\\\/12\\\/logo-1.png\",\"contentUrl\":\"https:\\\/\\\/www.childrenfirst.ch\\\/wp-content\\\/uploads\\\/2024\\\/12\\\/logo-1.png\",\"width\":305,\"height\":82,\"caption\":\"Children First\"},\"image\":{\"@id\":\"https:\\\/\\\/www.childrenfirst.ch\\\/de\\\/#\\\/schema\\\/logo\\\/image\\\/\"}},{\"@type\":\"Person\",\"@id\":\"https:\\\/\\\/www.childrenfirst.ch\\\/de\\\/#\\\/schema\\\/person\\\/a832af17dfc90d660f31f3157233c9fb\",\"name\":\"admin\",\"image\":{\"@type\":\"ImageObject\",\"inLanguage\":\"de\",\"@id\":\"https:\\\/\\\/secure.gravatar.com\\\/avatar\\\/530c0b7176af0851ac965188da35d9c62dcefbfc429a0cd148df5cec3e2abc82?s=96&d=mm&r=g\",\"url\":\"https:\\\/\\\/secure.gravatar.com\\\/avatar\\\/530c0b7176af0851ac965188da35d9c62dcefbfc429a0cd148df5cec3e2abc82?s=96&d=mm&r=g\",\"contentUrl\":\"https:\\\/\\\/secure.gravatar.com\\\/avatar\\\/530c0b7176af0851ac965188da35d9c62dcefbfc429a0cd148df5cec3e2abc82?s=96&d=mm&r=g\",\"caption\":\"admin\"},\"url\":\"https:\\\/\\\/www.childrenfirst.ch\\\/de\\\/author\\\/mauricio\\\/\"}]}<\/script>\n<!-- \/ Yoast SEO plugin. -->","yoast_head_json":{"title":"Veranstaltung: Konzert f\u00fcr Kinder - Children First","robots":{"index":"index","follow":"follow","max-snippet":"max-snippet:-1","max-image-preview":"max-image-preview:large","max-video-preview":"max-video-preview:-1"},"canonical":"https:\/\/www.childrenfirst.ch\/de\/veranstaltung-konzert-fuer-kinder\/","og_locale":"de_DE","og_type":"article","og_title":"Veranstaltung: Konzert f\u00fcr Kinder - Children First","og_description":"Join us on Sunday 23.03.25 at 10am & 11am for a charity children\u2019s piano and oboe concert that dives into the world of colour and emotion. Ticket sales open in February 2025. Proceeds go to the Sustainability Institute.","og_url":"https:\/\/www.childrenfirst.ch\/de\/veranstaltung-konzert-fuer-kinder\/","og_site_name":"Children First","article_published_time":"2024-01-22T10:06:03+00:00","article_modified_time":"2025-03-06T17:04:57+00:00","og_image":[{"width":400,"height":501,"url":"https:\/\/www.childrenfirst.ch\/wp-content\/uploads\/1917\/01\/Piano.jpg","type":"image\/jpeg"}],"author":"admin","twitter_card":"summary_large_image","twitter_misc":{"Verfasst von":"admin","Gesch\u00e4tzte Lesezeit":"2\u00a0Minuten"},"schema":{"@context":"https:\/\/schema.org","@graph":[{"@type":"Article","@id":"https:\/\/www.childrenfirst.ch\/de\/veranstaltung-konzert-fuer-kinder\/#article","isPartOf":{"@id":"https:\/\/www.childrenfirst.ch\/de\/veranstaltung-konzert-fuer-kinder\/"},"author":{"name":"admin","@id":"https:\/\/www.childrenfirst.ch\/de\/#\/schema\/person\/a832af17dfc90d660f31f3157233c9fb"},"headline":"Veranstaltung: Konzert f\u00fcr Kinder","datePublished":"2024-01-22T10:06:03+00:00","dateModified":"2025-03-06T17:04:57+00:00","mainEntityOfPage":{"@id":"https:\/\/www.childrenfirst.ch\/de\/veranstaltung-konzert-fuer-kinder\/"},"wordCount":175,"publisher":{"@id":"https:\/\/www.childrenfirst.ch\/de\/#organization"},"image":{"@id":"https:\/\/www.childrenfirst.ch\/de\/veranstaltung-konzert-fuer-kinder\/#primaryimage"},"thumbnailUrl":"https:\/\/www.childrenfirst.ch\/wp-content\/uploads\/1917\/01\/Piano.jpg","articleSection":["Blog","Homepage"],"inLanguage":"de"},{"@type":"WebPage","@id":"https:\/\/www.childrenfirst.ch\/de\/veranstaltung-konzert-fuer-kinder\/","url":"https:\/\/www.childrenfirst.ch\/de\/veranstaltung-konzert-fuer-kinder\/","name":"Veranstaltung: Konzert f\u00fcr Kinder - Children First","isPartOf":{"@id":"https:\/\/www.childrenfirst.ch\/de\/#website"},"primaryImageOfPage":{"@id":"https:\/\/www.childrenfirst.ch\/de\/veranstaltung-konzert-fuer-kinder\/#primaryimage"},"image":{"@id":"https:\/\/www.childrenfirst.ch\/de\/veranstaltung-konzert-fuer-kinder\/#primaryimage"},"thumbnailUrl":"https:\/\/www.childrenfirst.ch\/wp-content\/uploads\/1917\/01\/Piano.jpg","datePublished":"2024-01-22T10:06:03+00:00","dateModified":"2025-03-06T17:04:57+00:00","breadcrumb":{"@id":"https:\/\/www.childrenfirst.ch\/de\/veranstaltung-konzert-fuer-kinder\/#breadcrumb"},"inLanguage":"de","potentialAction":[{"@type":"ReadAction","target":["https:\/\/www.childrenfirst.ch\/de\/veranstaltung-konzert-fuer-kinder\/"]}]},{"@type":"ImageObject","inLanguage":"de","@id":"https:\/\/www.childrenfirst.ch\/de\/veranstaltung-konzert-fuer-kinder\/#primaryimage","url":"https:\/\/www.childrenfirst.ch\/wp-content\/uploads\/1917\/01\/Piano.jpg","contentUrl":"https:\/\/www.childrenfirst.ch\/wp-content\/uploads\/1917\/01\/Piano.jpg","width":400,"height":501},{"@type":"BreadcrumbList","@id":"https:\/\/www.childrenfirst.ch\/de\/veranstaltung-konzert-fuer-kinder\/#breadcrumb","itemListElement":[{"@type":"ListItem","position":1,"name":"Home","item":"https:\/\/www.childrenfirst.ch\/de\/"},{"@type":"ListItem","position":2,"name":"Veranstaltung: Konzert f\u00fcr Kinder"}]},{"@type":"WebSite","@id":"https:\/\/www.childrenfirst.ch\/de\/#website","url":"https:\/\/www.childrenfirst.ch\/de\/","name":"Children First","description":"International daycare, preschool and kindergarten","publisher":{"@id":"https:\/\/www.childrenfirst.ch\/de\/#organization"},"potentialAction":[{"@type":"SearchAction","target":{"@type":"EntryPoint","urlTemplate":"https:\/\/www.childrenfirst.ch\/de\/?s={search_term_string}"},"query-input":{"@type":"PropertyValueSpecification","valueRequired":true,"valueName":"search_term_string"}}],"inLanguage":"de"},{"@type":"Organization","@id":"https:\/\/www.childrenfirst.ch\/de\/#organization","name":"Children First","url":"https:\/\/www.childrenfirst.ch\/de\/","logo":{"@type":"ImageObject","inLanguage":"de","@id":"https:\/\/www.childrenfirst.ch\/de\/#\/schema\/logo\/image\/","url":"https:\/\/www.childrenfirst.ch\/wp-content\/uploads\/2024\/12\/logo-1.png","contentUrl":"https:\/\/www.childrenfirst.ch\/wp-content\/uploads\/2024\/12\/logo-1.png","width":305,"height":82,"caption":"Children First"},"image":{"@id":"https:\/\/www.childrenfirst.ch\/de\/#\/schema\/logo\/image\/"}},{"@type":"Person","@id":"https:\/\/www.childrenfirst.ch\/de\/#\/schema\/person\/a832af17dfc90d660f31f3157233c9fb","name":"admin","image":{"@type":"ImageObject","inLanguage":"de","@id":"https:\/\/secure.gravatar.com\/avatar\/530c0b7176af0851ac965188da35d9c62dcefbfc429a0cd148df5cec3e2abc82?s=96&d=mm&r=g","url":"https:\/\/secure.gravatar.com\/avatar\/530c0b7176af0851ac965188da35d9c62dcefbfc429a0cd148df5cec3e2abc82?s=96&d=mm&r=g","contentUrl":"https:\/\/secure.gravatar.com\/avatar\/530c0b7176af0851ac965188da35d9c62dcefbfc429a0cd148df5cec3e2abc82?s=96&d=mm&r=g","caption":"admin"},"url":"https:\/\/www.childrenfirst.ch\/de\/author\/mauricio\/"}]}},"_links":{"self":[{"href":"https:\/\/www.childrenfirst.ch\/de\/wp-json\/wp\/v2\/posts\/4027","targetHints":{"allow":["GET"]}}],"collection":[{"href":"https:\/\/www.childrenfirst.ch\/de\/wp-json\/wp\/v2\/posts"}],"about":[{"href":"https:\/\/www.childrenfirst.ch\/de\/wp-json\/wp\/v2\/types\/post"}],"author":[{"embeddable":true,"href":"https:\/\/www.childrenfirst.ch\/de\/wp-json\/wp\/v2\/users\/1"}],"replies":[{"embeddable":true,"href":"https:\/\/www.childrenfirst.ch\/de\/wp-json\/wp\/v2\/comments?post=4027"}],"version-history":[{"count":16,"href":"https:\/\/www.childrenfirst.ch\/de\/wp-json\/wp\/v2\/posts\/4027\/revisions"}],"predecessor-version":[{"id":6305,"href":"https:\/\/www.childrenfirst.ch\/de\/wp-json\/wp\/v2\/posts\/4027\/revisions\/6305"}],"wp:featuredmedia":[{"embeddable":true,"href":"https:\/\/www.childrenfirst.ch\/de\/wp-json\/wp\/v2\/media\/5471"}],"wp:attachment":[{"href":"https:\/\/www.childrenfirst.ch\/de\/wp-json\/wp\/v2\/media?parent=4027"}],"wp:term":[{"taxonomy":"category","embeddable":true,"href":"https:\/\/www.childrenfirst.ch\/de\/wp-json\/wp\/v2\/categories?post=4027"},{"taxonomy":"post_tag","embeddable":true,"href":"https:\/\/www.childrenfirst.ch\/de\/wp-json\/wp\/v2\/tags?post=4027"}],"curies":[{"name":"wp","href":"https:\/\/api.w.org\/{rel}","templated":true}]}}