{"id":4023,"date":"2024-01-22T10:11:59","date_gmt":"2024-01-22T10:11:59","guid":{"rendered":"https:\/\/www.childrenfirst.ch\/veranstaltung-globale-buchmesse\/"},"modified":"2025-06-18T15:31:16","modified_gmt":"2025-06-18T15:31:16","slug":"veranstaltung-globale-buchmesse","status":"publish","type":"post","link":"https:\/\/www.childrenfirst.ch\/de\/veranstaltung-globale-buchmesse\/","title":{"rendered":"Veranstaltung: Globale Buchmesse"},"content":{"rendered":"\t\t<div data-elementor-type=\"wp-post\" data-elementor-id=\"4023\" class=\"elementor elementor-4023 elementor-3806\" data-elementor-post-type=\"post\">\n\t\t\t\t<div class=\"elementor-element elementor-element-30e3b277 e-flex e-con-boxed e-con e-parent\" data-id=\"30e3b277\" data-element_type=\"container\" data-e-type=\"container\">\n\t\t\t\t\t<div class=\"e-con-inner\">\n\t\t\t\t\t<\/div>\n\t\t\t\t<\/div>\n\t\t<div class=\"elementor-element elementor-element-5d63f72b relative-section e-con-full e-flex e-con e-parent\" data-id=\"5d63f72b\" data-element_type=\"container\" data-e-type=\"container\">\n\t\t<div class=\"elementor-element elementor-element-6ccb0559 e-con-full e-flex e-con e-child\" data-id=\"6ccb0559\" data-element_type=\"container\" data-e-type=\"container\" data-settings=\"{&quot;background_background&quot;:&quot;classic&quot;}\">\n\t\t<div class=\"elementor-element elementor-element-4741cd3c e-con-full e-flex e-con e-child\" data-id=\"4741cd3c\" data-element_type=\"container\" data-e-type=\"container\" data-settings=\"{&quot;background_background&quot;:&quot;classic&quot;}\">\n\t\t\t\t<div class=\"elementor-element elementor-element-61bbbb78 elementor-widget__width-inherit elementor-widget elementor-widget-text-editor\" data-id=\"61bbbb78\" data-element_type=\"widget\" data-e-type=\"widget\" data-widget_type=\"text-editor.default\">\n\t\t\t\t<div class=\"elementor-widget-container\">\n\t\t\t\t\t\t\t\t\t<h1>\u00a0<\/h1><h4><img fetchpriority=\"high\" decoding=\"async\" src=\"https:\/\/www.childrenfirst.ch\/wp-content\/uploads\/2025\/05\/Children-First-Global-Book-Fair-2025-DE-819x1024.jpg\" alt=\"\" width=\"800\" height=\"1000\" \/><\/h4><h4>Besuchen Sie uns an der Freiestrasse 175, 8032 Z\u00fcrich, und entdecken Sie Kinderb\u00fccher f\u00fcr Kinder von 0 bis 15 Jahren auf Englisch, Deutsch, Franz\u00f6sisch (und mehr). Laden Sie Freunde ein und verbringen Sie mit Ihren Kindern einen vergn\u00fcglichen Tag. Freuen Sie sich auf Geschichtenerz\u00e4hlen, Kinderschminken, Spiele, Kinderworkshops und vieles mehr! Tauchen Sie ein in die Freude am Lesen, entdecken Sie Kinderb\u00fccher und treffen Sie lokale Autoren. Der Erl\u00f6s geht an wohlt\u00e4tige Zwecke.<\/h4><div>\u00a0<\/div><h3><a href=\"https:\/\/www.childrenfirst.ch\/event-global-book-fair\/\">Klicken Sie hier, um weitere Informationen auf unserer englischen Seite zu erhalten.<\/a><\/h3>\t\t\t\t\t\t\t\t<\/div>\n\t\t\t\t<\/div>\n\t\t\t\t<\/div>\n\t\t\t\t<\/div>\n\t\t\t\t<\/div>\n\t\t\t\t<\/div>\n\t\t","protected":false},"excerpt":{"rendered":"<p>Save the date: 24.05.25. Stop by Freiestrasse 175, 8032 Zurich to buy children\u2019s books in English, German, French (and more!) for ages 0 to 15. Invite a friend to come and bring the kids for a fun day out.<\/p>\n","protected":false},"author":1,"featured_media":6427,"comment_status":"closed","ping_status":"open","sticky":false,"template":"","format":"standard","meta":{"_acf_changed":false,"footnotes":""},"categories":[16,25],"tags":[],"class_list":["post-4023","post","type-post","status-publish","format-standard","has-post-thumbnail","hentry","category-blog-de","category-homepage-de"],"acf":[],"yoast_head":"<!-- This site is optimized with the Yoast SEO plugin v28.2 - https:\/\/yoast.com\/product\/yoast-seo-wordpress\/ -->\n<title>Veranstaltung: Globale Buchmesse - Children First<\/title>\n<meta name=\"robots\" content=\"index, follow, max-snippet:-1, max-image-preview:large, max-video-preview:-1\" \/>\n<link rel=\"canonical\" href=\"https:\/\/www.childrenfirst.ch\/de\/veranstaltung-globale-buchmesse\/\" \/>\n<meta property=\"og:locale\" content=\"de_DE\" \/>\n<meta property=\"og:type\" content=\"article\" \/>\n<meta property=\"og:title\" content=\"Veranstaltung: Globale Buchmesse - Children First\" \/>\n<meta property=\"og:description\" content=\"Save the date: 24.05.25. Stop by Freiestrasse 175, 8032 Zurich to buy children\u2019s books in English, German, French (and more!) for ages 0 to 15. Invite a friend to come and bring the kids for a fun day out.\" \/>\n<meta property=\"og:url\" content=\"https:\/\/www.childrenfirst.ch\/de\/veranstaltung-globale-buchmesse\/\" \/>\n<meta property=\"og:site_name\" content=\"Children First\" \/>\n<meta property=\"article:published_time\" content=\"2024-01-22T10:11:59+00:00\" \/>\n<meta property=\"article:modified_time\" content=\"2025-06-18T15:31:16+00:00\" \/>\n<meta property=\"og:image\" content=\"https:\/\/www.childrenfirst.ch\/wp-content\/uploads\/1920\/01\/iStock-2170612518-min-scaled.jpg\" \/>\n\t<meta property=\"og:image:width\" content=\"2560\" \/>\n\t<meta property=\"og:image:height\" content=\"1707\" \/>\n\t<meta property=\"og:image:type\" content=\"image\/jpeg\" \/>\n<meta name=\"author\" content=\"admin\" \/>\n<meta name=\"twitter:card\" content=\"summary_large_image\" \/>\n<meta name=\"twitter:label1\" content=\"Verfasst von\" \/>\n\t<meta name=\"twitter:data1\" content=\"admin\" \/>\n\t<meta name=\"twitter:label2\" content=\"Gesch\u00e4tzte Lesezeit\" \/>\n\t<meta name=\"twitter:data2\" content=\"1\u00a0Minute\" \/>\n<script type=\"application\/ld+json\" class=\"yoast-schema-graph\">{\"@context\":\"https:\\\/\\\/schema.org\",\"@graph\":[{\"@type\":\"Article\",\"@id\":\"https:\\\/\\\/www.childrenfirst.ch\\\/de\\\/veranstaltung-globale-buchmesse\\\/#article\",\"isPartOf\":{\"@id\":\"https:\\\/\\\/www.childrenfirst.ch\\\/de\\\/veranstaltung-globale-buchmesse\\\/\"},\"author\":{\"name\":\"admin\",\"@id\":\"https:\\\/\\\/www.childrenfirst.ch\\\/de\\\/#\\\/schema\\\/person\\\/a832af17dfc90d660f31f3157233c9fb\"},\"headline\":\"Veranstaltung: Globale Buchmesse\",\"datePublished\":\"2024-01-22T10:11:59+00:00\",\"dateModified\":\"2025-06-18T15:31:16+00:00\",\"mainEntityOfPage\":{\"@id\":\"https:\\\/\\\/www.childrenfirst.ch\\\/de\\\/veranstaltung-globale-buchmesse\\\/\"},\"wordCount\":92,\"publisher\":{\"@id\":\"https:\\\/\\\/www.childrenfirst.ch\\\/de\\\/#organization\"},\"image\":{\"@id\":\"https:\\\/\\\/www.childrenfirst.ch\\\/de\\\/veranstaltung-globale-buchmesse\\\/#primaryimage\"},\"thumbnailUrl\":\"https:\\\/\\\/www.childrenfirst.ch\\\/wp-content\\\/uploads\\\/1920\\\/01\\\/iStock-2170612518-min-scaled.jpg\",\"articleSection\":[\"Blog\",\"Homepage\"],\"inLanguage\":\"de\"},{\"@type\":\"WebPage\",\"@id\":\"https:\\\/\\\/www.childrenfirst.ch\\\/de\\\/veranstaltung-globale-buchmesse\\\/\",\"url\":\"https:\\\/\\\/www.childrenfirst.ch\\\/de\\\/veranstaltung-globale-buchmesse\\\/\",\"name\":\"Veranstaltung: Globale Buchmesse - Children First\",\"isPartOf\":{\"@id\":\"https:\\\/\\\/www.childrenfirst.ch\\\/de\\\/#website\"},\"primaryImageOfPage\":{\"@id\":\"https:\\\/\\\/www.childrenfirst.ch\\\/de\\\/veranstaltung-globale-buchmesse\\\/#primaryimage\"},\"image\":{\"@id\":\"https:\\\/\\\/www.childrenfirst.ch\\\/de\\\/veranstaltung-globale-buchmesse\\\/#primaryimage\"},\"thumbnailUrl\":\"https:\\\/\\\/www.childrenfirst.ch\\\/wp-content\\\/uploads\\\/1920\\\/01\\\/iStock-2170612518-min-scaled.jpg\",\"datePublished\":\"2024-01-22T10:11:59+00:00\",\"dateModified\":\"2025-06-18T15:31:16+00:00\",\"breadcrumb\":{\"@id\":\"https:\\\/\\\/www.childrenfirst.ch\\\/de\\\/veranstaltung-globale-buchmesse\\\/#breadcrumb\"},\"inLanguage\":\"de\",\"potentialAction\":[{\"@type\":\"ReadAction\",\"target\":[\"https:\\\/\\\/www.childrenfirst.ch\\\/de\\\/veranstaltung-globale-buchmesse\\\/\"]}]},{\"@type\":\"ImageObject\",\"inLanguage\":\"de\",\"@id\":\"https:\\\/\\\/www.childrenfirst.ch\\\/de\\\/veranstaltung-globale-buchmesse\\\/#primaryimage\",\"url\":\"https:\\\/\\\/www.childrenfirst.ch\\\/wp-content\\\/uploads\\\/1920\\\/01\\\/iStock-2170612518-min-scaled.jpg\",\"contentUrl\":\"https:\\\/\\\/www.childrenfirst.ch\\\/wp-content\\\/uploads\\\/1920\\\/01\\\/iStock-2170612518-min-scaled.jpg\",\"width\":2560,\"height\":1707},{\"@type\":\"BreadcrumbList\",\"@id\":\"https:\\\/\\\/www.childrenfirst.ch\\\/de\\\/veranstaltung-globale-buchmesse\\\/#breadcrumb\",\"itemListElement\":[{\"@type\":\"ListItem\",\"position\":1,\"name\":\"Home\",\"item\":\"https:\\\/\\\/www.childrenfirst.ch\\\/de\\\/\"},{\"@type\":\"ListItem\",\"position\":2,\"name\":\"Veranstaltung: Globale Buchmesse\"}]},{\"@type\":\"WebSite\",\"@id\":\"https:\\\/\\\/www.childrenfirst.ch\\\/de\\\/#website\",\"url\":\"https:\\\/\\\/www.childrenfirst.ch\\\/de\\\/\",\"name\":\"Children First\",\"description\":\"International daycare, preschool and kindergarten\",\"publisher\":{\"@id\":\"https:\\\/\\\/www.childrenfirst.ch\\\/de\\\/#organization\"},\"potentialAction\":[{\"@type\":\"SearchAction\",\"target\":{\"@type\":\"EntryPoint\",\"urlTemplate\":\"https:\\\/\\\/www.childrenfirst.ch\\\/de\\\/?s={search_term_string}\"},\"query-input\":{\"@type\":\"PropertyValueSpecification\",\"valueRequired\":true,\"valueName\":\"search_term_string\"}}],\"inLanguage\":\"de\"},{\"@type\":\"Organization\",\"@id\":\"https:\\\/\\\/www.childrenfirst.ch\\\/de\\\/#organization\",\"name\":\"Children First\",\"url\":\"https:\\\/\\\/www.childrenfirst.ch\\\/de\\\/\",\"logo\":{\"@type\":\"ImageObject\",\"inLanguage\":\"de\",\"@id\":\"https:\\\/\\\/www.childrenfirst.ch\\\/de\\\/#\\\/schema\\\/logo\\\/image\\\/\",\"url\":\"https:\\\/\\\/www.childrenfirst.ch\\\/wp-content\\\/uploads\\\/2024\\\/12\\\/logo-1.png\",\"contentUrl\":\"https:\\\/\\\/www.childrenfirst.ch\\\/wp-content\\\/uploads\\\/2024\\\/12\\\/logo-1.png\",\"width\":305,\"height\":82,\"caption\":\"Children First\"},\"image\":{\"@id\":\"https:\\\/\\\/www.childrenfirst.ch\\\/de\\\/#\\\/schema\\\/logo\\\/image\\\/\"}},{\"@type\":\"Person\",\"@id\":\"https:\\\/\\\/www.childrenfirst.ch\\\/de\\\/#\\\/schema\\\/person\\\/a832af17dfc90d660f31f3157233c9fb\",\"name\":\"admin\",\"image\":{\"@type\":\"ImageObject\",\"inLanguage\":\"de\",\"@id\":\"https:\\\/\\\/secure.gravatar.com\\\/avatar\\\/530c0b7176af0851ac965188da35d9c62dcefbfc429a0cd148df5cec3e2abc82?s=96&d=mm&r=g\",\"url\":\"https:\\\/\\\/secure.gravatar.com\\\/avatar\\\/530c0b7176af0851ac965188da35d9c62dcefbfc429a0cd148df5cec3e2abc82?s=96&d=mm&r=g\",\"contentUrl\":\"https:\\\/\\\/secure.gravatar.com\\\/avatar\\\/530c0b7176af0851ac965188da35d9c62dcefbfc429a0cd148df5cec3e2abc82?s=96&d=mm&r=g\",\"caption\":\"admin\"},\"url\":\"https:\\\/\\\/www.childrenfirst.ch\\\/de\\\/author\\\/mauricio\\\/\"}]}<\/script>\n<!-- \/ Yoast SEO plugin. -->","yoast_head_json":{"title":"Veranstaltung: Globale Buchmesse - Children First","robots":{"index":"index","follow":"follow","max-snippet":"max-snippet:-1","max-image-preview":"max-image-preview:large","max-video-preview":"max-video-preview:-1"},"canonical":"https:\/\/www.childrenfirst.ch\/de\/veranstaltung-globale-buchmesse\/","og_locale":"de_DE","og_type":"article","og_title":"Veranstaltung: Globale Buchmesse - Children First","og_description":"Save the date: 24.05.25. Stop by Freiestrasse 175, 8032 Zurich to buy children\u2019s books in English, German, French (and more!) for ages 0 to 15. Invite a friend to come and bring the kids for a fun day out.","og_url":"https:\/\/www.childrenfirst.ch\/de\/veranstaltung-globale-buchmesse\/","og_site_name":"Children First","article_published_time":"2024-01-22T10:11:59+00:00","article_modified_time":"2025-06-18T15:31:16+00:00","og_image":[{"width":2560,"height":1707,"url":"https:\/\/www.childrenfirst.ch\/wp-content\/uploads\/1920\/01\/iStock-2170612518-min-scaled.jpg","type":"image\/jpeg"}],"author":"admin","twitter_card":"summary_large_image","twitter_misc":{"Verfasst von":"admin","Gesch\u00e4tzte Lesezeit":"1\u00a0Minute"},"schema":{"@context":"https:\/\/schema.org","@graph":[{"@type":"Article","@id":"https:\/\/www.childrenfirst.ch\/de\/veranstaltung-globale-buchmesse\/#article","isPartOf":{"@id":"https:\/\/www.childrenfirst.ch\/de\/veranstaltung-globale-buchmesse\/"},"author":{"name":"admin","@id":"https:\/\/www.childrenfirst.ch\/de\/#\/schema\/person\/a832af17dfc90d660f31f3157233c9fb"},"headline":"Veranstaltung: Globale Buchmesse","datePublished":"2024-01-22T10:11:59+00:00","dateModified":"2025-06-18T15:31:16+00:00","mainEntityOfPage":{"@id":"https:\/\/www.childrenfirst.ch\/de\/veranstaltung-globale-buchmesse\/"},"wordCount":92,"publisher":{"@id":"https:\/\/www.childrenfirst.ch\/de\/#organization"},"image":{"@id":"https:\/\/www.childrenfirst.ch\/de\/veranstaltung-globale-buchmesse\/#primaryimage"},"thumbnailUrl":"https:\/\/www.childrenfirst.ch\/wp-content\/uploads\/1920\/01\/iStock-2170612518-min-scaled.jpg","articleSection":["Blog","Homepage"],"inLanguage":"de"},{"@type":"WebPage","@id":"https:\/\/www.childrenfirst.ch\/de\/veranstaltung-globale-buchmesse\/","url":"https:\/\/www.childrenfirst.ch\/de\/veranstaltung-globale-buchmesse\/","name":"Veranstaltung: Globale Buchmesse - Children First","isPartOf":{"@id":"https:\/\/www.childrenfirst.ch\/de\/#website"},"primaryImageOfPage":{"@id":"https:\/\/www.childrenfirst.ch\/de\/veranstaltung-globale-buchmesse\/#primaryimage"},"image":{"@id":"https:\/\/www.childrenfirst.ch\/de\/veranstaltung-globale-buchmesse\/#primaryimage"},"thumbnailUrl":"https:\/\/www.childrenfirst.ch\/wp-content\/uploads\/1920\/01\/iStock-2170612518-min-scaled.jpg","datePublished":"2024-01-22T10:11:59+00:00","dateModified":"2025-06-18T15:31:16+00:00","breadcrumb":{"@id":"https:\/\/www.childrenfirst.ch\/de\/veranstaltung-globale-buchmesse\/#breadcrumb"},"inLanguage":"de","potentialAction":[{"@type":"ReadAction","target":["https:\/\/www.childrenfirst.ch\/de\/veranstaltung-globale-buchmesse\/"]}]},{"@type":"ImageObject","inLanguage":"de","@id":"https:\/\/www.childrenfirst.ch\/de\/veranstaltung-globale-buchmesse\/#primaryimage","url":"https:\/\/www.childrenfirst.ch\/wp-content\/uploads\/1920\/01\/iStock-2170612518-min-scaled.jpg","contentUrl":"https:\/\/www.childrenfirst.ch\/wp-content\/uploads\/1920\/01\/iStock-2170612518-min-scaled.jpg","width":2560,"height":1707},{"@type":"BreadcrumbList","@id":"https:\/\/www.childrenfirst.ch\/de\/veranstaltung-globale-buchmesse\/#breadcrumb","itemListElement":[{"@type":"ListItem","position":1,"name":"Home","item":"https:\/\/www.childrenfirst.ch\/de\/"},{"@type":"ListItem","position":2,"name":"Veranstaltung: Globale Buchmesse"}]},{"@type":"WebSite","@id":"https:\/\/www.childrenfirst.ch\/de\/#website","url":"https:\/\/www.childrenfirst.ch\/de\/","name":"Children First","description":"International daycare, preschool and kindergarten","publisher":{"@id":"https:\/\/www.childrenfirst.ch\/de\/#organization"},"potentialAction":[{"@type":"SearchAction","target":{"@type":"EntryPoint","urlTemplate":"https:\/\/www.childrenfirst.ch\/de\/?s={search_term_string}"},"query-input":{"@type":"PropertyValueSpecification","valueRequired":true,"valueName":"search_term_string"}}],"inLanguage":"de"},{"@type":"Organization","@id":"https:\/\/www.childrenfirst.ch\/de\/#organization","name":"Children First","url":"https:\/\/www.childrenfirst.ch\/de\/","logo":{"@type":"ImageObject","inLanguage":"de","@id":"https:\/\/www.childrenfirst.ch\/de\/#\/schema\/logo\/image\/","url":"https:\/\/www.childrenfirst.ch\/wp-content\/uploads\/2024\/12\/logo-1.png","contentUrl":"https:\/\/www.childrenfirst.ch\/wp-content\/uploads\/2024\/12\/logo-1.png","width":305,"height":82,"caption":"Children First"},"image":{"@id":"https:\/\/www.childrenfirst.ch\/de\/#\/schema\/logo\/image\/"}},{"@type":"Person","@id":"https:\/\/www.childrenfirst.ch\/de\/#\/schema\/person\/a832af17dfc90d660f31f3157233c9fb","name":"admin","image":{"@type":"ImageObject","inLanguage":"de","@id":"https:\/\/secure.gravatar.com\/avatar\/530c0b7176af0851ac965188da35d9c62dcefbfc429a0cd148df5cec3e2abc82?s=96&d=mm&r=g","url":"https:\/\/secure.gravatar.com\/avatar\/530c0b7176af0851ac965188da35d9c62dcefbfc429a0cd148df5cec3e2abc82?s=96&d=mm&r=g","contentUrl":"https:\/\/secure.gravatar.com\/avatar\/530c0b7176af0851ac965188da35d9c62dcefbfc429a0cd148df5cec3e2abc82?s=96&d=mm&r=g","caption":"admin"},"url":"https:\/\/www.childrenfirst.ch\/de\/author\/mauricio\/"}]}},"_links":{"self":[{"href":"https:\/\/www.childrenfirst.ch\/de\/wp-json\/wp\/v2\/posts\/4023","targetHints":{"allow":["GET"]}}],"collection":[{"href":"https:\/\/www.childrenfirst.ch\/de\/wp-json\/wp\/v2\/posts"}],"about":[{"href":"https:\/\/www.childrenfirst.ch\/de\/wp-json\/wp\/v2\/types\/post"}],"author":[{"embeddable":true,"href":"https:\/\/www.childrenfirst.ch\/de\/wp-json\/wp\/v2\/users\/1"}],"replies":[{"embeddable":true,"href":"https:\/\/www.childrenfirst.ch\/de\/wp-json\/wp\/v2\/comments?post=4023"}],"version-history":[{"count":8,"href":"https:\/\/www.childrenfirst.ch\/de\/wp-json\/wp\/v2\/posts\/4023\/revisions"}],"predecessor-version":[{"id":6408,"href":"https:\/\/www.childrenfirst.ch\/de\/wp-json\/wp\/v2\/posts\/4023\/revisions\/6408"}],"wp:featuredmedia":[{"embeddable":true,"href":"https:\/\/www.childrenfirst.ch\/de\/wp-json\/wp\/v2\/media\/6427"}],"wp:attachment":[{"href":"https:\/\/www.childrenfirst.ch\/de\/wp-json\/wp\/v2\/media?parent=4023"}],"wp:term":[{"taxonomy":"category","embeddable":true,"href":"https:\/\/www.childrenfirst.ch\/de\/wp-json\/wp\/v2\/categories?post=4023"},{"taxonomy":"post_tag","embeddable":true,"href":"https:\/\/www.childrenfirst.ch\/de\/wp-json\/wp\/v2\/tags?post=4023"}],"curies":[{"name":"wp","href":"https:\/\/api.w.org\/{rel}","templated":true}]}}