{"id":4019,"date":"2025-01-22T16:52:20","date_gmt":"2025-01-22T16:52:20","guid":{"rendered":"https:\/\/www.childrenfirst.ch\/entwicklungspolitische-kindertagesstaette\/"},"modified":"2025-02-28T08:39:15","modified_gmt":"2025-02-28T08:39:15","slug":"entwicklungspolitische-kindertagesstaette","status":"publish","type":"post","link":"https:\/\/www.childrenfirst.ch\/de\/entwicklungspolitische-kindertagesstaette\/","title":{"rendered":"Entwicklungsorientierte Kindertagesst\u00e4tte"},"content":{"rendered":"\t\t<div data-elementor-type=\"wp-post\" data-elementor-id=\"4019\" class=\"elementor elementor-4019 elementor-3909\" data-elementor-post-type=\"post\">\n\t\t\t\t<div class=\"elementor-element elementor-element-542120fe relative-section e-flex e-con-boxed e-con e-parent\" data-id=\"542120fe\" data-element_type=\"container\" data-e-type=\"container\">\n\t\t\t\t\t<div class=\"e-con-inner\">\n\t\t<div class=\"elementor-element elementor-element-62dc1316 e-con-full e-flex e-con e-child\" data-id=\"62dc1316\" data-element_type=\"container\" data-e-type=\"container\" data-settings=\"{&quot;background_background&quot;:&quot;classic&quot;}\">\n\t\t<div class=\"elementor-element elementor-element-739d64d8 e-con-full e-flex e-con e-child\" data-id=\"739d64d8\" data-element_type=\"container\" data-e-type=\"container\" data-settings=\"{&quot;background_background&quot;:&quot;classic&quot;}\">\n\t\t<div class=\"elementor-element elementor-element-181c3c7a e-con-full e-flex e-con e-child\" data-id=\"181c3c7a\" data-element_type=\"container\" data-e-type=\"container\" data-settings=\"{&quot;background_background&quot;:&quot;classic&quot;}\">\n\t\t\t\t<div class=\"elementor-element elementor-element-4e5042c7 elementor-widget__width-initial circle-box right-left elementor-widget elementor-widget-heading\" data-id=\"4e5042c7\" data-element_type=\"widget\" data-e-type=\"widget\" data-widget_type=\"heading.default\">\n\t\t\t\t<div class=\"elementor-widget-container\">\n\t\t\t\t\t<h2 class=\"elementor-heading-title elementor-size-default\">Entwicklungsorientierte Kindertagesst\u00e4tte<\/h2>\t\t\t\t<\/div>\n\t\t\t\t<\/div>\n\t\t\t\t<\/div>\n\t\t\t\t<\/div>\n\t\t\t\t<\/div>\n\t\t<div class=\"elementor-element elementor-element-1f9dfa20 e-con-full e-flex e-con e-child\" data-id=\"1f9dfa20\" data-element_type=\"container\" data-e-type=\"container\" data-settings=\"{&quot;background_background&quot;:&quot;classic&quot;}\">\n\t\t<div class=\"elementor-element elementor-element-602b515f e-con-full e-flex e-con e-child\" data-id=\"602b515f\" data-element_type=\"container\" data-e-type=\"container\" data-settings=\"{&quot;background_background&quot;:&quot;classic&quot;}\">\n\t\t\t\t<div class=\"elementor-element elementor-element-8e8d270 elementor-widget elementor-widget-text-editor\" data-id=\"8e8d270\" data-element_type=\"widget\" data-e-type=\"widget\" data-widget_type=\"text-editor.default\">\n\t\t\t\t<div class=\"elementor-widget-container\">\n\t\t\t\t\t\t\t\t\t<h1>Pflege mit Pfiff<\/h1>\t\t\t\t\t\t\t\t<\/div>\n\t\t\t\t<\/div>\n\t\t\t\t<div class=\"elementor-element elementor-element-74170ad elementor-widget elementor-widget-image\" data-id=\"74170ad\" data-element_type=\"widget\" data-e-type=\"widget\" data-widget_type=\"image.default\">\n\t\t\t\t<div class=\"elementor-widget-container\">\n\t\t\t\t\t\t\t\t\t\t\t\t\t\t\t<img fetchpriority=\"high\" decoding=\"async\" width=\"800\" height=\"534\" src=\"https:\/\/www.childrenfirst.ch\/wp-content\/uploads\/2025\/01\/Outdoor-activities-25-1-1024x683.jpg\" class=\"attachment-large size-large wp-image-5093\" alt=\"\" srcset=\"https:\/\/www.childrenfirst.ch\/wp-content\/uploads\/2025\/01\/Outdoor-activities-25-1-1024x683.jpg 1024w, https:\/\/www.childrenfirst.ch\/wp-content\/uploads\/2025\/01\/Outdoor-activities-25-1-300x200.jpg 300w, https:\/\/www.childrenfirst.ch\/wp-content\/uploads\/2025\/01\/Outdoor-activities-25-1-768x512.jpg 768w, https:\/\/www.childrenfirst.ch\/wp-content\/uploads\/2025\/01\/Outdoor-activities-25-1-1536x1025.jpg 1536w, https:\/\/www.childrenfirst.ch\/wp-content\/uploads\/2025\/01\/Outdoor-activities-25-1.jpg 2000w\" sizes=\"(max-width: 800px) 100vw, 800px\" \/>\t\t\t\t\t\t\t\t\t\t\t\t\t\t\t<\/div>\n\t\t\t\t<\/div>\n\t\t\t\t<div class=\"elementor-element elementor-element-d090dc1 elementor-widget elementor-widget-text-editor\" data-id=\"d090dc1\" data-element_type=\"widget\" data-e-type=\"widget\" data-widget_type=\"text-editor.default\">\n\t\t\t\t<div class=\"elementor-widget-container\">\n\t\t\t\t\t\t\t\t\t<p>F\u00fcr viele von uns berufst\u00e4tigen Eltern bedeutet der Begriff &#8222;Tagesst\u00e4tte&#8220; (Kindertagesst\u00e4tte, Kita oder Krippe in der deutschsprachigen Schweiz) einfach, dass wir die Verantwortung f\u00fcr die Sicherheit und das Gl\u00fcck unserer Kinder \u00fcbernehmen, w\u00e4hrend wir arbeiten. In einer entwicklungsf\u00f6rdernden Kindertagesst\u00e4tte jedoch f\u00fchren der Hintergrund und die Ausbildung der Erzieherinnen zu einer Betreuung mit Pfiff. Eine gute F\u00fchrung kann auch bedeuten, dass eine Betreuungseinrichtung einen gr\u00f6\u00dferen Einfluss auf ein Kind hat.  <\/p>\n<p>In einem spezialisierten Entwicklungsumfeld ist es wahrscheinlicher, dass die Teams ihre Priorit\u00e4ten formulieren. Dies wird zu ihrem &#8222;Konzept&#8220;, wie es in Z\u00fcrich genannt wird, auch bekannt als ihre &#8222;Kinderbetreuungsphilosophie&#8220;, und es kann Leitprinzipien zur F\u00f6rderung bestimmter Werte (wie Montessori, Steiner oder Reggio Emilia) oder die Organisation des Personals zur Vertiefung der Kinder in bestimmte Sprachen beinhalten. <\/p>\n<p>Seit der Gr\u00fcndung von Children First in Z\u00fcrich im Jahr 2006 ist mir bewusst geworden, dass viele internationale Familien eine entwicklungsf\u00f6rdernde Tagesbetreuung sch\u00e4tzen, bei der die fr\u00fchkindliche Bildung im Vordergrund steht. Eine internationale Kindertagesst\u00e4tte, die auch eine Vorschule anbietet, ist eine M\u00f6glichkeit, die Betreuung von Kindern mit der Vermittlung von Vorlesen, Vorschreiben und fr\u00fchen mathematischen F\u00e4higkeiten zu verbinden. In der Kindergartenphase (ab dreieinhalb oder vier Jahren bis zum Alter von sechs Jahren) findet die zus\u00e4tzliche Betreuung (Hort auf Deutsch) in der Regel im Anschluss an den Kernunterricht statt. Der Unterrichtsstil ist anders als im Schulalter; er muss auch Zuwendung beinhalten. Um den Unterricht mit Freundlichkeit und emotionalem Einf\u00fchlungsverm\u00f6gen zu verbinden, brauchen Sie Lehrer und Betreuer, die Erfahrung mit den Disziplinen des jeweils anderen haben. In der kombinierten Betreuung und fr\u00fchkindlichen Bildung kann ein Ganztagsstundenplan so angepasst werden, dass er den gesamten (erwachsenen) Arbeitstag abdeckt. Eltern, die sich f\u00fcr eine englische Vorschule oder einen Montessori-Kindergarten entscheiden, wissen es zu sch\u00e4tzen, dass ihre Kinder mit dem Erlernen der Grundlagen nicht bis zum Besuch der Grundschule warten m\u00fcssen. Die Entwicklung des Gehirns ist in den ersten Jahren so ph\u00e4nomenal, dass es schade w\u00e4re, diese Gelegenheit zu verpassen, wenn sie sich bietet!       <\/p>\n<p>Die Kombination von Betreuung und Bildung ist Familien in Gro\u00dfbritannien und den USA vertraut, denn Kinderg\u00e4rten und Vorschulen gibt es dort seit dem achtzehnten Jahrhundert, als Frauen im Zeitalter der Industrialisierung zu arbeiten begannen. Seitdem ist es in vielen Teilen Europas, wenn auch nicht in der Schweiz, normal geworden, den Kleinsten das spielerische Erlernen von Grundfertigkeiten in einer fr\u00f6hlichen und entspannten Umgebung zu erm\u00f6glichen, die sich nicht wie eine gro\u00dfe, traditionelle Schule anf\u00fchlt, sondern sie an das Lernen gew\u00f6hnt, entweder einzeln oder in der Gruppe. Meiner Erfahrung nach ist das Spielen in den ersten Lebensjahren von Kindern untrennbar mit dem Lernen verbunden, da sie ihre Erfahrungen durch Spiel und Sprache verarbeiten. Aber spielerisches Lernen im Alter von zwei oder drei Jahren und dar\u00fcber ist nicht immer ein Erfolgsrezept. Untersuchungen dar\u00fcber, was eine effektive Vorschule ausmacht, zeigen, wie wichtig kleine Gruppen f\u00fcr die Qualit\u00e4t des Lernens der Kinder sind, was sich in den sp\u00e4teren Leistungen in der Grundschule widerspiegelt.    <\/p>\n<p>Internationale Eltern sind sich daher meist bewusst, dass es gut ist, eine Mischung aus freiem Spiel und strukturierten Aktivit\u00e4ten mit einem erfahrenen erwachsenen Vorschullehrer anzubieten. In den meisten L\u00e4ndern Europas findet man einen Mittelweg zwischen dem vom Kind initiierten Spiel und dem formellen Unterricht. Dieser Erwachsene redet nicht &#8222;von vorne&#8220; oder leitet stundenlang Aktivit\u00e4ten an. Er leitet das Spiel der Kinder, baut Zeit ein, damit die Kinder neue F\u00e4higkeiten \u00fcben k\u00f6nnen und nutzt seine Kreativit\u00e4t und Ausbildung, um Kindern im Kindergartenalter spezielle Ger\u00e4te und Spielzeuge zur Verf\u00fcgung zu stellen, die ihr Denken erweitern, ihr soziales Lernen maximieren und ihre Sprachkenntnisse entwickeln. Dies wiederum f\u00fchrt zu einem besseren Verhalten in Gruppen, da die Kinder besser in der Lage sind, mit Gleichaltrigen zu verhandeln, anstatt sich aufzuspielen.   <\/p>\n<p>Es gibt eine Zeit und einen Ort f\u00fcr das freie Spiel, wenn Kinder im Vorschulalter selbst soziale Aktivit\u00e4ten initiieren und sich in ihre &#8222;Arbeit&#8220; vertiefen k\u00f6nnen (Montessorianer bezeichnen alle Aktivit\u00e4ten als &#8222;Arbeit&#8220;, unabh\u00e4ngig davon, ob sie spielerisch sein sollen oder nicht). Dies f\u00f6rdert ihr Denken und ihre Konzentration. Kinder brauchen die M\u00f6glichkeit, die vielen intensiven und sozialen Erfahrungen zu verarbeiten, die sie w\u00e4hrend der Stunden, die sie nicht zu Hause sind, machen. Das geschieht nicht einfach automatisch. Als ehemalige Spieltherapeutin in London glaube ich, dass die Anwesenheit eines talentierten und geschulten Erwachsenen dazu beitr\u00e4gt, wie und was sie spielen. Kinder lernen immer etwas, aber wie wir Erwachsenen darauf reagieren, pr\u00e4gt ihre Wahrnehmung von sich selbst und anderen.     <\/p>\n<p>L\u00e4ngsschnittuntersuchungen zeigen auch, dass die Erfahrung und das Qualifikationsniveau von Tagesm\u00fcttern, Erzieherinnen und Vorschullehrern einen gro\u00dfen Einfluss auf die sp\u00e4teren Bildungsleistungen der Kinder haben, vor allem, wenn es einen Nachteil gibt, der kompensiert werden muss, sei es im sozialen Bereich (z. B. h\u00e4ufige Wohnungswechsel) oder ein Mangel an kognitiver Stimulation. Im Laufe der Jahre, die ein Kind in der Vorschule oder in der Kinderbetreuung verbringt, setzt diplomiertes Personal in einem organisierten und professionellen Umfeld tendenziell andere Akzente. Aus diesem Grund muss im Vereinigten K\u00f6nigreich eine diplomierte Lehrkraft mit staatlichen Einrichtungen f\u00fcr Vierj\u00e4hrige verbunden sein. <\/p>\n<p>In einem professionellen Pflegeumfeld k\u00f6nnen Eltern Informationen dar\u00fcber erwarten, was Pflege wirklich bedeutet, Tag f\u00fcr Tag. Dabei kann es um praktische Pflege gehen oder um die weniger konkreten Werte der Einrichtung. Lassen Sie uns die verschiedenen Aspekte der Betreuung auseinanderhalten:  <\/p>\n<p>1. Organisieren Sie den Tagesablauf des Kindes so, dass es gut isst und schl\u00e4ft und die Energie hat, zwischendurch immer wieder zu spielen und zu lernen. Manche Kinder sind Schmetterlinge, andere bleiben und spielen l\u00e4nger, aber die allm\u00e4hliche Steigerung der Aufnahmef\u00e4higkeit f\u00fcr ihre Aktivit\u00e4ten wird dadurch erleichtert, dass man die praktischen Dinge richtig macht. F\u00fchlen sie sich k\u00f6rperlich wohl, werden sie z.B. rechtzeitig umgezogen oder tragen sie die richtige Kleidung f\u00fcr den Tag? K\u00f6nnen sie sich auf Erwachsene, die ihnen wichtig sind, und auf andere Kinder konzentrieren?   <\/p>\n<p>2. Sich um das Wohlbefinden eines Kindes zu k\u00fcmmern, ist eine emotionale und weniger sichtbare Form der F\u00fcrsorge, aber sie hat greifbare Ergebnisse. Das Halten, Kuscheln und Genie\u00dfen der N\u00e4he der Betreuungsperson zeigt, dass das Kind sicher gebunden ist und von dieser sicheren Basis aus seine unmittelbare Umgebung erkunden kann. Ihr Kind wird also von anderen Erwachsenen in einer Betreuungseinrichtung &#8222;geliebt&#8220;, die in der Lage sein sollten, seine Bindungen sorgf\u00e4ltig zu beurteilen und sicherzustellen, dass jedes Kind in der Gruppe die W\u00e4rme guter menschlicher Beziehungen sp\u00fcrt. Soziale Babys f\u00fchlen sich oft sicher, wenn sie sich an die Aktivit\u00e4ten, Ger\u00e4usche oder Gespr\u00e4che der anderen Kinder in ihrer Gruppe gew\u00f6hnt haben.   <\/p>\n<p>3. Sich auf das Denken eines Kindes einzulassen bedeutet, sich auf einer rationalen und intellektuellen Ebene zu k\u00fcmmern. Wenn wir verstehen, wie ein Kind denkt, werden wir es angemessen stimulieren, so dass es sich nicht mit Kleinigkeiten aufh\u00e4lt und lernen kann, kleinere Probleme zu \u00fcberwinden. Ihr Interesse an anderen und an der Welt wird ihnen in der fr\u00fchen Kindheit, bevor sie zur Schule gehen, jahrelang als Ressource dienen. Schon Babys k\u00f6nnen sich f\u00fcr die Welt um sie herum interessieren und von ihrer Umgebung lernen.   <\/p>\n<p>Wenn aus Ihrem Baby ein Kleinkind und aus Ihrem Kleinkind ein Kind wird, werden Sie zus\u00e4tzlich zu den Informationen, die Sie \u00fcber die t\u00e4glichen Triumphe und Herausforderungen Ihres Kindes erhalten, mehr \u00fcber konkrete Beziehungen und Lernaktivit\u00e4ten erfahren. Ihr Denken und Lernen r\u00fcckt immer mehr in den Vordergrund, und Sie werden allm\u00e4hlich weniger \u00fcber ihre k\u00f6rperliche Pflege h\u00f6ren.<br \/>&#8212;-<br \/>In Z\u00fcrich hat der neu entstehende Schweizer Kinderbetreuungssektor bei der Organisation seiner Kinderbetreuungseinrichtungen von den Erfahrungen in anderen Teilen Europas wie Gro\u00dfbritannien und Italien gelernt. Dieser Trend d\u00fcrfte sich fortsetzen und die Chancen verbessern, dass die entwicklungsf\u00f6rdernde Tagesbetreuung in der Schweiz Einzug h\u00e4lt, auch wenn es hierzulande nach wie vor Widerstand gegen die fr\u00fchkindliche Bildung gibt.  <\/p>\n<p>Von Monica Shah Zeeman<\/p>\n<p>Monica gr\u00fcndete 2006 die Kindertagesst\u00e4tte und den Kindergarten Children First in Z\u00fcrich.<br \/>Dieser Artikel erschien urspr\u00fcnglich in der Online-Zeitschrift Family Matters Switzerland<a href=\"https:\/\/www.familymattersswitzerland.ch\" target=\"_blank\" rel=\"noopener\">(https:\/\/www.familymattersswitzerland.ch)<\/a>.<\/p>\n\t\t\t\t\t\t\t\t<\/div>\n\t\t\t\t<\/div>\n\t\t\t\t<\/div>\n\t\t\t\t<\/div>\n\t\t\t\t\t<\/div>\n\t\t\t\t<\/div>\n\t\t\t\t<\/div>\n\t\t","protected":false},"excerpt":{"rendered":"<p>Entwicklungsorientierte Kindertagesst\u00e4tte Pflege mit Pfiff F\u00fcr viele von uns berufst\u00e4tigen Eltern bedeutet der Begriff &#8222;Tagesst\u00e4tte&#8220; (Kindertagesst\u00e4tte, Kita oder Krippe in der deutschsprachigen Schweiz) einfach, dass wir die Verantwortung f\u00fcr die Sicherheit und das Gl\u00fcck unserer Kinder \u00fcbernehmen, w\u00e4hrend wir arbeiten. In einer entwicklungsf\u00f6rdernden Kindertagesst\u00e4tte jedoch f\u00fchren der Hintergrund und die Ausbildung der Erzieherinnen zu einer [&hellip;]<\/p>\n","protected":false},"author":1,"featured_media":2294,"comment_status":"closed","ping_status":"open","sticky":false,"template":"","format":"standard","meta":{"_acf_changed":false,"footnotes":""},"categories":[15],"tags":[],"class_list":["post-4019","post","type-post","status-publish","format-standard","has-post-thumbnail","hentry","category-konzept"],"acf":[],"yoast_head":"<!-- This site is optimized with the Yoast SEO plugin v28.2 - https:\/\/yoast.com\/product\/yoast-seo-wordpress\/ -->\n<title>Entwicklungsorientierte Kindertagesst\u00e4tte - Children First<\/title>\n<meta name=\"robots\" content=\"index, follow, max-snippet:-1, max-image-preview:large, max-video-preview:-1\" \/>\n<link rel=\"canonical\" href=\"https:\/\/www.childrenfirst.ch\/de\/entwicklungspolitische-kindertagesstaette\/\" \/>\n<meta property=\"og:locale\" content=\"de_DE\" \/>\n<meta property=\"og:type\" content=\"article\" \/>\n<meta property=\"og:title\" content=\"Entwicklungsorientierte Kindertagesst\u00e4tte - Children First\" \/>\n<meta property=\"og:description\" content=\"Entwicklungsorientierte Kindertagesst\u00e4tte Pflege mit Pfiff F\u00fcr viele von uns berufst\u00e4tigen Eltern bedeutet der Begriff &#8222;Tagesst\u00e4tte&#8220; (Kindertagesst\u00e4tte, Kita oder Krippe in der deutschsprachigen Schweiz) einfach, dass wir die Verantwortung f\u00fcr die Sicherheit und das Gl\u00fcck unserer Kinder \u00fcbernehmen, w\u00e4hrend wir arbeiten. In einer entwicklungsf\u00f6rdernden Kindertagesst\u00e4tte jedoch f\u00fchren der Hintergrund und die Ausbildung der Erzieherinnen zu einer [&hellip;]\" \/>\n<meta property=\"og:url\" content=\"https:\/\/www.childrenfirst.ch\/de\/entwicklungspolitische-kindertagesstaette\/\" \/>\n<meta property=\"og:site_name\" content=\"Children First\" \/>\n<meta property=\"article:published_time\" content=\"2025-01-22T16:52:20+00:00\" \/>\n<meta property=\"article:modified_time\" content=\"2025-02-28T08:39:15+00:00\" \/>\n<meta property=\"og:image\" content=\"https:\/\/www.childrenfirst.ch\/wp-content\/uploads\/2024\/11\/9.jpg\" \/>\n\t<meta property=\"og:image:width\" content=\"546\" \/>\n\t<meta property=\"og:image:height\" content=\"526\" \/>\n\t<meta property=\"og:image:type\" content=\"image\/jpeg\" \/>\n<meta name=\"author\" content=\"admin\" \/>\n<meta name=\"twitter:card\" content=\"summary_large_image\" \/>\n<meta name=\"twitter:label1\" content=\"Verfasst von\" \/>\n\t<meta name=\"twitter:data1\" content=\"admin\" \/>\n\t<meta name=\"twitter:label2\" content=\"Gesch\u00e4tzte Lesezeit\" \/>\n\t<meta name=\"twitter:data2\" content=\"8\u00a0Minuten\" \/>\n<script type=\"application\/ld+json\" class=\"yoast-schema-graph\">{\"@context\":\"https:\\\/\\\/schema.org\",\"@graph\":[{\"@type\":\"Article\",\"@id\":\"https:\\\/\\\/www.childrenfirst.ch\\\/de\\\/entwicklungspolitische-kindertagesstaette\\\/#article\",\"isPartOf\":{\"@id\":\"https:\\\/\\\/www.childrenfirst.ch\\\/de\\\/entwicklungspolitische-kindertagesstaette\\\/\"},\"author\":{\"name\":\"admin\",\"@id\":\"https:\\\/\\\/www.childrenfirst.ch\\\/de\\\/#\\\/schema\\\/person\\\/a832af17dfc90d660f31f3157233c9fb\"},\"headline\":\"Entwicklungsorientierte Kindertagesst\u00e4tte\",\"datePublished\":\"2025-01-22T16:52:20+00:00\",\"dateModified\":\"2025-02-28T08:39:15+00:00\",\"mainEntityOfPage\":{\"@id\":\"https:\\\/\\\/www.childrenfirst.ch\\\/de\\\/entwicklungspolitische-kindertagesstaette\\\/\"},\"wordCount\":1404,\"publisher\":{\"@id\":\"https:\\\/\\\/www.childrenfirst.ch\\\/de\\\/#organization\"},\"image\":{\"@id\":\"https:\\\/\\\/www.childrenfirst.ch\\\/de\\\/entwicklungspolitische-kindertagesstaette\\\/#primaryimage\"},\"thumbnailUrl\":\"https:\\\/\\\/www.childrenfirst.ch\\\/wp-content\\\/uploads\\\/2024\\\/11\\\/9.jpg\",\"articleSection\":[\"Konzept\"],\"inLanguage\":\"de\"},{\"@type\":\"WebPage\",\"@id\":\"https:\\\/\\\/www.childrenfirst.ch\\\/de\\\/entwicklungspolitische-kindertagesstaette\\\/\",\"url\":\"https:\\\/\\\/www.childrenfirst.ch\\\/de\\\/entwicklungspolitische-kindertagesstaette\\\/\",\"name\":\"Entwicklungsorientierte Kindertagesst\u00e4tte - Children First\",\"isPartOf\":{\"@id\":\"https:\\\/\\\/www.childrenfirst.ch\\\/de\\\/#website\"},\"primaryImageOfPage\":{\"@id\":\"https:\\\/\\\/www.childrenfirst.ch\\\/de\\\/entwicklungspolitische-kindertagesstaette\\\/#primaryimage\"},\"image\":{\"@id\":\"https:\\\/\\\/www.childrenfirst.ch\\\/de\\\/entwicklungspolitische-kindertagesstaette\\\/#primaryimage\"},\"thumbnailUrl\":\"https:\\\/\\\/www.childrenfirst.ch\\\/wp-content\\\/uploads\\\/2024\\\/11\\\/9.jpg\",\"datePublished\":\"2025-01-22T16:52:20+00:00\",\"dateModified\":\"2025-02-28T08:39:15+00:00\",\"breadcrumb\":{\"@id\":\"https:\\\/\\\/www.childrenfirst.ch\\\/de\\\/entwicklungspolitische-kindertagesstaette\\\/#breadcrumb\"},\"inLanguage\":\"de\",\"potentialAction\":[{\"@type\":\"ReadAction\",\"target\":[\"https:\\\/\\\/www.childrenfirst.ch\\\/de\\\/entwicklungspolitische-kindertagesstaette\\\/\"]}]},{\"@type\":\"ImageObject\",\"inLanguage\":\"de\",\"@id\":\"https:\\\/\\\/www.childrenfirst.ch\\\/de\\\/entwicklungspolitische-kindertagesstaette\\\/#primaryimage\",\"url\":\"https:\\\/\\\/www.childrenfirst.ch\\\/wp-content\\\/uploads\\\/2024\\\/11\\\/9.jpg\",\"contentUrl\":\"https:\\\/\\\/www.childrenfirst.ch\\\/wp-content\\\/uploads\\\/2024\\\/11\\\/9.jpg\",\"width\":546,\"height\":526},{\"@type\":\"BreadcrumbList\",\"@id\":\"https:\\\/\\\/www.childrenfirst.ch\\\/de\\\/entwicklungspolitische-kindertagesstaette\\\/#breadcrumb\",\"itemListElement\":[{\"@type\":\"ListItem\",\"position\":1,\"name\":\"Home\",\"item\":\"https:\\\/\\\/www.childrenfirst.ch\\\/de\\\/\"},{\"@type\":\"ListItem\",\"position\":2,\"name\":\"Entwicklungsorientierte Kindertagesst\u00e4tte\"}]},{\"@type\":\"WebSite\",\"@id\":\"https:\\\/\\\/www.childrenfirst.ch\\\/de\\\/#website\",\"url\":\"https:\\\/\\\/www.childrenfirst.ch\\\/de\\\/\",\"name\":\"Children First\",\"description\":\"International daycare, preschool and kindergarten\",\"publisher\":{\"@id\":\"https:\\\/\\\/www.childrenfirst.ch\\\/de\\\/#organization\"},\"potentialAction\":[{\"@type\":\"SearchAction\",\"target\":{\"@type\":\"EntryPoint\",\"urlTemplate\":\"https:\\\/\\\/www.childrenfirst.ch\\\/de\\\/?s={search_term_string}\"},\"query-input\":{\"@type\":\"PropertyValueSpecification\",\"valueRequired\":true,\"valueName\":\"search_term_string\"}}],\"inLanguage\":\"de\"},{\"@type\":\"Organization\",\"@id\":\"https:\\\/\\\/www.childrenfirst.ch\\\/de\\\/#organization\",\"name\":\"Children First\",\"url\":\"https:\\\/\\\/www.childrenfirst.ch\\\/de\\\/\",\"logo\":{\"@type\":\"ImageObject\",\"inLanguage\":\"de\",\"@id\":\"https:\\\/\\\/www.childrenfirst.ch\\\/de\\\/#\\\/schema\\\/logo\\\/image\\\/\",\"url\":\"https:\\\/\\\/www.childrenfirst.ch\\\/wp-content\\\/uploads\\\/2024\\\/12\\\/logo-1.png\",\"contentUrl\":\"https:\\\/\\\/www.childrenfirst.ch\\\/wp-content\\\/uploads\\\/2024\\\/12\\\/logo-1.png\",\"width\":305,\"height\":82,\"caption\":\"Children First\"},\"image\":{\"@id\":\"https:\\\/\\\/www.childrenfirst.ch\\\/de\\\/#\\\/schema\\\/logo\\\/image\\\/\"}},{\"@type\":\"Person\",\"@id\":\"https:\\\/\\\/www.childrenfirst.ch\\\/de\\\/#\\\/schema\\\/person\\\/a832af17dfc90d660f31f3157233c9fb\",\"name\":\"admin\",\"image\":{\"@type\":\"ImageObject\",\"inLanguage\":\"de\",\"@id\":\"https:\\\/\\\/secure.gravatar.com\\\/avatar\\\/530c0b7176af0851ac965188da35d9c62dcefbfc429a0cd148df5cec3e2abc82?s=96&d=mm&r=g\",\"url\":\"https:\\\/\\\/secure.gravatar.com\\\/avatar\\\/530c0b7176af0851ac965188da35d9c62dcefbfc429a0cd148df5cec3e2abc82?s=96&d=mm&r=g\",\"contentUrl\":\"https:\\\/\\\/secure.gravatar.com\\\/avatar\\\/530c0b7176af0851ac965188da35d9c62dcefbfc429a0cd148df5cec3e2abc82?s=96&d=mm&r=g\",\"caption\":\"admin\"},\"url\":\"https:\\\/\\\/www.childrenfirst.ch\\\/de\\\/author\\\/mauricio\\\/\"}]}<\/script>\n<!-- \/ Yoast SEO plugin. -->","yoast_head_json":{"title":"Entwicklungsorientierte Kindertagesst\u00e4tte - Children First","robots":{"index":"index","follow":"follow","max-snippet":"max-snippet:-1","max-image-preview":"max-image-preview:large","max-video-preview":"max-video-preview:-1"},"canonical":"https:\/\/www.childrenfirst.ch\/de\/entwicklungspolitische-kindertagesstaette\/","og_locale":"de_DE","og_type":"article","og_title":"Entwicklungsorientierte Kindertagesst\u00e4tte - Children First","og_description":"Entwicklungsorientierte Kindertagesst\u00e4tte Pflege mit Pfiff F\u00fcr viele von uns berufst\u00e4tigen Eltern bedeutet der Begriff &#8222;Tagesst\u00e4tte&#8220; (Kindertagesst\u00e4tte, Kita oder Krippe in der deutschsprachigen Schweiz) einfach, dass wir die Verantwortung f\u00fcr die Sicherheit und das Gl\u00fcck unserer Kinder \u00fcbernehmen, w\u00e4hrend wir arbeiten. In einer entwicklungsf\u00f6rdernden Kindertagesst\u00e4tte jedoch f\u00fchren der Hintergrund und die Ausbildung der Erzieherinnen zu einer [&hellip;]","og_url":"https:\/\/www.childrenfirst.ch\/de\/entwicklungspolitische-kindertagesstaette\/","og_site_name":"Children First","article_published_time":"2025-01-22T16:52:20+00:00","article_modified_time":"2025-02-28T08:39:15+00:00","og_image":[{"width":546,"height":526,"url":"https:\/\/www.childrenfirst.ch\/wp-content\/uploads\/2024\/11\/9.jpg","type":"image\/jpeg"}],"author":"admin","twitter_card":"summary_large_image","twitter_misc":{"Verfasst von":"admin","Gesch\u00e4tzte Lesezeit":"8\u00a0Minuten"},"schema":{"@context":"https:\/\/schema.org","@graph":[{"@type":"Article","@id":"https:\/\/www.childrenfirst.ch\/de\/entwicklungspolitische-kindertagesstaette\/#article","isPartOf":{"@id":"https:\/\/www.childrenfirst.ch\/de\/entwicklungspolitische-kindertagesstaette\/"},"author":{"name":"admin","@id":"https:\/\/www.childrenfirst.ch\/de\/#\/schema\/person\/a832af17dfc90d660f31f3157233c9fb"},"headline":"Entwicklungsorientierte Kindertagesst\u00e4tte","datePublished":"2025-01-22T16:52:20+00:00","dateModified":"2025-02-28T08:39:15+00:00","mainEntityOfPage":{"@id":"https:\/\/www.childrenfirst.ch\/de\/entwicklungspolitische-kindertagesstaette\/"},"wordCount":1404,"publisher":{"@id":"https:\/\/www.childrenfirst.ch\/de\/#organization"},"image":{"@id":"https:\/\/www.childrenfirst.ch\/de\/entwicklungspolitische-kindertagesstaette\/#primaryimage"},"thumbnailUrl":"https:\/\/www.childrenfirst.ch\/wp-content\/uploads\/2024\/11\/9.jpg","articleSection":["Konzept"],"inLanguage":"de"},{"@type":"WebPage","@id":"https:\/\/www.childrenfirst.ch\/de\/entwicklungspolitische-kindertagesstaette\/","url":"https:\/\/www.childrenfirst.ch\/de\/entwicklungspolitische-kindertagesstaette\/","name":"Entwicklungsorientierte Kindertagesst\u00e4tte - Children First","isPartOf":{"@id":"https:\/\/www.childrenfirst.ch\/de\/#website"},"primaryImageOfPage":{"@id":"https:\/\/www.childrenfirst.ch\/de\/entwicklungspolitische-kindertagesstaette\/#primaryimage"},"image":{"@id":"https:\/\/www.childrenfirst.ch\/de\/entwicklungspolitische-kindertagesstaette\/#primaryimage"},"thumbnailUrl":"https:\/\/www.childrenfirst.ch\/wp-content\/uploads\/2024\/11\/9.jpg","datePublished":"2025-01-22T16:52:20+00:00","dateModified":"2025-02-28T08:39:15+00:00","breadcrumb":{"@id":"https:\/\/www.childrenfirst.ch\/de\/entwicklungspolitische-kindertagesstaette\/#breadcrumb"},"inLanguage":"de","potentialAction":[{"@type":"ReadAction","target":["https:\/\/www.childrenfirst.ch\/de\/entwicklungspolitische-kindertagesstaette\/"]}]},{"@type":"ImageObject","inLanguage":"de","@id":"https:\/\/www.childrenfirst.ch\/de\/entwicklungspolitische-kindertagesstaette\/#primaryimage","url":"https:\/\/www.childrenfirst.ch\/wp-content\/uploads\/2024\/11\/9.jpg","contentUrl":"https:\/\/www.childrenfirst.ch\/wp-content\/uploads\/2024\/11\/9.jpg","width":546,"height":526},{"@type":"BreadcrumbList","@id":"https:\/\/www.childrenfirst.ch\/de\/entwicklungspolitische-kindertagesstaette\/#breadcrumb","itemListElement":[{"@type":"ListItem","position":1,"name":"Home","item":"https:\/\/www.childrenfirst.ch\/de\/"},{"@type":"ListItem","position":2,"name":"Entwicklungsorientierte Kindertagesst\u00e4tte"}]},{"@type":"WebSite","@id":"https:\/\/www.childrenfirst.ch\/de\/#website","url":"https:\/\/www.childrenfirst.ch\/de\/","name":"Children First","description":"International daycare, preschool and kindergarten","publisher":{"@id":"https:\/\/www.childrenfirst.ch\/de\/#organization"},"potentialAction":[{"@type":"SearchAction","target":{"@type":"EntryPoint","urlTemplate":"https:\/\/www.childrenfirst.ch\/de\/?s={search_term_string}"},"query-input":{"@type":"PropertyValueSpecification","valueRequired":true,"valueName":"search_term_string"}}],"inLanguage":"de"},{"@type":"Organization","@id":"https:\/\/www.childrenfirst.ch\/de\/#organization","name":"Children First","url":"https:\/\/www.childrenfirst.ch\/de\/","logo":{"@type":"ImageObject","inLanguage":"de","@id":"https:\/\/www.childrenfirst.ch\/de\/#\/schema\/logo\/image\/","url":"https:\/\/www.childrenfirst.ch\/wp-content\/uploads\/2024\/12\/logo-1.png","contentUrl":"https:\/\/www.childrenfirst.ch\/wp-content\/uploads\/2024\/12\/logo-1.png","width":305,"height":82,"caption":"Children First"},"image":{"@id":"https:\/\/www.childrenfirst.ch\/de\/#\/schema\/logo\/image\/"}},{"@type":"Person","@id":"https:\/\/www.childrenfirst.ch\/de\/#\/schema\/person\/a832af17dfc90d660f31f3157233c9fb","name":"admin","image":{"@type":"ImageObject","inLanguage":"de","@id":"https:\/\/secure.gravatar.com\/avatar\/530c0b7176af0851ac965188da35d9c62dcefbfc429a0cd148df5cec3e2abc82?s=96&d=mm&r=g","url":"https:\/\/secure.gravatar.com\/avatar\/530c0b7176af0851ac965188da35d9c62dcefbfc429a0cd148df5cec3e2abc82?s=96&d=mm&r=g","contentUrl":"https:\/\/secure.gravatar.com\/avatar\/530c0b7176af0851ac965188da35d9c62dcefbfc429a0cd148df5cec3e2abc82?s=96&d=mm&r=g","caption":"admin"},"url":"https:\/\/www.childrenfirst.ch\/de\/author\/mauricio\/"}]}},"_links":{"self":[{"href":"https:\/\/www.childrenfirst.ch\/de\/wp-json\/wp\/v2\/posts\/4019","targetHints":{"allow":["GET"]}}],"collection":[{"href":"https:\/\/www.childrenfirst.ch\/de\/wp-json\/wp\/v2\/posts"}],"about":[{"href":"https:\/\/www.childrenfirst.ch\/de\/wp-json\/wp\/v2\/types\/post"}],"author":[{"embeddable":true,"href":"https:\/\/www.childrenfirst.ch\/de\/wp-json\/wp\/v2\/users\/1"}],"replies":[{"embeddable":true,"href":"https:\/\/www.childrenfirst.ch\/de\/wp-json\/wp\/v2\/comments?post=4019"}],"version-history":[{"count":10,"href":"https:\/\/www.childrenfirst.ch\/de\/wp-json\/wp\/v2\/posts\/4019\/revisions"}],"predecessor-version":[{"id":6259,"href":"https:\/\/www.childrenfirst.ch\/de\/wp-json\/wp\/v2\/posts\/4019\/revisions\/6259"}],"wp:attachment":[{"href":"https:\/\/www.childrenfirst.ch\/de\/wp-json\/wp\/v2\/media?parent=4019"}],"wp:term":[{"taxonomy":"category","embeddable":true,"href":"https:\/\/www.childrenfirst.ch\/de\/wp-json\/wp\/v2\/categories?post=4019"},{"taxonomy":"post_tag","embeddable":true,"href":"https:\/\/www.childrenfirst.ch\/de\/wp-json\/wp\/v2\/tags?post=4019"}],"curies":[{"name":"wp","href":"https:\/\/api.w.org\/{rel}","templated":true}]}}