{"id":4010,"date":"2025-01-22T17:00:00","date_gmt":"2025-01-22T17:00:00","guid":{"rendered":"https:\/\/www.childrenfirst.ch\/sollten-wir-in-den-ersten-jahren-unterrichten\/"},"modified":"2025-02-28T08:36:56","modified_gmt":"2025-02-28T08:36:56","slug":"sollten-wir-in-den-ersten-jahren-unterrichten","status":"publish","type":"post","link":"https:\/\/www.childrenfirst.ch\/de\/sollten-wir-in-den-ersten-jahren-unterrichten\/","title":{"rendered":"Sollten wir in den ersten Jahren unterrichten?"},"content":{"rendered":"\t\t<div data-elementor-type=\"wp-post\" data-elementor-id=\"4010\" class=\"elementor elementor-4010 elementor-3914\" data-elementor-post-type=\"post\">\n\t\t\t\t<div class=\"elementor-element elementor-element-6e9b034a relative-section e-flex e-con-boxed e-con e-parent\" data-id=\"6e9b034a\" data-element_type=\"container\" data-e-type=\"container\">\n\t\t\t\t\t<div class=\"e-con-inner\">\n\t\t<div class=\"elementor-element elementor-element-6c458441 e-con-full e-flex e-con e-child\" data-id=\"6c458441\" data-element_type=\"container\" data-e-type=\"container\" data-settings=\"{&quot;background_background&quot;:&quot;classic&quot;}\">\n\t\t<div class=\"elementor-element elementor-element-7d1252fd e-con-full e-flex e-con e-child\" data-id=\"7d1252fd\" data-element_type=\"container\" data-e-type=\"container\" data-settings=\"{&quot;background_background&quot;:&quot;classic&quot;}\">\n\t\t<div class=\"elementor-element elementor-element-554af31a e-con-full e-flex e-con e-child\" data-id=\"554af31a\" data-element_type=\"container\" data-e-type=\"container\" data-settings=\"{&quot;background_background&quot;:&quot;classic&quot;}\">\n\t\t\t\t<div class=\"elementor-element elementor-element-74c9fed7 elementor-widget__width-initial circle-box right-left elementor-widget elementor-widget-heading\" data-id=\"74c9fed7\" data-element_type=\"widget\" data-e-type=\"widget\" data-widget_type=\"heading.default\">\n\t\t\t\t<div class=\"elementor-widget-container\">\n\t\t\t\t\t<h2 class=\"elementor-heading-title elementor-size-default\">Fr\u00fche Jahre<\/h2>\t\t\t\t<\/div>\n\t\t\t\t<\/div>\n\t\t\t\t<\/div>\n\t\t\t\t<\/div>\n\t\t\t\t<\/div>\n\t\t<div class=\"elementor-element elementor-element-5b54634f e-con-full e-flex e-con e-child\" data-id=\"5b54634f\" data-element_type=\"container\" data-e-type=\"container\" data-settings=\"{&quot;background_background&quot;:&quot;classic&quot;}\">\n\t\t<div class=\"elementor-element elementor-element-30d8a4ac e-con-full e-flex e-con e-child\" data-id=\"30d8a4ac\" data-element_type=\"container\" data-e-type=\"container\" data-settings=\"{&quot;background_background&quot;:&quot;classic&quot;}\">\n\t\t\t\t<div class=\"elementor-element elementor-element-1cb57f76 elementor-widget elementor-widget-text-editor\" data-id=\"1cb57f76\" data-element_type=\"widget\" data-e-type=\"widget\" data-widget_type=\"text-editor.default\">\n\t\t\t\t<div class=\"elementor-widget-container\">\n\t\t\t\t\t\t\t\t\t<h1>Sollten wir in den ersten Jahren unterrichten?<\/h1><p>von Monica Shah Zeeman<\/p>\t\t\t\t\t\t\t\t<\/div>\n\t\t\t\t<\/div>\n\t\t\t\t<div class=\"elementor-element elementor-element-7b9c8a8 elementor-widget elementor-widget-image\" data-id=\"7b9c8a8\" data-element_type=\"widget\" data-e-type=\"widget\" data-widget_type=\"image.default\">\n\t\t\t\t<div class=\"elementor-widget-container\">\n\t\t\t\t\t\t\t\t\t\t\t\t\t\t\t<img fetchpriority=\"high\" decoding=\"async\" width=\"800\" height=\"534\" src=\"https:\/\/www.childrenfirst.ch\/wp-content\/uploads\/2024\/06\/96db22_ba0997692189413081bb4b4d888354b4mv2-1.webp\" class=\"attachment-large size-large wp-image-1377\" alt=\"\" srcset=\"https:\/\/www.childrenfirst.ch\/wp-content\/uploads\/2024\/06\/96db22_ba0997692189413081bb4b4d888354b4mv2-1.webp 1000w, https:\/\/www.childrenfirst.ch\/wp-content\/uploads\/2024\/06\/96db22_ba0997692189413081bb4b4d888354b4mv2-1-300x200.webp 300w, https:\/\/www.childrenfirst.ch\/wp-content\/uploads\/2024\/06\/96db22_ba0997692189413081bb4b4d888354b4mv2-1-768x512.webp 768w\" sizes=\"(max-width: 800px) 100vw, 800px\" \/>\t\t\t\t\t\t\t\t\t\t\t\t\t\t\t<\/div>\n\t\t\t\t<\/div>\n\t\t\t\t<div class=\"elementor-element elementor-element-f8386e8 elementor-widget elementor-widget-text-editor\" data-id=\"f8386e8\" data-element_type=\"widget\" data-e-type=\"widget\" data-widget_type=\"text-editor.default\">\n\t\t\t\t<div class=\"elementor-widget-container\">\n\t\t\t\t\t\t\t\t\t<p>In Europa wird viel dar\u00fcber diskutiert, ob es f\u00fcr Kinder wichtiger ist, in der Vorschule zu lernen oder zu spielen. Sollten Kinder nicht warten, bis sie mindestens 5 und idealerweise 7 Jahre alt sind, um in die Schule zu gehen? Diesem Dilemma liegt ein veraltetes Konzept des Lernens zugrunde, bei dem Erwachsene reden und Kinder zuh\u00f6ren, Kinder stillsitzen und passiv werden.   Idealerweise ist die Vorschule sowohl Bildung als auch Betreuung, und zwar nicht zu unterschiedlichen Zeiten, sondern gemeinsam. Ein freundlicher, aber entschlossener Erwachsener ist der beste Lehrer f\u00fcr ein Kind. Er bringt ihm keine \u00e4lteren F\u00e4higkeiten bei, sondern l\u00e4sst ihm die Freiheit zu lernen, wenn es das m\u00f6chte, anstatt seine t\u00e4glichen Interessen zu sehr zu bestimmen.<\/p>\n\t\t\t\t\t\t\t\t<\/div>\n\t\t\t\t<\/div>\n\t\t\t\t<div class=\"elementor-element elementor-element-a139e19 elementor-widget elementor-widget-text-editor\" data-id=\"a139e19\" data-element_type=\"widget\" data-e-type=\"widget\" data-widget_type=\"text-editor.default\">\n\t\t\t\t<div class=\"elementor-widget-container\">\n\t\t\t\t\t\t\t\t\t<p>Wir werden in Z\u00fcrich gefragt, warum wir Kinder so jung unterrichten? Sollen sie doch barfu\u00df \u00fcber die Felder laufen und ihren Geist vor dem Verstand entwickeln! Sollten sie nicht frei spielen, bevor sie lernen m\u00fcssen, was Arbeit ist? Dieses romantische Ideal der Kindheit ist umso reizvoller, je weiter sich die Erwachsenen von ihr entfernen. Erwachsene m\u00fcssen arbeiten, Kinder nicht. Aber wie Maria Montessori feststellte, haben Kinder nicht die Vorstellung, dass &#8218;Arbeit&#8216; vom &#8218;Spiel&#8216; getrennt ist. Sie st\u00fcrzen sich in jede Aktivit\u00e4t, ihre Interaktionen sind intensiv, pers\u00f6nlich und emotional. Es sind die Erwachsenen in ihrem Umfeld, die ihnen helfen m\u00fcssen, eine Vorstellung von &#8218;harter Arbeit&#8216; zu entwickeln, wenn ihre Kinder \u00e4lter sind und gelernt haben, nicht hart zu arbeiten, denn kleine Kinder sind von Natur aus flei\u00dfig! Das ist einer der vielen Gr\u00fcnde, warum ich mich wohlf\u00fchle, wenn ich viel Zeit mit Kindern verbringe, bevor erwachsene Konzepte eingef\u00fchrt wurden, die ihren nat\u00fcrlichen Enthusiasmus f\u00fcr das Leben mindern.        <\/p>\n\t\t\t\t\t\t\t\t<\/div>\n\t\t\t\t<\/div>\n\t\t\t\t<div class=\"elementor-element elementor-element-6c6f96a elementor-widget elementor-widget-text-editor\" data-id=\"6c6f96a\" data-element_type=\"widget\" data-e-type=\"widget\" data-widget_type=\"text-editor.default\">\n\t\t\t\t<div class=\"elementor-widget-container\">\n\t\t\t\t\t\t\t\t\t<p>Bei Children First m\u00f6chten wir, dass fr\u00fches Lernen Spa\u00df macht, sich lohnt und mit den Werten der Familie verbunden ist. Kleine Kinder werden nicht gezwungen, an einem Schreibtisch zu sitzen. Ihre erste Schule hier bietet wundersch\u00f6ne offene R\u00e4ume, in denen die Bewegung von einer Lernzone zur n\u00e4chsten gef\u00f6rdert wird. Wir wissen, dass Kinder lernen, wenn sie in Bewegung sind, und dass sie nicht eingeschr\u00e4nkt werden sollten. Die Rolle des &#8222;Lehrers&#8220; besteht darin, ihnen freundlich zu zeigen, wie sie die Spielsachen, Spiele und Ger\u00e4te in ihren ma\u00dfgeschneiderten Klassenzimmern am besten nutzen k\u00f6nnen. Sie lernen gute Angewohnheiten, wie z.B. ihre Energie in konstruktive Aktivit\u00e4ten zu lenken, die ihren jungen Verstand entwickeln und ihnen helfen, einen breiten, reichen Wortschatz zu erwerben. Sobald sie sich flie\u00dfend in mindestens einer Sprache unterhalten, k\u00f6nnen sie lernen, wie man verhandelt, um Konflikte im Kindergarten zu vermeiden und den Grundstein f\u00fcr wertvolle F\u00e4higkeiten im Leben zu legen.     <\/p>\n\t\t\t\t\t\t\t\t<\/div>\n\t\t\t\t<\/div>\n\t\t\t\t<div class=\"elementor-element elementor-element-fbe613a elementor-widget elementor-widget-text-editor\" data-id=\"fbe613a\" data-element_type=\"widget\" data-e-type=\"widget\" data-widget_type=\"text-editor.default\">\n\t\t\t\t<div class=\"elementor-widget-container\">\n\t\t\t\t\t\t\t\t\t<p>Wie sieht es mit dem Paradies der Kindheit aus? Sollten Kinder den ganzen Tag drinnen sein, mit einer strukturierten Routine, anstatt dem organischen Auf und Ab des h\u00e4uslichen Lebens zu Hause zu folgen? Die Realit\u00e4t ist, dass das Kindsein nie ganz ideal ist, denn Kinder sind f\u00fcr ihr Gl\u00fcck auf andere angewiesen. Die Unabh\u00e4ngigkeit kommt fr\u00fch, aber die Sozialisierung schafft Bindungen, die die wachsende Selbstst\u00e4ndigkeit eines Kindes erg\u00e4nzen und ausgleichen. Als Eltern k\u00f6nnen wir nur beeinflussen, mit wem sie ihre Zeit verbringen und von wem sie lernen. Lernen ist nicht etwas, das Kinder nur in der Schule tun. Genauso wenig ist Spielen etwas, was Kinder nur zu Hause tun. Kinder lernen die ganze Zeit, jede Minute, sie nehmen alles um sich herum auf und diese Reize tragen zu ihrer Entwicklung bei, sogar vom Babyalter an. Geschulte Erwachsene k\u00f6nnen sich auf ihr Lernen und ihre Entwicklung konzentrieren und den Eltern R\u00fcckmeldung geben, wie ihre Kinder aufwachsen. Sobald Kinder 3 oder 4 Jahre alt sind, werden diese Erwachsenen Lehrer genannt. Aber sie sind viel mehr als das, sie sind Betreuer, F\u00fchrer und Vorbilder. Ihre F\u00e4higkeiten und Fertigkeiten, wie z.B. die Beherrschung der Sprache, haben einen enormen Einfluss. Erzieherinnen und Erzieher sind neben den Eltern f\u00fcr die wichtigste Aufgabe der Welt verantwortlich, n\u00e4mlich die Herzen und K\u00f6pfe der n\u00e4chsten Generation zu formen und das volle Potenzial jedes einzelnen Kindes auszusch\u00f6pfen.           <\/p>\n\t\t\t\t\t\t\t\t<\/div>\n\t\t\t\t<\/div>\n\t\t\t\t<\/div>\n\t\t\t\t<\/div>\n\t\t\t\t\t<\/div>\n\t\t\t\t<\/div>\n\t\t\t\t<\/div>\n\t\t","protected":false},"excerpt":{"rendered":"<p>In Europa wurde viel dar\u00fcber diskutiert, ob es f\u00fcr Kinder in der Vorschule wichtiger ist, zu lernen oder zu spielen. Diesem Dilemma liegt ein veraltetes Konzept des Lernens zugrunde. <\/p>\n","protected":false},"author":1,"featured_media":317,"comment_status":"closed","ping_status":"open","sticky":false,"template":"","format":"standard","meta":{"_acf_changed":false,"footnotes":""},"categories":[15],"tags":[],"class_list":["post-4010","post","type-post","status-publish","format-standard","has-post-thumbnail","hentry","category-konzept"],"acf":[],"yoast_head":"<!-- This site is optimized with the Yoast SEO plugin v28.2 - https:\/\/yoast.com\/product\/yoast-seo-wordpress\/ -->\n<title>Sollten wir in den ersten Jahren unterrichten? - Children First<\/title>\n<meta name=\"robots\" content=\"index, follow, max-snippet:-1, max-image-preview:large, max-video-preview:-1\" \/>\n<link rel=\"canonical\" href=\"https:\/\/www.childrenfirst.ch\/de\/sollten-wir-in-den-ersten-jahren-unterrichten\/\" \/>\n<meta property=\"og:locale\" content=\"de_DE\" \/>\n<meta property=\"og:type\" content=\"article\" \/>\n<meta property=\"og:title\" content=\"Sollten wir in den ersten Jahren unterrichten? - Children First\" \/>\n<meta property=\"og:description\" content=\"In Europa wurde viel dar\u00fcber diskutiert, ob es f\u00fcr Kinder in der Vorschule wichtiger ist, zu lernen oder zu spielen. Diesem Dilemma liegt ein veraltetes Konzept des Lernens zugrunde.\" \/>\n<meta property=\"og:url\" content=\"https:\/\/www.childrenfirst.ch\/de\/sollten-wir-in-den-ersten-jahren-unterrichten\/\" \/>\n<meta property=\"og:site_name\" content=\"Children First\" \/>\n<meta property=\"article:published_time\" content=\"2025-01-22T17:00:00+00:00\" \/>\n<meta property=\"article:modified_time\" content=\"2025-02-28T08:36:56+00:00\" \/>\n<meta property=\"og:image\" content=\"https:\/\/www.childrenfirst.ch\/wp-content\/uploads\/2024\/06\/96db22_ba0997692189413081bb4b4d888354b4mv2.webp\" \/>\n\t<meta property=\"og:image:width\" content=\"1000\" \/>\n\t<meta property=\"og:image:height\" content=\"667\" \/>\n\t<meta property=\"og:image:type\" content=\"image\/webp\" \/>\n<meta name=\"author\" content=\"admin\" \/>\n<meta name=\"twitter:card\" content=\"summary_large_image\" \/>\n<meta name=\"twitter:label1\" content=\"Verfasst von\" \/>\n\t<meta name=\"twitter:data1\" content=\"admin\" \/>\n\t<meta name=\"twitter:label2\" content=\"Gesch\u00e4tzte Lesezeit\" \/>\n\t<meta name=\"twitter:data2\" content=\"4\u00a0Minuten\" \/>\n<script type=\"application\/ld+json\" class=\"yoast-schema-graph\">{\"@context\":\"https:\\\/\\\/schema.org\",\"@graph\":[{\"@type\":\"Article\",\"@id\":\"https:\\\/\\\/www.childrenfirst.ch\\\/de\\\/sollten-wir-in-den-ersten-jahren-unterrichten\\\/#article\",\"isPartOf\":{\"@id\":\"https:\\\/\\\/www.childrenfirst.ch\\\/de\\\/sollten-wir-in-den-ersten-jahren-unterrichten\\\/\"},\"author\":{\"name\":\"admin\",\"@id\":\"https:\\\/\\\/www.childrenfirst.ch\\\/de\\\/#\\\/schema\\\/person\\\/a832af17dfc90d660f31f3157233c9fb\"},\"headline\":\"Sollten wir in den ersten Jahren unterrichten?\",\"datePublished\":\"2025-01-22T17:00:00+00:00\",\"dateModified\":\"2025-02-28T08:36:56+00:00\",\"mainEntityOfPage\":{\"@id\":\"https:\\\/\\\/www.childrenfirst.ch\\\/de\\\/sollten-wir-in-den-ersten-jahren-unterrichten\\\/\"},\"wordCount\":721,\"publisher\":{\"@id\":\"https:\\\/\\\/www.childrenfirst.ch\\\/de\\\/#organization\"},\"image\":{\"@id\":\"https:\\\/\\\/www.childrenfirst.ch\\\/de\\\/sollten-wir-in-den-ersten-jahren-unterrichten\\\/#primaryimage\"},\"thumbnailUrl\":\"https:\\\/\\\/www.childrenfirst.ch\\\/wp-content\\\/uploads\\\/2024\\\/06\\\/96db22_ba0997692189413081bb4b4d888354b4mv2.webp\",\"articleSection\":[\"Konzept\"],\"inLanguage\":\"de\"},{\"@type\":\"WebPage\",\"@id\":\"https:\\\/\\\/www.childrenfirst.ch\\\/de\\\/sollten-wir-in-den-ersten-jahren-unterrichten\\\/\",\"url\":\"https:\\\/\\\/www.childrenfirst.ch\\\/de\\\/sollten-wir-in-den-ersten-jahren-unterrichten\\\/\",\"name\":\"Sollten wir in den ersten Jahren unterrichten? - Children First\",\"isPartOf\":{\"@id\":\"https:\\\/\\\/www.childrenfirst.ch\\\/de\\\/#website\"},\"primaryImageOfPage\":{\"@id\":\"https:\\\/\\\/www.childrenfirst.ch\\\/de\\\/sollten-wir-in-den-ersten-jahren-unterrichten\\\/#primaryimage\"},\"image\":{\"@id\":\"https:\\\/\\\/www.childrenfirst.ch\\\/de\\\/sollten-wir-in-den-ersten-jahren-unterrichten\\\/#primaryimage\"},\"thumbnailUrl\":\"https:\\\/\\\/www.childrenfirst.ch\\\/wp-content\\\/uploads\\\/2024\\\/06\\\/96db22_ba0997692189413081bb4b4d888354b4mv2.webp\",\"datePublished\":\"2025-01-22T17:00:00+00:00\",\"dateModified\":\"2025-02-28T08:36:56+00:00\",\"breadcrumb\":{\"@id\":\"https:\\\/\\\/www.childrenfirst.ch\\\/de\\\/sollten-wir-in-den-ersten-jahren-unterrichten\\\/#breadcrumb\"},\"inLanguage\":\"de\",\"potentialAction\":[{\"@type\":\"ReadAction\",\"target\":[\"https:\\\/\\\/www.childrenfirst.ch\\\/de\\\/sollten-wir-in-den-ersten-jahren-unterrichten\\\/\"]}]},{\"@type\":\"ImageObject\",\"inLanguage\":\"de\",\"@id\":\"https:\\\/\\\/www.childrenfirst.ch\\\/de\\\/sollten-wir-in-den-ersten-jahren-unterrichten\\\/#primaryimage\",\"url\":\"https:\\\/\\\/www.childrenfirst.ch\\\/wp-content\\\/uploads\\\/2024\\\/06\\\/96db22_ba0997692189413081bb4b4d888354b4mv2.webp\",\"contentUrl\":\"https:\\\/\\\/www.childrenfirst.ch\\\/wp-content\\\/uploads\\\/2024\\\/06\\\/96db22_ba0997692189413081bb4b4d888354b4mv2.webp\",\"width\":1000,\"height\":667},{\"@type\":\"BreadcrumbList\",\"@id\":\"https:\\\/\\\/www.childrenfirst.ch\\\/de\\\/sollten-wir-in-den-ersten-jahren-unterrichten\\\/#breadcrumb\",\"itemListElement\":[{\"@type\":\"ListItem\",\"position\":1,\"name\":\"Home\",\"item\":\"https:\\\/\\\/www.childrenfirst.ch\\\/de\\\/\"},{\"@type\":\"ListItem\",\"position\":2,\"name\":\"Sollten wir in den ersten Jahren unterrichten?\"}]},{\"@type\":\"WebSite\",\"@id\":\"https:\\\/\\\/www.childrenfirst.ch\\\/de\\\/#website\",\"url\":\"https:\\\/\\\/www.childrenfirst.ch\\\/de\\\/\",\"name\":\"Children First\",\"description\":\"International daycare, preschool and kindergarten\",\"publisher\":{\"@id\":\"https:\\\/\\\/www.childrenfirst.ch\\\/de\\\/#organization\"},\"potentialAction\":[{\"@type\":\"SearchAction\",\"target\":{\"@type\":\"EntryPoint\",\"urlTemplate\":\"https:\\\/\\\/www.childrenfirst.ch\\\/de\\\/?s={search_term_string}\"},\"query-input\":{\"@type\":\"PropertyValueSpecification\",\"valueRequired\":true,\"valueName\":\"search_term_string\"}}],\"inLanguage\":\"de\"},{\"@type\":\"Organization\",\"@id\":\"https:\\\/\\\/www.childrenfirst.ch\\\/de\\\/#organization\",\"name\":\"Children First\",\"url\":\"https:\\\/\\\/www.childrenfirst.ch\\\/de\\\/\",\"logo\":{\"@type\":\"ImageObject\",\"inLanguage\":\"de\",\"@id\":\"https:\\\/\\\/www.childrenfirst.ch\\\/de\\\/#\\\/schema\\\/logo\\\/image\\\/\",\"url\":\"https:\\\/\\\/www.childrenfirst.ch\\\/wp-content\\\/uploads\\\/2024\\\/12\\\/logo-1.png\",\"contentUrl\":\"https:\\\/\\\/www.childrenfirst.ch\\\/wp-content\\\/uploads\\\/2024\\\/12\\\/logo-1.png\",\"width\":305,\"height\":82,\"caption\":\"Children First\"},\"image\":{\"@id\":\"https:\\\/\\\/www.childrenfirst.ch\\\/de\\\/#\\\/schema\\\/logo\\\/image\\\/\"}},{\"@type\":\"Person\",\"@id\":\"https:\\\/\\\/www.childrenfirst.ch\\\/de\\\/#\\\/schema\\\/person\\\/a832af17dfc90d660f31f3157233c9fb\",\"name\":\"admin\",\"image\":{\"@type\":\"ImageObject\",\"inLanguage\":\"de\",\"@id\":\"https:\\\/\\\/secure.gravatar.com\\\/avatar\\\/530c0b7176af0851ac965188da35d9c62dcefbfc429a0cd148df5cec3e2abc82?s=96&d=mm&r=g\",\"url\":\"https:\\\/\\\/secure.gravatar.com\\\/avatar\\\/530c0b7176af0851ac965188da35d9c62dcefbfc429a0cd148df5cec3e2abc82?s=96&d=mm&r=g\",\"contentUrl\":\"https:\\\/\\\/secure.gravatar.com\\\/avatar\\\/530c0b7176af0851ac965188da35d9c62dcefbfc429a0cd148df5cec3e2abc82?s=96&d=mm&r=g\",\"caption\":\"admin\"},\"url\":\"https:\\\/\\\/www.childrenfirst.ch\\\/de\\\/author\\\/mauricio\\\/\"}]}<\/script>\n<!-- \/ Yoast SEO plugin. -->","yoast_head_json":{"title":"Sollten wir in den ersten Jahren unterrichten? - Children First","robots":{"index":"index","follow":"follow","max-snippet":"max-snippet:-1","max-image-preview":"max-image-preview:large","max-video-preview":"max-video-preview:-1"},"canonical":"https:\/\/www.childrenfirst.ch\/de\/sollten-wir-in-den-ersten-jahren-unterrichten\/","og_locale":"de_DE","og_type":"article","og_title":"Sollten wir in den ersten Jahren unterrichten? - Children First","og_description":"In Europa wurde viel dar\u00fcber diskutiert, ob es f\u00fcr Kinder in der Vorschule wichtiger ist, zu lernen oder zu spielen. Diesem Dilemma liegt ein veraltetes Konzept des Lernens zugrunde.","og_url":"https:\/\/www.childrenfirst.ch\/de\/sollten-wir-in-den-ersten-jahren-unterrichten\/","og_site_name":"Children First","article_published_time":"2025-01-22T17:00:00+00:00","article_modified_time":"2025-02-28T08:36:56+00:00","og_image":[{"width":1000,"height":667,"url":"https:\/\/www.childrenfirst.ch\/wp-content\/uploads\/2024\/06\/96db22_ba0997692189413081bb4b4d888354b4mv2.webp","type":"image\/webp"}],"author":"admin","twitter_card":"summary_large_image","twitter_misc":{"Verfasst von":"admin","Gesch\u00e4tzte Lesezeit":"4\u00a0Minuten"},"schema":{"@context":"https:\/\/schema.org","@graph":[{"@type":"Article","@id":"https:\/\/www.childrenfirst.ch\/de\/sollten-wir-in-den-ersten-jahren-unterrichten\/#article","isPartOf":{"@id":"https:\/\/www.childrenfirst.ch\/de\/sollten-wir-in-den-ersten-jahren-unterrichten\/"},"author":{"name":"admin","@id":"https:\/\/www.childrenfirst.ch\/de\/#\/schema\/person\/a832af17dfc90d660f31f3157233c9fb"},"headline":"Sollten wir in den ersten Jahren unterrichten?","datePublished":"2025-01-22T17:00:00+00:00","dateModified":"2025-02-28T08:36:56+00:00","mainEntityOfPage":{"@id":"https:\/\/www.childrenfirst.ch\/de\/sollten-wir-in-den-ersten-jahren-unterrichten\/"},"wordCount":721,"publisher":{"@id":"https:\/\/www.childrenfirst.ch\/de\/#organization"},"image":{"@id":"https:\/\/www.childrenfirst.ch\/de\/sollten-wir-in-den-ersten-jahren-unterrichten\/#primaryimage"},"thumbnailUrl":"https:\/\/www.childrenfirst.ch\/wp-content\/uploads\/2024\/06\/96db22_ba0997692189413081bb4b4d888354b4mv2.webp","articleSection":["Konzept"],"inLanguage":"de"},{"@type":"WebPage","@id":"https:\/\/www.childrenfirst.ch\/de\/sollten-wir-in-den-ersten-jahren-unterrichten\/","url":"https:\/\/www.childrenfirst.ch\/de\/sollten-wir-in-den-ersten-jahren-unterrichten\/","name":"Sollten wir in den ersten Jahren unterrichten? - Children First","isPartOf":{"@id":"https:\/\/www.childrenfirst.ch\/de\/#website"},"primaryImageOfPage":{"@id":"https:\/\/www.childrenfirst.ch\/de\/sollten-wir-in-den-ersten-jahren-unterrichten\/#primaryimage"},"image":{"@id":"https:\/\/www.childrenfirst.ch\/de\/sollten-wir-in-den-ersten-jahren-unterrichten\/#primaryimage"},"thumbnailUrl":"https:\/\/www.childrenfirst.ch\/wp-content\/uploads\/2024\/06\/96db22_ba0997692189413081bb4b4d888354b4mv2.webp","datePublished":"2025-01-22T17:00:00+00:00","dateModified":"2025-02-28T08:36:56+00:00","breadcrumb":{"@id":"https:\/\/www.childrenfirst.ch\/de\/sollten-wir-in-den-ersten-jahren-unterrichten\/#breadcrumb"},"inLanguage":"de","potentialAction":[{"@type":"ReadAction","target":["https:\/\/www.childrenfirst.ch\/de\/sollten-wir-in-den-ersten-jahren-unterrichten\/"]}]},{"@type":"ImageObject","inLanguage":"de","@id":"https:\/\/www.childrenfirst.ch\/de\/sollten-wir-in-den-ersten-jahren-unterrichten\/#primaryimage","url":"https:\/\/www.childrenfirst.ch\/wp-content\/uploads\/2024\/06\/96db22_ba0997692189413081bb4b4d888354b4mv2.webp","contentUrl":"https:\/\/www.childrenfirst.ch\/wp-content\/uploads\/2024\/06\/96db22_ba0997692189413081bb4b4d888354b4mv2.webp","width":1000,"height":667},{"@type":"BreadcrumbList","@id":"https:\/\/www.childrenfirst.ch\/de\/sollten-wir-in-den-ersten-jahren-unterrichten\/#breadcrumb","itemListElement":[{"@type":"ListItem","position":1,"name":"Home","item":"https:\/\/www.childrenfirst.ch\/de\/"},{"@type":"ListItem","position":2,"name":"Sollten wir in den ersten Jahren unterrichten?"}]},{"@type":"WebSite","@id":"https:\/\/www.childrenfirst.ch\/de\/#website","url":"https:\/\/www.childrenfirst.ch\/de\/","name":"Children First","description":"International daycare, preschool and kindergarten","publisher":{"@id":"https:\/\/www.childrenfirst.ch\/de\/#organization"},"potentialAction":[{"@type":"SearchAction","target":{"@type":"EntryPoint","urlTemplate":"https:\/\/www.childrenfirst.ch\/de\/?s={search_term_string}"},"query-input":{"@type":"PropertyValueSpecification","valueRequired":true,"valueName":"search_term_string"}}],"inLanguage":"de"},{"@type":"Organization","@id":"https:\/\/www.childrenfirst.ch\/de\/#organization","name":"Children First","url":"https:\/\/www.childrenfirst.ch\/de\/","logo":{"@type":"ImageObject","inLanguage":"de","@id":"https:\/\/www.childrenfirst.ch\/de\/#\/schema\/logo\/image\/","url":"https:\/\/www.childrenfirst.ch\/wp-content\/uploads\/2024\/12\/logo-1.png","contentUrl":"https:\/\/www.childrenfirst.ch\/wp-content\/uploads\/2024\/12\/logo-1.png","width":305,"height":82,"caption":"Children First"},"image":{"@id":"https:\/\/www.childrenfirst.ch\/de\/#\/schema\/logo\/image\/"}},{"@type":"Person","@id":"https:\/\/www.childrenfirst.ch\/de\/#\/schema\/person\/a832af17dfc90d660f31f3157233c9fb","name":"admin","image":{"@type":"ImageObject","inLanguage":"de","@id":"https:\/\/secure.gravatar.com\/avatar\/530c0b7176af0851ac965188da35d9c62dcefbfc429a0cd148df5cec3e2abc82?s=96&d=mm&r=g","url":"https:\/\/secure.gravatar.com\/avatar\/530c0b7176af0851ac965188da35d9c62dcefbfc429a0cd148df5cec3e2abc82?s=96&d=mm&r=g","contentUrl":"https:\/\/secure.gravatar.com\/avatar\/530c0b7176af0851ac965188da35d9c62dcefbfc429a0cd148df5cec3e2abc82?s=96&d=mm&r=g","caption":"admin"},"url":"https:\/\/www.childrenfirst.ch\/de\/author\/mauricio\/"}]}},"_links":{"self":[{"href":"https:\/\/www.childrenfirst.ch\/de\/wp-json\/wp\/v2\/posts\/4010","targetHints":{"allow":["GET"]}}],"collection":[{"href":"https:\/\/www.childrenfirst.ch\/de\/wp-json\/wp\/v2\/posts"}],"about":[{"href":"https:\/\/www.childrenfirst.ch\/de\/wp-json\/wp\/v2\/types\/post"}],"author":[{"embeddable":true,"href":"https:\/\/www.childrenfirst.ch\/de\/wp-json\/wp\/v2\/users\/1"}],"replies":[{"embeddable":true,"href":"https:\/\/www.childrenfirst.ch\/de\/wp-json\/wp\/v2\/comments?post=4010"}],"version-history":[{"count":12,"href":"https:\/\/www.childrenfirst.ch\/de\/wp-json\/wp\/v2\/posts\/4010\/revisions"}],"predecessor-version":[{"id":6253,"href":"https:\/\/www.childrenfirst.ch\/de\/wp-json\/wp\/v2\/posts\/4010\/revisions\/6253"}],"wp:featuredmedia":[{"embeddable":true,"href":"https:\/\/www.childrenfirst.ch\/de\/wp-json\/wp\/v2\/media\/317"}],"wp:attachment":[{"href":"https:\/\/www.childrenfirst.ch\/de\/wp-json\/wp\/v2\/media?parent=4010"}],"wp:term":[{"taxonomy":"category","embeddable":true,"href":"https:\/\/www.childrenfirst.ch\/de\/wp-json\/wp\/v2\/categories?post=4010"},{"taxonomy":"post_tag","embeddable":true,"href":"https:\/\/www.childrenfirst.ch\/de\/wp-json\/wp\/v2\/tags?post=4010"}],"curies":[{"name":"wp","href":"https:\/\/api.w.org\/{rel}","templated":true}]}}